{"id":143454,"date":"2026-01-15T22:29:09","date_gmt":"2026-01-15T22:29:09","guid":{"rendered":"https:\/\/www.europesays.com\/fi\/143454\/"},"modified":"2026-01-15T22:29:09","modified_gmt":"2026-01-15T22:29:09","slug":"18-vuotias-korkeushyppytahti-ella-mikkola-mykisti-mustassa-iltapuvussa-urheilugaalassa","status":"publish","type":"post","link":"https:\/\/www.europesays.com\/fi\/143454\/","title":{"rendered":"18-vuotias korkeushyppyt\u00e4hti Ella Mikkola mykisti mustassa iltapuvussa Urheilugaalassa."},"content":{"rendered":"<p>            Tomi Natri \/ All Over Press\n        <\/p>\n<p class=\"subtitle \">Korkeussensaatio nauttii juhlatunnelmasta ja salamavaloista.<\/p>\n<p class=\"article-content article-content-width !bg-background\">Korkeushypp\u00e4\u00e4j\u00e4 , 18, on takanaan melkoinen vuosi.<\/p>\n<p class=\"font-weight-bold m-font-weight-bold article-content article-content-width !bg-background\">Videolla Ella Mikkola Urheilugaalassa:<\/p>\n<p class=\"article-content article-content-width !bg-background\">Nuori tamperelainen nousi kertaheitolla koko kansan tietoisuuteen.<\/p>\n<p class=\"article-content article-content-width !bg-background\">Viime kes\u00e4n\u00e4 Ella saavutti sensaatiomaisesti sek\u00e4 nuorten ett\u00e4 aikuisten SM-kultaa.<\/p>\n<p class=\"article-content article-content-width !bg-background\">Niiden jatkoksi kaulaan heilahti alle 19-vuotiaiden EM-hopeamitali.<\/p>\n<p class=\"article-content article-content-width !bg-background\">Kun viel\u00e4 Ruotsi-ottelukin meni putkeen, kutsu Urheilugaalaan oli taattu.<\/p>\n<p>        <a itemprop=\"url\" href=\"https:\/\/www.seiska.fi\/urheilu\/wilma-murto-aiheutti-jattikohun-urheilugaalassa-rehellinen-paljastus-parisuhteesta\/2047751\" rel=\"nofollow noopener\" target=\"_blank\"><\/p>\n<p>\nNyt puhuu Wilma Murto:\n<\/p>\n<p class=\"section-date\">\n        <strong class=\"article-section\" data-section=\"urheilu\"><br \/>\n            urheilu<br \/>\n        <\/strong><br \/>\n        19:30\n    <\/p>\n<p>Wilma Murto aiheutti j\u00e4ttikohun Urheilugaalassa \u2013 rehellinen paljastus parisuhteesta\n    <\/p>\n<p itemprop=\"description\" class=\"subtitle \">\n    Seiv\u00e4st\u00e4hti tilitt\u00e4\u00e4 avoimesti tuntojaan Seiskan haastattelussa.\n<\/p>\n<p>        <\/a><\/p>\n<p>                <img decoding=\"async\" src=\"https:\/\/www.europesays.com\/fi\/wp-content\/uploads\/2026\/01\/2047906.webp.jpeg\" width=\"576\" height=\"322\" alt=\"Ella Mikkola h\u00e4ik\u00e4isi kauneudellaan Urheilugaalassa.\" loading=\"lazy\" \/>            <\/p>\n<p>\n            Ella Mikkola h\u00e4ik\u00e4isi kauneudellaan Urheilugaalassa.<br \/>\n            Tomi Natri \/ All Over Press\n        <\/p>\n<p>Kuin filmit\u00e4hti konsanaan<\/p>\n<p class=\"article-content article-content-width !bg-background\">Torstai-iltana Tampereen Pyrint\u00f6\u00e4 edustava Ella saapui el\u00e4m\u00e4ns\u00e4 ensimm\u00e4ist\u00e4 kertaa Urheilugaalaan.<\/p>\n<p class=\"article-content article-content-width !bg-background\">Moni ei tosin meinannut tunnistaa Ellaa, joka on totuttu n\u00e4kem\u00e4\u00e4n urheiluasussa.<\/p>\n<p>        <a itemprop=\"url\" href=\"https:\/\/www.seiska.fi\/urheilu\/emma-kimilainen-loksautti-leuat-upeassa-haalariasussa-suhdeasioista-paljonpuhuva-kommentti\/2047806\" rel=\"nofollow noopener\" target=\"_blank\"><\/p>\n<p>\nTyylikk\u00e4\u00e4n\u00e4 Urheilugaalassa\n<\/p>\n<p class=\"section-date\">\n        <strong class=\"article-section\" data-section=\"urheilu\"><br \/>\n            urheilu<br \/>\n        <\/strong><br \/>\n        20:11\n    <\/p>\n<p>Emma Kimil\u00e4inen loksautti leuat upeassa haalariasussa \u2013 suhdeasioista paljonpuhuva kommentti\n    <\/p>\n<p itemprop=\"description\" class=\"subtitle \">\n    MM-titteleit\u00e4 rohmuava kilpakuski k\u00e4\u00e4nsi katseita Urheilugaalassa.\n<\/p>\n<p>        <\/a><\/p>\n<p class=\"article-content article-content-width !bg-background\">T\u00e4ll\u00e4 kertaa hikivermeet olivat vaihtuneet maailmanluokan mustaan luomukseen, joka sai Mikkolan muistuttamaan Hollywoodin filmit\u00e4hte\u00e4.<\/p>\n<p class=\"article-content article-content-width !bg-background\">\u2013 Siis kuka h\u00e4n on? er\u00e4skin median edustaja h\u00e4mm\u00e4steli h\u00e4net n\u00e4hdess\u00e4\u00e4n.<\/p>\n<p>                <img decoding=\"async\" src=\"https:\/\/www.europesays.com\/fi\/wp-content\/uploads\/2026\/01\/2047878.webp.jpeg\" width=\"576\" height=\"720\" alt=\"Nuori korkeussensaatio oli kuin filmit\u00e4hti.\" loading=\"lazy\" \/>            <\/p>\n<p>\n            Nuori korkeussensaatio oli kuin filmit\u00e4hti.<br \/>\n            Timo Korhonen\n        <\/p>\n<p>\u201cEi v\u00e4ltt\u00e4m\u00e4tt\u00e4 tunnista\u201d<\/p>\n<p class=\"article-content article-content-width !bg-background\">Vaikka ik\u00e4\u00e4 on vasta 18 vuotta, kyps\u00e4n oloinen Ella vastailee tottuneesti median kysymyksiin.<\/p>\n<p class=\"article-content article-content-width !bg-background\">H\u00e4nt\u00e4 huvitti silminn\u00e4hden Seiskan reportterin huomautus siit\u00e4, etteiv\u00e4t kaikki v\u00e4ltt\u00e4m\u00e4tt\u00e4 edes tunnista h\u00e4nt\u00e4 juhlavermeiss\u00e4.<\/p>\n<p class=\"article-content article-content-width !bg-background\">\u2013 T\u00e4\u00e4ll\u00e4 punaisella matolla mua ei v\u00e4ltt\u00e4m\u00e4tt\u00e4 tunnistakaan, h\u00e4n myh\u00e4ili.<\/p>\n<p class=\"article-content article-content-width !bg-background\">\u2013 Onhan se kiva, ett\u00e4 p\u00e4\u00e4see v\u00e4lill\u00e4 v\u00e4h\u00e4n erilaisiin tunnelmiin.<\/p>\n<p>                <img decoding=\"async\" src=\"https:\/\/www.europesays.com\/fi\/wp-content\/uploads\/2026\/01\/2047884.webp.jpeg\" width=\"576\" height=\"322\" alt=\"Ella on poikkeuksellisen lahjakas yleisurheilija.\" loading=\"lazy\" \/>            <\/p>\n<p>\n            Ella on poikkeuksellisen lahjakas yleisurheilija.<br \/>\n            Tomi Natri \/ All Over Press\n        <\/p>\n<p>Asennetta Mansesta<\/p>\n<p class=\"article-content article-content-width !bg-background\">Ella on paljasjalkainen tamperelainen, muttei miell\u00e4 itse\u00e4\u00e4n pesunkest\u00e4v\u00e4ksi pirkanmaalaiseksi.<\/p>\n<p>        <a itemprop=\"url\" href=\"https:\/\/www.seiska.fi\/urheilu\/janne-ahonen-esitteli-rakkaansa-kuva\/2047703\" rel=\"nofollow noopener\" target=\"_blank\"><\/p>\n<p>\nEdustivat yhdess\u00e4\n<\/p>\n<p class=\"section-date\">\n        <strong class=\"article-section\" data-section=\"urheilu\"><br \/>\n            urheilu<br \/>\n        <\/strong><br \/>\n        18:05\n    <\/p>\n<p>Janne Ahonen esitteli rakkaansa \u2013 kuva!\n    <\/p>\n<p itemprop=\"description\" class=\"subtitle \">\n    Kaunotar edusti Jannen seurassa Urheilugaalassa.\n<\/p>\n<p>        <\/a><\/p>\n<p class=\"article-content article-content-width !bg-background\">\u2013 Moni usein sanookin, ett\u00e4 ei v\u00e4ltt\u00e4m\u00e4tt\u00e4 huomaisi esimerkiksi mist\u00e4\u00e4n murteesta tai muusta, ett\u00e4 olen Tampereelta.<\/p>\n<p class=\"article-content article-content-width !bg-background\">\u2013 Ehk\u00e4 minussa vain on sellaista tamperelaista asennetta.<\/p>\n<p>                <img decoding=\"async\" src=\"https:\/\/www.europesays.com\/fi\/wp-content\/uploads\/2026\/01\/2047886.webp.jpeg\" width=\"576\" height=\"322\" alt=\"Ella edustaa kotikaupunkinsa Tampereen Pyrint\u00f6\u00e4.\" loading=\"lazy\" \/>            <\/p>\n<p>\n            Ella edustaa kotikaupunkinsa Tampereen Pyrint\u00f6\u00e4.<br \/>\n            Tomi Natri \/ All Over Press\n        <\/p>\n<p>Huima lahjakkuus<\/p>\n<p class=\"article-content article-content-width !bg-background\">H\u00e4rm\u00e4\u00e4n ei ihan joka vuosi putkahda Ellan tasoisia yleisurheilulahjakkuuksia.<\/p>\n<p class=\"article-content article-content-width !bg-background\">Nuori tamperelainen sanoo olevansa enemm\u00e4n kuin tyytyv\u00e4inen menneeseen yleisurheilukauteen.<\/p>\n<p>        <a itemprop=\"url\" href=\"https:\/\/www.seiska.fi\/urheilu\/nyt-puhuu-musti-sami-jauhojarvelta-suorat-sanat-vilma-nissisen-jattikohusta\/2046264\" rel=\"nofollow noopener\" target=\"_blank\"><\/p>\n<p>\nNyt puhuu Musti!\n<\/p>\n<p class=\"section-date\">\n        <strong class=\"article-section\" data-section=\"urheilu\"><br \/>\n            urheilu<br \/>\n        <\/strong><br \/>\n        11:32\n    <\/p>\n<p>Nyt puhuu Musti! Sami Jauhoj\u00e4rvelt\u00e4 suorat sanat Vilma Nissisen j\u00e4ttikohusta\n    <\/p>\n<p itemprop=\"description\" class=\"subtitle \">\n    Olympiavoittaja ja hiihtoasiantuntija on puolensa valinnut.\n<\/p>\n<p>        <\/a><\/p>\n<p class=\"article-content article-content-width !bg-background\">\u2013 No menih\u00e4n se aika kivasti, suunnitelmien mukaan. Se, mit\u00e4 l\u00e4hdettiin hakemaan, tuli my\u00f6s saavutettua, Ella sanoo j\u00e4m\u00e4k\u00e4sti.<\/p>\n<p class=\"article-content article-content-width !bg-background\">Jos kehitys jatkuu samanlaisena eik\u00e4 pahoja loukkaantumisia synny, Ella voi hyvinkin s\u00e4v\u00e4ytt\u00e4\u00e4 Los Angelesissa 2028.<\/p>\n<p>                <img decoding=\"async\" src=\"https:\/\/www.europesays.com\/fi\/wp-content\/uploads\/2026\/01\/2047888.webp.jpeg\" width=\"576\" height=\"322\" alt=\"Ella Mikkola on korkeushypyn Suomen mestari.\" loading=\"lazy\" \/>            <\/p>\n<p>\n            Ella Mikkola on korkeushypyn Suomen mestari.<br \/>\n            Tomi Natri \/ All Over Press\n        <\/p>\n","protected":false},"excerpt":{"rendered":"Tomi Natri \/ All Over Press Korkeussensaatio nauttii juhlatunnelmasta ja salamavaloista. Korkeushypp\u00e4\u00e4j\u00e4 , 18, on takanaan melkoinen vuosi.&hellip;\n","protected":false},"author":2,"featured_media":143455,"comment_status":"","ping_status":"","sticky":false,"template":"","format":"standard","meta":{"footnotes":""},"categories":[130],"tags":[24582,137,33,31,30,24581,23563,8154,32,18537,160,24580,24575,1700,109,162],"class_list":{"0":"post-143454","1":"post","2":"type-post","3":"status-publish","4":"format-standard","5":"has-post-thumbnail","7":"category-viihde","8":"tag-ella-mikkola","9":"tag-entertainment","10":"tag-fi","11":"tag-finland","12":"tag-finnish","13":"tag-korkeushyppaaja","14":"tag-korkeushyppy","15":"tag-suomen-mestari","16":"tag-suomi","17":"tag-tampereen-pyrinto","18":"tag-urheilu","19":"tag-urheilugaala","20":"tag-urheilugaala-2026","21":"tag-urheilulaji","22":"tag-viihde","23":"tag-yleisurheilu"},"share_on_mastodon":{"url":"https:\/\/pubeurope.com\/@fi\/115901481874142882","error":""},"_links":{"self":[{"href":"https:\/\/www.europesays.com\/fi\/wp-json\/wp\/v2\/posts\/143454","targetHints":{"allow":["GET"]}}],"collection":[{"href":"https:\/\/www.europesays.com\/fi\/wp-json\/wp\/v2\/posts"}],"about":[{"href":"https:\/\/www.europesays.com\/fi\/wp-json\/wp\/v2\/types\/post"}],"author":[{"embeddable":true,"href":"https:\/\/www.europesays.com\/fi\/wp-json\/wp\/v2\/users\/2"}],"replies":[{"embeddable":true,"href":"https:\/\/www.europesays.com\/fi\/wp-json\/wp\/v2\/comments?post=143454"}],"version-history":[{"count":0,"href":"https:\/\/www.europesays.com\/fi\/wp-json\/wp\/v2\/posts\/143454\/revisions"}],"wp:featuredmedia":[{"embeddable":true,"href":"https:\/\/www.europesays.com\/fi\/wp-json\/wp\/v2\/media\/143455"}],"wp:attachment":[{"href":"https:\/\/www.europesays.com\/fi\/wp-json\/wp\/v2\/media?parent=143454"}],"wp:term":[{"taxonomy":"category","embeddable":true,"href":"https:\/\/www.europesays.com\/fi\/wp-json\/wp\/v2\/categories?post=143454"},{"taxonomy":"post_tag","embeddable":true,"href":"https:\/\/www.europesays.com\/fi\/wp-json\/wp\/v2\/tags?post=143454"}],"curies":[{"name":"wp","href":"https:\/\/api.w.org\/{rel}","templated":true}]}}