{"id":143460,"date":"2026-01-15T22:34:09","date_gmt":"2026-01-15T22:34:09","guid":{"rendered":"https:\/\/www.europesays.com\/fi\/143460\/"},"modified":"2026-01-15T22:34:09","modified_gmt":"2026-01-15T22:34:09","slug":"luumaen-kunnanjohtajaksi-22-hakijaa-katso-nimet-paikalliset","status":"publish","type":"post","link":"https:\/\/www.europesays.com\/fi\/143460\/","title":{"rendered":"Luum\u00e4en kunnanjohtajaksi 22 hakijaa\u2009\u2013\u2009Katso nimet | Paikalliset"},"content":{"rendered":"<p>Luum\u00e4ell\u00e4 avoimeksi julkistettua kunnanjohtajan paikkaa haki ensimm\u00e4isell\u00e4 hakukierroksella 22 henkil\u00f6\u00e4. Kunnanhallitus p\u00e4\u00e4tti maanantaisessa kokouksessaan jatkaa hakuaikaa 12. helmikuuta asti.<\/p>\n<p>Vt. kunnanjohtajan <strong>Kai K\u00f6n\u00f6sen<\/strong> mukaan osa hakijoista ei t\u00e4yt\u00e4 teht\u00e4v\u00e4n kelpoisuusehtoja. Hakijoiden joukossa on muun muassa talonmies, sekaty\u00f6ntekij\u00e4 ja sairaanhoitaja.<\/p>\n<p>Yksik\u00e4\u00e4n t\u00e4h\u00e4nastisista hakijoista ei ty\u00f6skentele kunnanjohtajan teht\u00e4v\u00e4ss\u00e4 muussa kunnassa, ja vain kaksi on t\u00e4ll\u00e4 hetkell\u00e4 ty\u00f6ss\u00e4 kunta-alalla.<\/p>\n<p>Luum\u00e4ell\u00e4 on meneill\u00e4\u00e4n erikoinen tilanne, sill\u00e4 kunnanvaltuuston tammikuussa 2025 tekem\u00e4 p\u00e4\u00e4t\u00f6s kunnanjohtaja <strong>Risto Alaheikan<\/strong> irtisanomisesta on <a href=\"https:\/\/www.kouvolansanomat.fi\/paikalliset\/9133076\" rel=\"nofollow noopener\" target=\"_blank\">kumottu hallinto-oikeuden p\u00e4\u00e4t\u00f6ksell\u00e4<\/a>.<\/p>\n<p>Kunta ei valita p\u00e4\u00e4t\u00f6ksest\u00e4, vaan pyrkii ratkaisemaan asian neuvotteluteitse. Alaheikalla ei my\u00f6sk\u00e4\u00e4n ole ty\u00f6velvoitetta.<\/p>\n<p><strong class=\"diks-storyline__impact\">Vt. kunnanjohtaja<\/strong> Kai K\u00f6n\u00f6nen toteaa s\u00e4hk\u00f6postitse olevansa kunnanvaltuuston p\u00e4\u00e4t\u00f6ksell\u00e4 sitoutunut hoitamaan teht\u00e4v\u00e4\u00e4 enimmill\u00e4\u00e4n huhtikuun 2026 loppuun asti. H\u00e4n ei kuitenkaan suoraan vastaa kysymykseen, voisiko olla k\u00e4ytett\u00e4viss\u00e4 kunnanjohtajan paikkaa t\u00e4ytett\u00e4ess\u00e4.<\/p>\n<p>\u2013\u2009Alin el\u00e4keik\u00e4ni on t\u00e4yttynyt marraskuussa 2025, mietin tulevia seikkailuja my\u00f6hemmin, h\u00e4n kuittaa vastauksessaan.<\/p>\n<p>Kunnanhallitus sis\u00e4llytti p\u00e4\u00e4t\u00f6kseen hakuajan jatkamisesta lauseen, jossa todetaan, ett\u00e4 suostumusmenettelyn osalta toimitaan voimassa olevien lakien mukaisesti. Suostumusmenettely merkitsee, ett\u00e4 kunta voi tiedustella sopivien henkil\u00f6iden suostumusta teht\u00e4v\u00e4\u00e4n ja tehd\u00e4 valinnan my\u00f6s julkisen haun ulkopuolelta.<\/p>\n<p>\t\t\t\tKunnanjohtajan teht\u00e4v\u00e4\u00e4n 12.1. menness\u00e4 hakeneet:<\/p>\n<p><strong>Andrell Sauli<\/strong>, Lappeenranta, sekaty\u00f6 2000\u20132025<\/p>\n<p><strong>Avelin Anssi<\/strong>, Neuvoton, koulutusp\u00e4\u00e4llikk\u00f6 Etel\u00e4-Kymenlaakson ammattiopisto\/Ekami<\/p>\n<p><strong>Helonen Taru<\/strong>, Helsinki, opettaja, Step-koulutus<\/p>\n<p><strong>Hiltunen Matti<\/strong>, Lappeenranta, yritt\u00e4j\u00e4, Nuija Distillery Oy<\/p>\n<p><strong>Hyyryl\u00e4inen Ville<\/strong>, Lappeenranta, projektip\u00e4\u00e4llikk\u00f6, Mikkelin kehitysyhti\u00f6 Miksei Oy<\/p>\n<p><strong>H\u00e4rk\u00f6nen Jarmo Juhani Otto<\/strong>, business advisor, Helsinki Metropolia ammattikorkeakoulu<\/p>\n<p><strong>H\u00f6ls\u00e4 Jouni Tapani<\/strong>, Lappeenranta, sairaanhoitaja, Eksote p\u00e4ivystysosasto<\/p>\n<p><strong>Ibrahim Ahmed<\/strong>, Lappeenranta, logistiikkajohtaja Atma Trade Oy<\/p>\n<p><strong>Iihola Jouni<\/strong>, Vantaa, virkailija, Hertz<\/p>\n<p><strong>Ilves Ilpo<\/strong>, Imatra<\/p>\n<p><strong>Jalkanen Kari V\u00e4in\u00f6 Ilmari<\/strong>, Joensuu, mets\u00e4asiantuntija StoraEnso Oyj<\/p>\n<p><strong>Kilpi\u00e4 Ville Heikki Tuomas<\/strong>, Sein\u00e4joki, viestinn\u00e4n sek\u00e4 liikunta- ja urheilupsykologian opettaja, Lapin ammattikorkeakoulu<\/p>\n<p><strong>Koskenlaine Sirpa<\/strong>, Pyh\u00e4tunturi, hyvinvointijohtaja, Pelkosenniemen kunta<\/p>\n<p><strong>Liiri Juho<\/strong>, Lappeenranta, toiminnanjohtaja, LAB-ammattikorkeakoulun opiskelijakunta KOE<\/p>\n<p><strong>Lindroos Nina Eve-Liina<\/strong>, Espoo, perustaja ja toimitusjohtaja, Voiskojoku Oy<\/p>\n<p><strong>Rantalainen Samu Tuukka Olavi<\/strong>, talonmies, Joutseno, Ratalehto Oy<\/p>\n<p><strong>Salomaa Aleksi Juho Ensio<\/strong>, Nokia, yleinen edunvalvoja, Lappaj\u00e4rven kunta<\/p>\n<p><strong>Saranhelmi Tiina Tuulikki Sophia<\/strong>, K\u00e4rv\u00e4sj\u00e4rvi, majoituspalvelut ja verkkokauppa, Valkoinen Puoti<\/p>\n<p><strong>Sarjala Liisa Maria<\/strong>, Espoo, toimitusjohtaja, Vantaan Tilapalvelut Vantti Oy<\/p>\n<p><strong>Sinisalo Pekka Markus Veikkola<\/strong>, yksik\u00f6n johtaja, esihenkil\u00f6iden ty\u00f6suojeluvaltuutettu ja vastaanottokeskuksen johtaja, Kotokunta Oy<\/p>\n<p><strong>Tamminen Konsta<\/strong>, Kannuskoski, projektip\u00e4\u00e4llikk\u00f6, Sitowise Oy<\/p>\n<p><strong>Vaara Aimo Kristian<\/strong>, Rovaniemi, talousasiantuntija, Lapin hyvinvointialue<\/p>\n<p>Hakijaluettelon julkaisi ensimm\u00e4isen\u00e4 Kuntalehti.<\/p>\n","protected":false},"excerpt":{"rendered":"Luum\u00e4ell\u00e4 avoimeksi julkistettua kunnanjohtajan paikkaa haki ensimm\u00e4isell\u00e4 hakukierroksella 22 henkil\u00f6\u00e4. Kunnanhallitus p\u00e4\u00e4tti maanantaisessa kokouksessaan jatkaa hakuaikaa 12. helmikuuta&hellip;\n","protected":false},"author":2,"featured_media":143461,"comment_status":"","ping_status":"","sticky":false,"template":"","format":"standard","meta":{"footnotes":""},"categories":[12],"tags":[681,22,23,400,26,27,33,31,30,17,2353,736,24583,1833,24,25,2525,28,29,15,18,21,32,19,20,16],"class_list":{"0":"post-143460","1":"post","2":"type-post","3":"status-publish","4":"format-standard","5":"has-post-thumbnail","7":"category-suomi","8":"tag-alue-ja-paikallishallinto","9":"tag-breaking-news","10":"tag-breakingnews","11":"tag-espoo","12":"tag-featured-news","13":"tag-featurednews","14":"tag-fi","15":"tag-finland","16":"tag-finnish","17":"tag-headlines","18":"tag-hotellit-ja-majoitus","19":"tag-imatra","20":"tag-kannuskoski","21":"tag-kunnat","22":"tag-latest-news","23":"tag-latestnews","24":"tag-luumaki","25":"tag-main-news","26":"tag-mainnews","27":"tag-news","28":"tag-otsikot","29":"tag-paauutiset","30":"tag-suomi","31":"tag-top-stories","32":"tag-topstories","33":"tag-uutiset"},"share_on_mastodon":{"url":"https:\/\/pubeurope.com\/@fi\/115901501588168685","error":""},"_links":{"self":[{"href":"https:\/\/www.europesays.com\/fi\/wp-json\/wp\/v2\/posts\/143460","targetHints":{"allow":["GET"]}}],"collection":[{"href":"https:\/\/www.europesays.com\/fi\/wp-json\/wp\/v2\/posts"}],"about":[{"href":"https:\/\/www.europesays.com\/fi\/wp-json\/wp\/v2\/types\/post"}],"author":[{"embeddable":true,"href":"https:\/\/www.europesays.com\/fi\/wp-json\/wp\/v2\/users\/2"}],"replies":[{"embeddable":true,"href":"https:\/\/www.europesays.com\/fi\/wp-json\/wp\/v2\/comments?post=143460"}],"version-history":[{"count":0,"href":"https:\/\/www.europesays.com\/fi\/wp-json\/wp\/v2\/posts\/143460\/revisions"}],"wp:featuredmedia":[{"embeddable":true,"href":"https:\/\/www.europesays.com\/fi\/wp-json\/wp\/v2\/media\/143461"}],"wp:attachment":[{"href":"https:\/\/www.europesays.com\/fi\/wp-json\/wp\/v2\/media?parent=143460"}],"wp:term":[{"taxonomy":"category","embeddable":true,"href":"https:\/\/www.europesays.com\/fi\/wp-json\/wp\/v2\/categories?post=143460"},{"taxonomy":"post_tag","embeddable":true,"href":"https:\/\/www.europesays.com\/fi\/wp-json\/wp\/v2\/tags?post=143460"}],"curies":[{"name":"wp","href":"https:\/\/api.w.org\/{rel}","templated":true}]}}