{"id":143462,"date":"2026-01-15T22:35:09","date_gmt":"2026-01-15T22:35:09","guid":{"rendered":"https:\/\/www.europesays.com\/fi\/143462\/"},"modified":"2026-01-15T22:35:09","modified_gmt":"2026-01-15T22:35:09","slug":"hifkn-tahdelle-ankara-rangaistus","status":"publish","type":"post","link":"https:\/\/www.europesays.com\/fi\/143462\/","title":{"rendered":"HIFK:n t\u00e4hdelle ankara rangaistus"},"content":{"rendered":"<p>Iiro Pakarinen sai pelikieltoa.<\/p>\n<p><img decoding=\"async\" class=\"image image-show image-preview\" src=\"https:\/\/www.europesays.com\/fi\/wp-content\/uploads\/2026\/01\/6fc05430c4179569e1d153007fe180c46b13d0931369376fb6dc1e67e4d07acb.jpg\" alt=\"\"\/><img decoding=\"async\" class=\"image image-show\" src=\"https:\/\/www.europesays.com\/fi\/wp-content\/uploads\/2026\/01\/1768516509_345_6fc05430c4179569e1d153007fe180c46b13d0931369376fb6dc1e67e4d07acb.jpg\" alt=\"\"\/><\/p>\n<p>Iiro Pakarinen tulitti HIFK:lle viime kaudella 30 maalia. matti raivio \/ aop<\/p>\n<p class=\"paragraph\">SM-liigan kurinpito on l\u00e4tk\u00e4issyt HIFK:n <a href=\"https:\/\/www.iltalehti.fi\/henkilot\/Iiro Pakarinen\" class=\"article-link-person-page\" rel=\"nofollow noopener\" target=\"_blank\">Iiro Pakariselle<\/a> kolmen ottelun pelikiellon.<\/p>\n<p class=\"paragraph\">Pakarinen taklasi keskiviikkona KooKoon <a href=\"https:\/\/www.iltalehti.fi\/henkilot\/Samuel Valkeej\u00e4rvi\" class=\"article-link-person-page\" rel=\"nofollow noopener\" target=\"_blank\">Samuel Valkeej\u00e4rve\u00e4<\/a> p\u00e4\u00e4n seudulle ja lensi suihkuun.<\/p>\n<p class=\"paragraph\">Kurinpitodelegaatio n\u00e4ki tilanteen jatkorangaistuksen arvoiseksi.<\/p>\n<p class=\"paragraph\">\u2013 Taklaus suuntautuu Valkeej\u00e4rven etupuolelle, ja taklauksessa Pakarisen vasemmasta olkap\u00e4\u00e4st\u00e4 aiheutuu suora kontakti Valkeej\u00e4rve\u00e4 p\u00e4\u00e4h\u00e4n, delegaatio <a href=\"https:\/\/www.liiga.fi\/fi\/uutiset\/hifk-n-iiro-pakariselle-kolmen-ottelun-pelikielto\" target=\"_blank\" rel=\"noopener nofollow\">tiedottaa<\/a>.<\/p>\n<p class=\"paragraph\">\u2013 Taklauksen kohdistuminen vastustajan p\u00e4\u00e4h\u00e4n olisi ollut v\u00e4ltett\u00e4viss\u00e4 suuntaamalla taklaus paremmin vartalolinjaan eik\u00e4 t\u00e4m\u00e4n etupuolelle. Lis\u00e4ksi kurinpitodelegaatio toteaa, ett\u00e4 taklaus suuntautuu yl\u00f6sp\u00e4in, ja taklaushetkell\u00e4 Pakarisen luistimet ovat hieman irti j\u00e4\u00e4st\u00e4, tiedote jatkuu.<\/p>\n<p class=\"paragraph\">Pakariselta j\u00e4\u00e4v\u00e4t v\u00e4liin HIFK:n ottelut Tapparaa (16.1.), Kiekko-Espoota (17.1.) ja Sportia (21.1.) vastaan.<\/p>\n<p class=\"paragraph\">Pakarinen ehti pelata vasta nelj\u00e4 ottelua loukkaannuttuaan syksyll\u00e4 pahasti. H\u00e4n on tehnyt tehopisteet 1+1.<\/p>\n","protected":false},"excerpt":{"rendered":"Iiro Pakarinen sai pelikieltoa. Iiro Pakarinen tulitti HIFK:lle viime kaudella 30 maalia. matti raivio \/ aop SM-liigan kurinpito&hellip;\n","protected":false},"author":2,"featured_media":143463,"comment_status":"","ping_status":"","sticky":false,"template":"","format":"standard","meta":{"footnotes":""},"categories":[5],"tags":[35,1144,22,23,26,27,33,31,30,17,1143,24,25,41,28,29,1146,15,18,21,32,1145,19,20,16],"class_list":{"0":"post-143462","1":"post","2":"type-post","3":"status-publish","4":"format-standard","5":"has-post-thumbnail","7":"category-otsikot","8":"tag-24h","9":"tag-ammattilaisjaakiekko","10":"tag-breaking-news","11":"tag-breakingnews","12":"tag-featured-news","13":"tag-featurednews","14":"tag-fi","15":"tag-finland","16":"tag-finnish","17":"tag-headlines","18":"tag-jaakiekko","19":"tag-latest-news","20":"tag-latestnews","21":"tag-liikunta-ja-urheilu","22":"tag-main-news","23":"tag-mainnews","24":"tag-miesten-jaakiekko","25":"tag-news","26":"tag-otsikot","27":"tag-paauutiset","28":"tag-suomi","29":"tag-talviurheilu","30":"tag-top-stories","31":"tag-topstories","32":"tag-uutiset"},"share_on_mastodon":{"url":"https:\/\/pubeurope.com\/@fi\/115901505412669527","error":""},"_links":{"self":[{"href":"https:\/\/www.europesays.com\/fi\/wp-json\/wp\/v2\/posts\/143462","targetHints":{"allow":["GET"]}}],"collection":[{"href":"https:\/\/www.europesays.com\/fi\/wp-json\/wp\/v2\/posts"}],"about":[{"href":"https:\/\/www.europesays.com\/fi\/wp-json\/wp\/v2\/types\/post"}],"author":[{"embeddable":true,"href":"https:\/\/www.europesays.com\/fi\/wp-json\/wp\/v2\/users\/2"}],"replies":[{"embeddable":true,"href":"https:\/\/www.europesays.com\/fi\/wp-json\/wp\/v2\/comments?post=143462"}],"version-history":[{"count":0,"href":"https:\/\/www.europesays.com\/fi\/wp-json\/wp\/v2\/posts\/143462\/revisions"}],"wp:featuredmedia":[{"embeddable":true,"href":"https:\/\/www.europesays.com\/fi\/wp-json\/wp\/v2\/media\/143463"}],"wp:attachment":[{"href":"https:\/\/www.europesays.com\/fi\/wp-json\/wp\/v2\/media?parent=143462"}],"wp:term":[{"taxonomy":"category","embeddable":true,"href":"https:\/\/www.europesays.com\/fi\/wp-json\/wp\/v2\/categories?post=143462"},{"taxonomy":"post_tag","embeddable":true,"href":"https:\/\/www.europesays.com\/fi\/wp-json\/wp\/v2\/tags?post=143462"}],"curies":[{"name":"wp","href":"https:\/\/api.w.org\/{rel}","templated":true}]}}