{"id":143467,"date":"2026-01-15T22:54:11","date_gmt":"2026-01-15T22:54:11","guid":{"rendered":"https:\/\/www.europesays.com\/fi\/143467\/"},"modified":"2026-01-15T22:54:11","modified_gmt":"2026-01-15T22:54:11","slug":"jonas-brodin-loukkaantui-olympialaisiin-osallistuminen-vaarassa","status":"publish","type":"post","link":"https:\/\/www.europesays.com\/fi\/143467\/","title":{"rendered":"Jonas Brodin loukkaantui, olympialaisiin osallistuminen vaarassa"},"content":{"rendered":"<p><strong class=\"typography-bold\">Loukkaantuneen ruotsalaispuolustaja Jonas Brodinin osallistuminen j\u00e4\u00e4kiekon olympiaturnaukseen on uhattuna. N\u00e4in arvioi The Athleticin arvostettu toimittaja Michael Russo.<\/strong><\/p>\n<p>NHL-seura Minnesota Wildin p\u00e4\u00e4valmentaja <strong class=\"typography-bold\">John Hynes<\/strong> kertoi torstaina joukkueensa puolustaja Jonas Brodinin k\u00e4rsiv\u00e4n alavartalovammasta. 32-vuotiaan ruotsalaisen tilaa tarkkaillaan viikko viikolta.<\/p>\n<p><a class=\"underline\" data-testid=\"external-link\" href=\"https:\/\/www.nytimes.com\/athletic\/6974040\/2026\/01\/15\/jonas-brodin-injury-wild-sweden-olympics\/?source=emp_shared_article\" rel=\"noopener noreferrer nofollow\" target=\"_blank\" data-sentry-component=\"ExternalLink\" data-sentry-source-file=\"ExternalLink.tsx\">The Athletic<\/a> kirjoittaa, ett\u00e4 suurena kysymyksen\u00e4 on, onko Ruotsin olympiajoukkueeseen nimetyn Brodinin osallistuminen viiden renkaan kisoihin vaarassa. Hynes ei l\u00e4htenyt moista ennustamaan, mutta The Athleticin toimittaja Michael Russo arvioi <a class=\"underline\" data-testid=\"external-link\" href=\"https:\/\/x.com\/RussoHockey\/status\/2011845329700962699\" rel=\"noopener noreferrer nofollow\" target=\"_blank\" data-sentry-component=\"ExternalLink\" data-sentry-source-file=\"ExternalLink.tsx\">X:ss\u00e4<\/a>, ett\u00e4 vaara on olemassa.<\/p>\n<p>Brodin on k\u00e4rsinyt vammasta jo jonkin aikaa. Joulukuussa h\u00e4nelt\u00e4 j\u00e4i sen my\u00f6t\u00e4 v\u00e4liin nelj\u00e4 ottelua.<\/p>\n<p>\u2013 Se ei tapahtunut yhdess\u00e4 ottelussa. Se on jotain v\u00e4hitellen kasautunutta, Hynes sanoi.<\/p>\n<p>Maailmanmestari<\/p>\n<p>Kokenut Brodin on pelannut NHL-urallaan 968 ottelua. H\u00e4n on edustanut Ruotsia neljiss\u00e4 miesten MM-kisoissa ja voittanut maailmanmestaruuden vuonna 2017. Miehen tilille on tullut my\u00f6s kaksi MM-pronssia.<\/p>\n<p>Aiemmin t\u00e4ll\u00e4 viikolla uutisoitiin Ruotsin olympiajoukkueeseen niin ik\u00e4\u00e4n nimetyn Pittsburgh Penguinsin NHL-t\u00e4htipuolustaja <a class=\"cursor-pointer underline\" data-testid=\"internal-link\" role=\"link\" data-sentry-element=\"Link\" data-sentry-component=\"InternalLink\" data-sentry-source-file=\"InternalLink.tsx\" href=\"https:\/\/www.mtvuutiset.fi\/artikkeli\/ruotsi-jannittaa-nhl-tahti-erik-karlssonin-loukkaantumisesta-tipahti-arvio\/9281874\" rel=\"nofollow noopener\" target=\"_blank\"> loukkaantumisesta<\/a>.\u00a0<\/p>\n","protected":false},"excerpt":{"rendered":"Loukkaantuneen ruotsalaispuolustaja Jonas Brodinin osallistuminen j\u00e4\u00e4kiekon olympiaturnaukseen on uhattuna. N\u00e4in arvioi The Athleticin arvostettu toimittaja Michael Russo. NHL-seura&hellip;\n","protected":false},"author":2,"featured_media":143468,"comment_status":"","ping_status":"","sticky":false,"template":"","format":"standard","meta":{"footnotes":""},"categories":[158],"tags":[33,31,30,159,32,160],"class_list":{"0":"post-143467","1":"post","2":"type-post","3":"status-publish","4":"format-standard","5":"has-post-thumbnail","7":"category-urheilu","8":"tag-fi","9":"tag-finland","10":"tag-finnish","11":"tag-sports","12":"tag-suomi","13":"tag-urheilu"},"share_on_mastodon":{"url":"https:\/\/pubeurope.com\/@fi\/115901580307782994","error":""},"_links":{"self":[{"href":"https:\/\/www.europesays.com\/fi\/wp-json\/wp\/v2\/posts\/143467","targetHints":{"allow":["GET"]}}],"collection":[{"href":"https:\/\/www.europesays.com\/fi\/wp-json\/wp\/v2\/posts"}],"about":[{"href":"https:\/\/www.europesays.com\/fi\/wp-json\/wp\/v2\/types\/post"}],"author":[{"embeddable":true,"href":"https:\/\/www.europesays.com\/fi\/wp-json\/wp\/v2\/users\/2"}],"replies":[{"embeddable":true,"href":"https:\/\/www.europesays.com\/fi\/wp-json\/wp\/v2\/comments?post=143467"}],"version-history":[{"count":0,"href":"https:\/\/www.europesays.com\/fi\/wp-json\/wp\/v2\/posts\/143467\/revisions"}],"wp:featuredmedia":[{"embeddable":true,"href":"https:\/\/www.europesays.com\/fi\/wp-json\/wp\/v2\/media\/143468"}],"wp:attachment":[{"href":"https:\/\/www.europesays.com\/fi\/wp-json\/wp\/v2\/media?parent=143467"}],"wp:term":[{"taxonomy":"category","embeddable":true,"href":"https:\/\/www.europesays.com\/fi\/wp-json\/wp\/v2\/categories?post=143467"},{"taxonomy":"post_tag","embeddable":true,"href":"https:\/\/www.europesays.com\/fi\/wp-json\/wp\/v2\/tags?post=143467"}],"curies":[{"name":"wp","href":"https:\/\/api.w.org\/{rel}","templated":true}]}}