{"id":143475,"date":"2026-01-15T23:00:08","date_gmt":"2026-01-15T23:00:08","guid":{"rendered":"https:\/\/www.europesays.com\/fi\/143475\/"},"modified":"2026-01-15T23:00:08","modified_gmt":"2026-01-15T23:00:08","slug":"huuvassa-syttynyt-palo-aiheutti-suurhalytyksen","status":"publish","type":"post","link":"https:\/\/www.europesays.com\/fi\/143475\/","title":{"rendered":"Huuvassa syttynyt palo aiheutti suurh\u00e4lytyksen"},"content":{"rendered":"<p>Satakunnan pelastuslaitos sai h\u00e4lytyksen suuresta rakennuspalosta kello 18.27.<\/p>\n<p>15.1. 19:36<\/p>\n<p class=\"article-body mb-nof-24 px-nof-16\">Pori<\/p>\n<p class=\"article-body mb-nof-24 px-nof-16\">Pelastuslaitokselta kiirehti torstaina alkuillasta 18 yksikk\u00f6\u00e4 sammuttamaan tulipaloa Porin Kuparitielle Metallinkyl\u00e4n alueelle. Teollisuusrakennuksessa syttyneest\u00e4 palosta tuli h\u00e4lytys pelastuslaitokselle juuri ennen kello 18.30.<\/p>\n<p class=\"article-body mb-nof-24 px-nof-16\">Palo saatiin sammutettua noin puolessa tunnissa, ja aineelliset vahingot j\u00e4iv\u00e4t p\u00e4ivyst\u00e4v\u00e4n palomestarin <a class=\"font-bold underline-offset-[0.12em] [text-decoration:var(--person-link-text-decoration)] ![text-decoration-color:var(--person-link-text-decoration-color)]\" href=\"https:\/\/www.satakunnankansa.fi\/haku\/?query=Tero%20J%C3%A4rvel%C3%A4n\" rel=\"nofollow noopener\" target=\"_blank\">Tero J\u00e4rvel\u00e4n<\/a> mukaan pieniksi.<\/p>\n<p class=\"article-body mb-nof-24 px-nof-16\">J\u00e4rvel\u00e4 kertoo, ett\u00e4 palo syttyi huuvassa ja tuhosi sein\u00e4rakenteita.<\/p>\n<p class=\"article-body mb-nof-24 px-nof-16\">Teollisuudessa k\u00e4ytetyt huuvat ovat tyypillisesti kaasuja, h\u00f6yryj\u00e4 ja hiukkasia poistavia ilmanvaihtolaitteita. J\u00e4rvel\u00e4n mukaan huuva, jossa palo syttyi, oli kooltaan noin 10 kertaa 20 metri\u00e4.<\/p>\n<p class=\"article-body mb-nof-24 px-nof-16\">Henkil\u00f6kunta huomasi palon alun. Syttymissyyst\u00e4 ei ollut viel\u00e4 tuoreeltaan tapahtuneen j\u00e4lkeen tarkempaa tietoa.<\/p>\n","protected":false},"excerpt":{"rendered":"Satakunnan pelastuslaitos sai h\u00e4lytyksen suuresta rakennuspalosta kello 18.27. 15.1. 19:36 Pori Pelastuslaitokselta kiirehti torstaina alkuillasta 18 yksikk\u00f6\u00e4 sammuttamaan&hellip;\n","protected":false},"author":2,"featured_media":143476,"comment_status":"","ping_status":"","sticky":false,"template":"","format":"standard","meta":{"footnotes":""},"categories":[12],"tags":[22,23,26,27,33,31,30,17,24,25,28,29,15,18,21,80,32,19,20,16],"class_list":{"0":"post-143475","1":"post","2":"type-post","3":"status-publish","4":"format-standard","5":"has-post-thumbnail","7":"category-suomi","8":"tag-breaking-news","9":"tag-breakingnews","10":"tag-featured-news","11":"tag-featurednews","12":"tag-fi","13":"tag-finland","14":"tag-finnish","15":"tag-headlines","16":"tag-latest-news","17":"tag-latestnews","18":"tag-main-news","19":"tag-mainnews","20":"tag-news","21":"tag-otsikot","22":"tag-paauutiset","23":"tag-satakunnan-kansa","24":"tag-suomi","25":"tag-top-stories","26":"tag-topstories","27":"tag-uutiset"},"share_on_mastodon":{"url":"https:\/\/pubeurope.com\/@fi\/115901603844427973","error":""},"_links":{"self":[{"href":"https:\/\/www.europesays.com\/fi\/wp-json\/wp\/v2\/posts\/143475","targetHints":{"allow":["GET"]}}],"collection":[{"href":"https:\/\/www.europesays.com\/fi\/wp-json\/wp\/v2\/posts"}],"about":[{"href":"https:\/\/www.europesays.com\/fi\/wp-json\/wp\/v2\/types\/post"}],"author":[{"embeddable":true,"href":"https:\/\/www.europesays.com\/fi\/wp-json\/wp\/v2\/users\/2"}],"replies":[{"embeddable":true,"href":"https:\/\/www.europesays.com\/fi\/wp-json\/wp\/v2\/comments?post=143475"}],"version-history":[{"count":0,"href":"https:\/\/www.europesays.com\/fi\/wp-json\/wp\/v2\/posts\/143475\/revisions"}],"wp:featuredmedia":[{"embeddable":true,"href":"https:\/\/www.europesays.com\/fi\/wp-json\/wp\/v2\/media\/143476"}],"wp:attachment":[{"href":"https:\/\/www.europesays.com\/fi\/wp-json\/wp\/v2\/media?parent=143475"}],"wp:term":[{"taxonomy":"category","embeddable":true,"href":"https:\/\/www.europesays.com\/fi\/wp-json\/wp\/v2\/categories?post=143475"},{"taxonomy":"post_tag","embeddable":true,"href":"https:\/\/www.europesays.com\/fi\/wp-json\/wp\/v2\/tags?post=143475"}],"curies":[{"name":"wp","href":"https:\/\/api.w.org\/{rel}","templated":true}]}}