{"id":143481,"date":"2026-01-15T23:18:07","date_gmt":"2026-01-15T23:18:07","guid":{"rendered":"https:\/\/www.europesays.com\/fi\/143481\/"},"modified":"2026-01-15T23:18:07","modified_gmt":"2026-01-15T23:18:07","slug":"nyt-suoratoistossa-liam-neesonin-vuoden-2025-sekoilukomedia-huonoja-vitseja-hapeilematon-parodia","status":"publish","type":"post","link":"https:\/\/www.europesays.com\/fi\/143481\/","title":{"rendered":"Nyt suoratoistossa: Liam Neesonin vuoden 2025 sekoilukomedia \u2013 huonoja vitsej\u00e4 h\u00e4peilem\u00e4t\u00f6n parodia"},"content":{"rendered":"<p>SkyShowtimen valikoimaan on lis\u00e4tty vuoden 2025 Mies ja alaston ase.<\/p>\n<p>Alkuper\u00e4inen Mies ja alaston ase -trilogia (1988\u20131994) on tunnettu yhten\u00e4 parodiakomedian peruskivist\u00e4, erityisesti v\u00e4\u00e4rinymm\u00e4rrysten, pitkien katseiden ja fyysisen komiikan osalta. Vuonna 2025 julkaistu jatko-osa nojaa samaan perint\u00f6\u00f6n, joskin sen vitsit joko osuvat napakasti maaliin tai menev\u00e4t t\u00e4ydell\u00e4 vauhdilla ohi.<\/p>\n<p><strong>Liam Neesonin<\/strong> n\u00e4yttelem\u00e4 Frank Drebin Jr. on poliisi, jonka seurassa aika ei k\u00e4y pitk\u00e4ksi. H\u00e4n tiet\u00e4\u00e4, ett\u00e4 rikokset ovat vakavia, mutta niiden tutkinta on kaikkea muuta. Drebin on mies, joka on v\u00e4\u00e4r\u00e4ss\u00e4 paikassa oikeaan aikaan ja tekee v\u00e4\u00e4ri\u00e4 johtop\u00e4\u00e4t\u00f6ksi\u00e4 juuri silloin, kun tilanne sit\u00e4 v\u00e4hiten kest\u00e4\u00e4.<\/p>\n<p><strong>Akiva Schafferin<\/strong> ohjaaman komedian <a href=\"https:\/\/www.rottentomatoes.com\/m\/the_naked_gun_2025\" target=\"_blank\" rel=\"noreferrer noopener nofollow\">Rotten Tomatoes<\/a> -prosentti on 87. Episodin arvostelussa elokuva nappasi <a href=\"https:\/\/www.episodi.fi\/elokuvat\/mies-ja-alaston-ase\/\" target=\"_blank\" rel=\"noreferrer noopener nofollow\">kolme t\u00e4hte\u00e4<\/a>:<\/p>\n<p><strong>Neesonin t\u00e4hditt\u00e4m\u00e4 elokuva on hyv\u00e4ll\u00e4 tavalla nostalginen, ja muutama vitsi osuu napakasti maaliin. R\u00f6h\u00f6nauruja elokuva saattaa tosin aiheuttaa vain isommassa porukassa, joka on p\u00e4\u00e4tt\u00e4nyt katsoa sen avoimin mielin parin napanderin nautittuaan.<\/strong><\/p>\n<p>Lue my\u00f6s: <a href=\"https:\/\/www.episodi.fi\/uutiset\/nyt-ilmaiskatselussa-teinitoimittaja-ratkoo-outoa-koulumysteeria-ravakkana-rehtorina-bruce-willis\/\" title=\"Nyt ilmaiskatselussa: Teinitoimittaja ratkoo outoa koulumysteeri\u00e4 \u2013 r\u00e4v\u00e4kk\u00e4n\u00e4 rehtorina Bruce Willis\" class=\"underline-custom !font-montserrat !font-bold !underline-offset-4 !decoration-4 !decoration-episodi-blue !text-md\" rel=\"nofollow noopener\" target=\"_blank\">Nyt ilmaiskatselussa: Teinitoimittaja ratkoo outoa koulumysteeri\u00e4 \u2013 r\u00e4v\u00e4kk\u00e4n\u00e4 rehtorina Bruce Willis<\/a><\/p>\n<p>Elokuvan ik\u00e4raja on K-12 ja kesto 85 minuuttia.<\/p>\n<p><img loading=\"lazy\" decoding=\"async\" alt=\"YouTube video\" width=\"480\" height=\"360\" data-pin-nopin=\"true\" nopin=\"nopin\" class=\"perfmatters-lazy\" src=\"https:\/\/www.europesays.com\/fi\/wp-content\/uploads\/2026\/01\/1768519087_227_hqdefault.jpg\"\/><\/p>\n<p>Lue my\u00f6s: <a href=\"https:\/\/www.episodi.fi\/uutiset\/nyt-suoratoistossa-rakastettu-80-luvun-lankkari-nuoret-pyssysankarit-nousevat-kapinaan\/\" title=\"Nyt suoratoistossa: Rakastettu 80-luvun l\u00e4nkk\u00e4ri \u2013 nuoret pyssysankarit nousevat kapinaan\" class=\"underline-custom !font-montserrat !font-bold !underline-offset-4 !decoration-4 !decoration-episodi-blue !text-md\" rel=\"nofollow noopener\" target=\"_blank\">Nyt suoratoistossa: Rakastettu 80-luvun l\u00e4nkk\u00e4ri \u2013 nuoret pyssysankarit nousevat kapinaan<\/a><\/p>\n<p>Lue my\u00f6s: <a href=\"https:\/\/www.episodi.fi\/uutiset\/nyt-suoratoistossa-steve-martinin-uran-synkin-paarooli-pirullinen-musta-komedia\/\" title=\"Nyt suoratoistossa: Steve Martinin uran synkin p\u00e4\u00e4rooli \u2013 pirullinen musta komedia\" class=\"underline-custom !font-montserrat !font-bold !underline-offset-4 !decoration-4 !decoration-episodi-blue !text-md\" rel=\"nofollow noopener\" target=\"_blank\">Nyt suoratoistossa: Steve Martinin uran synkin p\u00e4\u00e4rooli \u2013 pirullinen musta komedia<\/a><\/p>\n<p>Lue my\u00f6s: <a href=\"https:\/\/www.episodi.fi\/uutiset\/viela-hetken-ilmaiskatselussa-kiero-musta-komedia-viiden-tahden-illallinen-muuttuu-painajaiseksi\/\" title=\"Viel\u00e4 hetken ilmaiskatselussa: Kiero musta komedia \u2013 viiden t\u00e4hden illallinen muuttuu painajaiseksi\" class=\"underline-custom !font-montserrat !font-bold !underline-offset-4 !decoration-4 !decoration-episodi-blue !text-md\" rel=\"nofollow noopener\" target=\"_blank\">Viel\u00e4 hetken ilmaiskatselussa: Kiero musta komedia \u2013 viiden t\u00e4hden illallinen muuttuu painajaiseksi<\/a><\/p>\n<p>Lue my\u00f6s: <a href=\"https:\/\/www.episodi.fi\/uutiskirje\/?uutiskirjemainos=tekstilinkkimainos\" title=\"Tilaa Episodin uutiskirje ja voit voittaa leffalippuja! Nappaa tv-vinkit suoraan s\u00e4hk\u00f6postiin t\u00e4st\u00e4.\" class=\"underline-custom !font-montserrat !font-bold !underline-offset-4 !decoration-4 !decoration-episodi-blue !text-md\" rel=\"nofollow noopener\" target=\"_blank\">Tilaa Episodin uutiskirje ja voit voittaa leffalippuja! Nappaa katseluvinkit suoraan s\u00e4hk\u00f6postiin t\u00e4st\u00e4.<\/a><\/p>\n","protected":false},"excerpt":{"rendered":"SkyShowtimen valikoimaan on lis\u00e4tty vuoden 2025 Mies ja alaston ase. Alkuper\u00e4inen Mies ja alaston ase -trilogia (1988\u20131994) on&hellip;\n","protected":false},"author":2,"featured_media":143482,"comment_status":"","ping_status":"","sticky":false,"template":"","format":"standard","meta":{"footnotes":""},"categories":[131],"tags":[155,137,33,173,31,30,2081,172,341,32,109],"class_list":{"0":"post-143481","1":"post","2":"type-post","3":"status-publish","4":"format-standard","5":"has-post-thumbnail","7":"category-elokuvat","8":"tag-elokuvat","9":"tag-entertainment","10":"tag-fi","11":"tag-film","12":"tag-finland","13":"tag-finnish","14":"tag-liam-neeson","15":"tag-movies","16":"tag-skyshowtime","17":"tag-suomi","18":"tag-viihde"},"share_on_mastodon":{"url":"https:\/\/pubeurope.com\/@fi\/115901674446588826","error":""},"_links":{"self":[{"href":"https:\/\/www.europesays.com\/fi\/wp-json\/wp\/v2\/posts\/143481","targetHints":{"allow":["GET"]}}],"collection":[{"href":"https:\/\/www.europesays.com\/fi\/wp-json\/wp\/v2\/posts"}],"about":[{"href":"https:\/\/www.europesays.com\/fi\/wp-json\/wp\/v2\/types\/post"}],"author":[{"embeddable":true,"href":"https:\/\/www.europesays.com\/fi\/wp-json\/wp\/v2\/users\/2"}],"replies":[{"embeddable":true,"href":"https:\/\/www.europesays.com\/fi\/wp-json\/wp\/v2\/comments?post=143481"}],"version-history":[{"count":0,"href":"https:\/\/www.europesays.com\/fi\/wp-json\/wp\/v2\/posts\/143481\/revisions"}],"wp:featuredmedia":[{"embeddable":true,"href":"https:\/\/www.europesays.com\/fi\/wp-json\/wp\/v2\/media\/143482"}],"wp:attachment":[{"href":"https:\/\/www.europesays.com\/fi\/wp-json\/wp\/v2\/media?parent=143481"}],"wp:term":[{"taxonomy":"category","embeddable":true,"href":"https:\/\/www.europesays.com\/fi\/wp-json\/wp\/v2\/categories?post=143481"},{"taxonomy":"post_tag","embeddable":true,"href":"https:\/\/www.europesays.com\/fi\/wp-json\/wp\/v2\/tags?post=143481"}],"curies":[{"name":"wp","href":"https:\/\/api.w.org\/{rel}","templated":true}]}}