{"id":143491,"date":"2026-01-15T23:26:09","date_gmt":"2026-01-15T23:26:09","guid":{"rendered":"https:\/\/www.europesays.com\/fi\/143491\/"},"modified":"2026-01-15T23:26:09","modified_gmt":"2026-01-15T23:26:09","slug":"kiuas-aiheutti-suuren-halytyksen-tamperelaiskylpylassa-asiakas-huomasi-valahdyksen","status":"publish","type":"post","link":"https:\/\/www.europesays.com\/fi\/143491\/","title":{"rendered":"Kiuas aiheutti suuren h\u00e4lytyksen tamperelaiskylpyl\u00e4ss\u00e4 \u2013 \u201dAsiakas huomasi v\u00e4l\u00e4hdyksen\u201d"},"content":{"rendered":"<p>Pelastuslaitos sai h\u00e4lytyksen kello 19.51.<\/p>\n<p><img decoding=\"async\" class=\"image image-show image-preview\" src=\"https:\/\/www.europesays.com\/fi\/wp-content\/uploads\/2026\/01\/558d0cc0e3f8b0ee3eb43d48335c8a96b8af5915fbea720867d1a88bd5c3350c.jpg\" alt=\"\"\/><img decoding=\"async\" class=\"image image-show\" src=\"https:\/\/www.europesays.com\/fi\/wp-content\/uploads\/2026\/01\/1768519569_744_558d0cc0e3f8b0ee3eb43d48335c8a96b8af5915fbea720867d1a88bd5c3350c.jpg\" alt=\"\"\/><\/p>\n<p>Lapinniemen kylpyl\u00e4 sijaitsee N\u00e4sij\u00e4rven rannalla l\u00e4hell\u00e4 S\u00e4rk\u00e4nniemen huvipuistoa. Holiday Club<\/p>\n<p class=\"paragraph\">Tampereen Lapinniemess\u00e4 Holiday Clubin kylpyl\u00e4ss\u00e4 oli torstai-iltana paloh\u00e4lytys. Pirkanmaan pelastuslaitos l\u00e4hetti teht\u00e4v\u00e4lle 22 yksikk\u00f6\u00e4. Paikalla selvisi, ett\u00e4 kylpyl\u00e4n saunassa oli kiuas k\u00e4rytt\u00e4nyt.<\/p>\n<p class=\"paragraph\">Tapauksessa ei sattunut henkil\u00f6vahinkoja.<\/p>\n<p class=\"paragraph\">Holiday Club Kehr\u00e4\u00e4m\u00f6n hotellijohtaja <strong>Petri Alanko<\/strong> kertoo tapauksen sattuneen naisten puolen Suomi-saunassa.<\/p>\n<p class=\"paragraph\">\u2013 Asiakas huomasi v\u00e4l\u00e4hdyksen kiukaassa ja tuli kertomaan asiasta allasvalvojalle. Asiasta soitettiin 112:een ja todettiin, ett\u00e4 kiukaassa sattui oikosulku, Alanko kommentoi kiitellen allasvalvojan toimintaa.<\/p>\n<p class=\"paragraph\">\u2013 Kiuas tuli niin sanotusti tiens\u00e4 p\u00e4\u00e4h\u00e4n.<\/p>\n<p class=\"paragraph\">Pelastuslaitoksen mukaan saunaan oli syntynyt hieman savua ja liekki\u00e4 oikosulusta, mutta palo oli sammunut itsess\u00e4\u00e4n. Kylpyl\u00e4n allasosasto evakuoitiin hetkellisesti, mutta asiakkaat saivat viel\u00e4 my\u00f6hemmin palata kylpem\u00e4\u00e4n.<\/p>\n","protected":false},"excerpt":{"rendered":"Pelastuslaitos sai h\u00e4lytyksen kello 19.51. Lapinniemen kylpyl\u00e4 sijaitsee N\u00e4sij\u00e4rven rannalla l\u00e4hell\u00e4 S\u00e4rk\u00e4nniemen huvipuistoa. Holiday Club Tampereen Lapinniemess\u00e4 Holiday&hellip;\n","protected":false},"author":2,"featured_media":143492,"comment_status":"","ping_status":"","sticky":false,"template":"","format":"standard","meta":{"footnotes":""},"categories":[12],"tags":[35,22,23,2110,26,27,33,31,30,17,24,25,28,29,15,120,18,21,122,54,32,19,20,546,16],"class_list":{"0":"post-143491","1":"post","2":"type-post","3":"status-publish","4":"format-standard","5":"has-post-thumbnail","7":"category-suomi","8":"tag-24h","9":"tag-breaking-news","10":"tag-breakingnews","11":"tag-elamantapa-ja-vapaa-aika","12":"tag-featured-news","13":"tag-featurednews","14":"tag-fi","15":"tag-finland","16":"tag-finnish","17":"tag-headlines","18":"tag-latest-news","19":"tag-latestnews","20":"tag-main-news","21":"tag-mainnews","22":"tag-news","23":"tag-onnettomuustapaus","24":"tag-otsikot","25":"tag-paauutiset","26":"tag-pelastaminen","27":"tag-pelastuspalvelut","28":"tag-suomi","29":"tag-top-stories","30":"tag-topstories","31":"tag-turvallisuus","32":"tag-uutiset"},"share_on_mastodon":{"url":"https:\/\/pubeurope.com\/@fi\/115901706158604036","error":""},"_links":{"self":[{"href":"https:\/\/www.europesays.com\/fi\/wp-json\/wp\/v2\/posts\/143491","targetHints":{"allow":["GET"]}}],"collection":[{"href":"https:\/\/www.europesays.com\/fi\/wp-json\/wp\/v2\/posts"}],"about":[{"href":"https:\/\/www.europesays.com\/fi\/wp-json\/wp\/v2\/types\/post"}],"author":[{"embeddable":true,"href":"https:\/\/www.europesays.com\/fi\/wp-json\/wp\/v2\/users\/2"}],"replies":[{"embeddable":true,"href":"https:\/\/www.europesays.com\/fi\/wp-json\/wp\/v2\/comments?post=143491"}],"version-history":[{"count":0,"href":"https:\/\/www.europesays.com\/fi\/wp-json\/wp\/v2\/posts\/143491\/revisions"}],"wp:featuredmedia":[{"embeddable":true,"href":"https:\/\/www.europesays.com\/fi\/wp-json\/wp\/v2\/media\/143492"}],"wp:attachment":[{"href":"https:\/\/www.europesays.com\/fi\/wp-json\/wp\/v2\/media?parent=143491"}],"wp:term":[{"taxonomy":"category","embeddable":true,"href":"https:\/\/www.europesays.com\/fi\/wp-json\/wp\/v2\/categories?post=143491"},{"taxonomy":"post_tag","embeddable":true,"href":"https:\/\/www.europesays.com\/fi\/wp-json\/wp\/v2\/tags?post=143491"}],"curies":[{"name":"wp","href":"https:\/\/api.w.org\/{rel}","templated":true}]}}