{"id":143493,"date":"2026-01-15T23:27:09","date_gmt":"2026-01-15T23:27:09","guid":{"rendered":"https:\/\/www.europesays.com\/fi\/143493\/"},"modified":"2026-01-15T23:27:09","modified_gmt":"2026-01-15T23:27:09","slug":"porilaiskapteeni-on-hakeltynyt-kotikaupungin-tunnelmasta-yksi-pyynto-hanella-on","status":"publish","type":"post","link":"https:\/\/www.europesays.com\/fi\/143493\/","title":{"rendered":"Porilaiskapteeni on h\u00e4keltynyt kotikaupungin tunnelmasta \u2013 Yksi pyynt\u00f6 h\u00e4nell\u00e4 on"},"content":{"rendered":"<p>Suomelle piti tulla tiukka testi Porin torstai-illassa. Toisin k\u00e4vi.<\/p>\n<p>15.1. 22:34<\/p>\n<p class=\"article-body mb-nof-24 px-nof-16\">Pori<\/p>\n<p class=\"article-body nof-ui-body-medium mb-nof-24 px-nof-16\">Norja\u2013Suomi 0\u20137<\/p>\n<p class=\"article-body mb-nof-24 px-nof-16\">Nyt tulee jo tiukempi testi, ennakoitiin Suomen miesten torstai-illan taistosta Norjaa vastaan.<\/p>\n<p class=\"article-body mb-nof-24 px-nof-16\">H\u00f6p\u00f6 h\u00f6p\u00f6, vastasi joukkue. Suomi kaatoi Norjan ensimm\u00e4isen puoliajan n\u00e4yt\u00f6ksens\u00e4 ansiosta 7\u20130 (6\u20130).<\/p>\n<p class=\"article-body mb-nof-24 px-nof-16\">\u201dTeimme ensimm\u00e4isell\u00e4 puoliajalla paljon hyvi\u00e4 asioita. Alussa kun tuli lunta, v\u00e4h\u00e4n katselimme, miten se vaikuttaa, mutta ei se vaikuttanut\u201d, Suomen porilaiskapteeni <a class=\"font-bold underline-offset-[0.12em] [text-decoration:var(--person-link-text-decoration)] ![text-decoration-color:var(--person-link-text-decoration-color)]\" href=\"https:\/\/www.satakunnankansa.fi\/haku\/?query=Samuli%20Helavuori\" rel=\"nofollow noopener\" target=\"_blank\">Samuli Helavuori<\/a> tiivisti.<\/p>\n<p class=\"article-body mb-nof-24 px-nof-16\">\u201dToisella puoliajalla l\u00e4hdimme jo varmistelemaan.\u201d<\/p>\n<p><img decoding=\"async\" src=\"https:\/\/www.europesays.com\/fi\/wp-content\/uploads\/2026\/01\/1768519629_875_468.jpg\" alt=\"Kapteeni Samuli Helavuori ja Suomi jatkavat aikataulussa. Norja ja Simon Carlsson eiv\u00e4t pystyneet suomalaisia pys\u00e4ytt\u00e4m\u00e4\u00e4n.\" class=\"_Img_1rerz_1\" style=\"aspect-ratio:1.5\" loading=\"eager\"\/><\/p>\n<p class=\"article-picture-caption\">Kapteeni Samuli Helavuori ja Suomi jatkavat aikataulussa. Norja ja Simon Carlsson eiv\u00e4t pystyneet suomalaisia pys\u00e4ytt\u00e4m\u00e4\u00e4n. Kuva:\u00a0Heikki Westerg\u00e5rd<\/p>\n<p class=\"article-body mb-nof-24 px-nof-16\">Tiukkaa oli ensimm\u00e4iset parikymment\u00e4 minuuttia. Silloinkin Suomi hallitsi palloa, mutta Norja pystyi sumputtamaan is\u00e4nn\u00e4t pois maalipaikoilta. Kun<a class=\"font-bold underline-offset-[0.12em] [text-decoration:var(--person-link-text-decoration)] ![text-decoration-color:var(--person-link-text-decoration-color)]\" href=\"https:\/\/www.satakunnankansa.fi\/haku\/?query=%20Teemu%20M%C3%A4%C3%A4tt%C3%A4\" rel=\"nofollow noopener\" target=\"_blank\"> Teemu M\u00e4\u00e4tt\u00e4<\/a> laukoi vapaaly\u00f6nnist\u00e4 Suomen johtoon, siihen Norjan sumppu tyrehtyi.<\/p>\n<p class=\"article-body mb-nof-24 px-nof-16\">Suomi teki maaleja tasaiseen tahtiin, ennen kaikkea erikoistilanteista.<a class=\"font-bold underline-offset-[0.12em] [text-decoration:var(--person-link-text-decoration)] ![text-decoration-color:var(--person-link-text-decoration-color)]\" href=\"https:\/\/www.satakunnankansa.fi\/haku\/?query=%20Topi%20Saukkonen\" rel=\"nofollow noopener\" target=\"_blank\"> Topi Saukkonen<\/a> osui kahdesti, <a class=\"font-bold underline-offset-[0.12em] [text-decoration:var(--person-link-text-decoration)] ![text-decoration-color:var(--person-link-text-decoration-color)]\" href=\"https:\/\/www.satakunnankansa.fi\/haku\/?query=Emil%20Fedorov\" rel=\"nofollow noopener\" target=\"_blank\">Emil Fedorov<\/a>, <a class=\"font-bold underline-offset-[0.12em] [text-decoration:var(--person-link-text-decoration)] ![text-decoration-color:var(--person-link-text-decoration-color)]\" href=\"https:\/\/www.satakunnankansa.fi\/haku\/?query=Kalle%20Lempinen\" rel=\"nofollow noopener\" target=\"_blank\">Kalle Lempinen<\/a> ja <a class=\"font-bold underline-offset-[0.12em] [text-decoration:var(--person-link-text-decoration)] ![text-decoration-color:var(--person-link-text-decoration-color)]\" href=\"https:\/\/www.satakunnankansa.fi\/haku\/?query=Tuukka%20%C3%84ss%C3%A4m%C3%A4ki\" rel=\"nofollow noopener\" target=\"_blank\">Tuukka \u00c4ss\u00e4m\u00e4ki <\/a>tekiv\u00e4t maalin mieheen.<\/p>\n<p class=\"article-body mb-nof-24 px-nof-16\">Toisella puoliajalla <a class=\"font-bold underline-offset-[0.12em] [text-decoration:var(--person-link-text-decoration)] ![text-decoration-color:var(--person-link-text-decoration-color)]\" href=\"https:\/\/www.satakunnankansa.fi\/haku\/?query=Tero%20Liimatainen\" rel=\"nofollow noopener\" target=\"_blank\">Tero Liimatainen<\/a> kaunisteli viel\u00e4 numeroita.<\/p>\n<p class=\"article-body mb-nof-24 px-nof-16\">Vaikuttaa silt\u00e4, ett\u00e4 Suomen peli on aikataulussa ennen viikonlopun tosipelej\u00e4.<\/p>\n<p class=\"article-body mb-nof-24 px-nof-16\">\u201dAina vaikea sanoa, mutta meill\u00e4 on ollut sama porukka pitk\u00e4\u00e4n. Linjat alkavat l\u00f6yty\u00e4. Eih\u00e4n Norjalla paljon paikkoja ollut\u201d, Helavuori mietti.<\/p>\n<p class=\"article-body mb-nof-24 px-nof-16\">34-vuotias porilainen mietti ennen kisojen alkua, miten palautuminen onnistuu tiukassa pelitahdissa. Suomi pelaa seitsem\u00e4n peli\u00e4 seitsem\u00e4ss\u00e4 p\u00e4iv\u00e4ss\u00e4. Puoliv\u00e4li on nyt ylitetty.<\/p>\n<p class=\"article-body mb-nof-24 px-nof-16\">\u201d<a class=\"font-bold underline-offset-[0.12em] [text-decoration:var(--person-link-text-decoration)] ![text-decoration-color:var(--person-link-text-decoration-color)]\" href=\"https:\/\/www.satakunnankansa.fi\/haku\/?query=Arposen%20Laurille\" rel=\"nofollow noopener\" target=\"_blank\">Arposen Laurille<\/a> (ex-pelaaja) sanoin juuri, ettei tunnu viel\u00e4 miss\u00e4\u00e4n\u201d, Helavuori naurahti.<\/p>\n<p class=\"article-body mb-nof-24 px-nof-16\">\u201dKun turnaus on k\u00e4ynniss\u00e4, ei sit\u00e4 rasitusta paljon ajattele. T\u00e4rkeint\u00e4 ovat tankkaus ja lepo.\u201d<\/p>\n<p><img decoding=\"async\" src=\"https:\/\/www.europesays.com\/fi\/wp-content\/uploads\/2026\/01\/1768519629_357_468.jpg\" alt=\"Simon Carlsson pys\u00e4ytti Tuukka \u00c4ss\u00e4m\u00e4en. Tilanteesta tuomittiin vapaaly\u00f6nti, josta Suomi teki 1\u20130-johtomaalin.\" class=\"_Img_1rerz_1\" style=\"aspect-ratio:1.5\" loading=\"eager\"\/><\/p>\n<p class=\"article-picture-caption\">Simon Carlsson pys\u00e4ytti Tuukka \u00c4ss\u00e4m\u00e4en. Tilanteesta tuomittiin vapaaly\u00f6nti, josta Suomi teki 1\u20130-johtomaalin. Kuva:\u00a0Heikki Westerg\u00e5rd<\/p>\n<p><img decoding=\"async\" src=\"https:\/\/www.europesays.com\/fi\/wp-content\/uploads\/2026\/01\/1768519629_646_468.jpg\" alt=\"Paikalla oli 1\u00a0813 katsojaa.\" class=\"_Img_1rerz_1\" style=\"aspect-ratio:1.5\" loading=\"eager\"\/><\/p>\n<p class=\"article-picture-caption\">Paikalla oli 1\u00a0813 katsojaa. Kuva:\u00a0Heikki Westerg\u00e5rd<\/p>\n<p class=\"article-body mb-nof-24 px-nof-16\">Kun j\u00e4\u00e4kiekon MM-kisoissa on kotikisat, pelaajat saavat aina huomata, kuinka erilainen tapahtuma se on. On enemm\u00e4n paineita, on enemm\u00e4n tuttuja, on enemm\u00e4n erilaisia pyynt\u00f6j\u00e4.<\/p>\n<p class=\"article-body mb-nof-24 px-nof-16\">Helavuori sanoo nauttineensa kotikaupungin kisoista. H\u00e4n on jopa hieman h\u00e4keltynyt.<\/p>\n<p class=\"article-body mb-nof-24 px-nof-16\">\u201dOn ollut hieno n\u00e4hd\u00e4, kuinka paljon porukka tekee hommia n\u00e4iden kisojen eteen. Ja nytkin oli my\u00f6h\u00e4inen torstai-ilta, mutta 1\u00a0800 (tarkka lukema 1\u00a0813) katsojaa paikalla. Onhan se ihan mahtava juttu.\u201d<\/p>\n<p class=\"article-body mb-nof-24 px-nof-16\">\u201dKaupungillakin kun k\u00e4velee, huokuu t\u00e4m\u00e4 kisatunnelma. Vaikea l\u00f6yt\u00e4\u00e4 edes sanoja.\u201d<\/p>\n<p class=\"article-body mb-nof-24 px-nof-16\">Ruotsissa seurajoukkuetasolla pelaavat porilaiset asuvat muun joukkueen tavoin hotellissa, mutta muuten heill\u00e4 on ollut kotikisoissa ylim\u00e4\u00e4r\u00e4ist\u00e4 vienti\u00e4.<\/p>\n<p class=\"article-body mb-nof-24 px-nof-16\">\u201dAlkuviikko mentiin lujaa. Kierreltiin kouluja, tavattiin perhett\u00e4 ja sukulaisia. Loppuviikkoa kohti rauhoitamme tilanteen.\u201d<\/p>\n<p class=\"article-body mb-nof-24 px-nof-16\">Perjantaille Helavuori ounasteli jopa t\u00e4ytt\u00e4 tupaa. Ruotsi-otteluun on ennakkoon myyty lippuja noin 1\u00a0600. Vip-liput myytiin loppuun jo hyviss\u00e4 ajoin.<\/p>\n<p class=\"article-body mb-nof-24 px-nof-16\">MM-kisojen yleis\u00f6kapasiteetti Porissa on noin 3\u00a0100.<\/p>\n<p class=\"article-body mb-nof-24 px-nof-16\">Kapteenilla oli my\u00f6s yksi pyynt\u00f6.<\/p>\n<p class=\"article-body mb-nof-24 px-nof-16\">\u201dEi en\u00e4\u00e4 puhuta niist\u00e4 murskalukemista. Nyt ne tosipelit alkavat.\u201d<\/p>\n<p><img decoding=\"async\" src=\"https:\/\/www.europesays.com\/fi\/wp-content\/uploads\/2026\/01\/1768519629_448_468.jpg\" alt=\"Kalle Lempinen viimeisteli Suomen kolmannen maalin.\" class=\"_Img_1rerz_1\" style=\"aspect-ratio:1.5\" loading=\"eager\"\/><\/p>\n<p class=\"article-picture-caption\">Kalle Lempinen viimeisteli Suomen kolmannen maalin. Kuva:\u00a0Heikki Westerg\u00e5rd<\/p>\n<p><img decoding=\"async\" src=\"https:\/\/www.europesays.com\/fi\/wp-content\/uploads\/2026\/01\/1768519629_914_468.jpg\" alt=\"Norjan Simon Carlsson oli mukana l\u00e4hes aina, kun tapahtui. T\u00e4ss\u00e4 mies yritti pid\u00e4tell\u00e4 Riku H\u00e4m\u00e4l\u00e4ist\u00e4.\" class=\"_Img_1rerz_1\" style=\"aspect-ratio:1.5\" loading=\"eager\"\/><\/p>\n<p class=\"article-picture-caption\">Norjan Simon Carlsson oli mukana l\u00e4hes aina, kun tapahtui. T\u00e4ss\u00e4 mies yritti pid\u00e4tell\u00e4 Riku H\u00e4m\u00e4l\u00e4ist\u00e4. Kuva:\u00a0Heikki Westerg\u00e5rd<\/p>\n<p class=\"article-body mb-nof-24 px-nof-16\">My\u00f6s Suomen naiset kohtasivat torstaina Norjan.<\/p>\n<p class=\"article-body mb-nof-24 px-nof-16\">Vastus keveni avauspeliin verrattuna, mutta vain hieman. Keskiviikkona Suomi h\u00e4visi Ruotsille 0\u20138. Maali j\u00e4i tekem\u00e4tt\u00e4 my\u00f6s toisessa ottelussa.<\/p>\n<p class=\"article-body mb-nof-24 px-nof-16\">Norja voitti Suomen 5\u20130 (3\u20130). Avauspelin tapaan Suomella oli tilaisuus tehd\u00e4 maali rangaistusly\u00f6nnist\u00e4, mutta pallo ei uponnut.<\/p>\n<p class=\"article-body mb-nof-24 px-nof-16\">Suuri yll\u00e4tys tulos ei ollut. Toisin kuin miesten j\u00e4\u00e4pallossa, naisissa Suomi ei ole Ruotsin ykk\u00f6shaastaja, vaan juuri Norja.<\/p>\n<p class=\"article-body mb-nof-24 px-nof-16\">Torstain ensimm\u00e4isess\u00e4 naisten ottelussa Ruotsi voitti USA:n 8\u20131.<\/p>\n<p class=\"article-body mb-nof-24 px-nof-16\">Perjantaina Suomi ja USA ratkaisevat jo kello 9 alkavassa ottelussa, kumpi on alkusarjan kolmas ja kumpi nelj\u00e4s. Kaikki nelj\u00e4 joukkuetta p\u00e4\u00e4sev\u00e4t joka tapauksessa lauantain v\u00e4lieriin.<\/p>\n","protected":false},"excerpt":{"rendered":"Suomelle piti tulla tiukka testi Porin torstai-illassa. Toisin k\u00e4vi. 15.1. 22:34 Pori Norja\u2013Suomi 0\u20137 Nyt tulee jo tiukempi&hellip;\n","protected":false},"author":2,"featured_media":143494,"comment_status":"","ping_status":"","sticky":false,"template":"","format":"standard","meta":{"footnotes":""},"categories":[5],"tags":[22,23,26,27,33,31,30,17,24,25,28,29,15,18,21,80,32,19,20,16],"class_list":{"0":"post-143493","1":"post","2":"type-post","3":"status-publish","4":"format-standard","5":"has-post-thumbnail","7":"category-otsikot","8":"tag-breaking-news","9":"tag-breakingnews","10":"tag-featured-news","11":"tag-featurednews","12":"tag-fi","13":"tag-finland","14":"tag-finnish","15":"tag-headlines","16":"tag-latest-news","17":"tag-latestnews","18":"tag-main-news","19":"tag-mainnews","20":"tag-news","21":"tag-otsikot","22":"tag-paauutiset","23":"tag-satakunnan-kansa","24":"tag-suomi","25":"tag-top-stories","26":"tag-topstories","27":"tag-uutiset"},"share_on_mastodon":{"url":"https:\/\/pubeurope.com\/@fi\/115901709884610964","error":""},"_links":{"self":[{"href":"https:\/\/www.europesays.com\/fi\/wp-json\/wp\/v2\/posts\/143493","targetHints":{"allow":["GET"]}}],"collection":[{"href":"https:\/\/www.europesays.com\/fi\/wp-json\/wp\/v2\/posts"}],"about":[{"href":"https:\/\/www.europesays.com\/fi\/wp-json\/wp\/v2\/types\/post"}],"author":[{"embeddable":true,"href":"https:\/\/www.europesays.com\/fi\/wp-json\/wp\/v2\/users\/2"}],"replies":[{"embeddable":true,"href":"https:\/\/www.europesays.com\/fi\/wp-json\/wp\/v2\/comments?post=143493"}],"version-history":[{"count":0,"href":"https:\/\/www.europesays.com\/fi\/wp-json\/wp\/v2\/posts\/143493\/revisions"}],"wp:featuredmedia":[{"embeddable":true,"href":"https:\/\/www.europesays.com\/fi\/wp-json\/wp\/v2\/media\/143494"}],"wp:attachment":[{"href":"https:\/\/www.europesays.com\/fi\/wp-json\/wp\/v2\/media?parent=143493"}],"wp:term":[{"taxonomy":"category","embeddable":true,"href":"https:\/\/www.europesays.com\/fi\/wp-json\/wp\/v2\/categories?post=143493"},{"taxonomy":"post_tag","embeddable":true,"href":"https:\/\/www.europesays.com\/fi\/wp-json\/wp\/v2\/tags?post=143493"}],"curies":[{"name":"wp","href":"https:\/\/api.w.org\/{rel}","templated":true}]}}