{"id":143507,"date":"2026-01-15T23:51:07","date_gmt":"2026-01-15T23:51:07","guid":{"rendered":"https:\/\/www.europesays.com\/fi\/143507\/"},"modified":"2026-01-15T23:51:07","modified_gmt":"2026-01-15T23:51:07","slug":"kovaa-tilitysta-usan-vancesta-han-vihaa-meita","status":"publish","type":"post","link":"https:\/\/www.europesays.com\/fi\/143507\/","title":{"rendered":"Kovaa tilityst\u00e4 USA:n Vancesta: &#8221;H\u00e4n vihaa meit\u00e4&#8221;"},"content":{"rendered":"<p>\n\tSanteri Lampi\t15.1.2026 21:45, muokattu<br \/>\n\t15.1.2026 14:32\n<\/p>\n<p>\t\t\t\t\t\t\t\t\tYhdysvallat<\/p>\n<p>Yhdysvaltain varapresidentti <strong>J. D. Vancen<\/strong> suhtautuminen Eurooppaa kohtaan on hyvin kylm\u00e4kiskoista, k\u00e4y ilmi Politicon tekemist\u00e4 haastatteluista.<\/p>\n<p>Lehti kysyi kymmenelt\u00e4 keskeiselt\u00e4 viranomaiselta ja ministerilt\u00e4 n\u00e4kemyksi\u00e4 Vancen politiikasta. Yksik\u00e4\u00e4n heist\u00e4 ei pit\u00e4nyt varapresidentti\u00e4 Euroopan maiden liittolaisena. Vancen mielipiteet niin transatlanttisesta suhteesta kuin Gr\u00f6nlanninkin tulevaisuudesta ovat eurooppalaisittain tylyj\u00e4.<\/p>\n<p>\u2013\u00a0Vance vihaa meit\u00e4, er\u00e4s eurooppalainen diplomaatti tiivist\u00e4\u00e4. <\/p>\n<p>Diplomaatin mielest\u00e4\u00e4n oli h\u00e4lytt\u00e4v\u00e4\u00e4, ett\u00e4 Vance halusi is\u00e4nn\u00f6id\u00e4 Valkoisen talon Gr\u00f6nlanti-tapaamisen keskiviikkona.<\/p>\n<p>\u2013\u00a0H\u00e4n on kova kundi. Se,\u00a0ett\u00e4 h\u00e4n on paikalla,\u00a0kertoo paljon,\u00a0ja uskon sen olevan negatiivista lopputuloksen kannalta.<\/p>\n<p>EU:n edustajat ovat huolissaan siit\u00e4, ett\u00e4 Vance saattaisi nousta presidentiksi <strong>Donald Trumpin<\/strong> j\u00e4lkeen.<\/p>\n<p>Politicolle kuvaillaan, ett\u00e4 Trumpia on sent\u00e4\u00e4n mahdollista harhauttaa ja h\u00e4m\u00e4t\u00e4, mutta Vance n\u00e4ytt\u00e4\u00e4 olevan ideologisempi Eurooppa-vastaisuudessaan.<\/p>\n<p>Se olisi riski Gr\u00f6nlannin lis\u00e4ksi puolustusliitto Natolle ja Ukrainalle. <\/p>\n<p>Politico kysyi Vancen kabinetilta suoraan, mit\u00e4 varapresidentti ajattelee Euroopasta.<\/p>\n<p>Lehte\u00e4 muistuttiin Vancen vanhoista kommenteista, joiden mukaan h\u00e4n \u201drakastaa Eurooppaa\u201d ja eurooppalaisia.<\/p>\n<p>Samaan hengenvetoon Vancen esikunnasta kuitenkin alleviivattiin Euroopan johtajien \u201dnukahtaneen rattiin\u201d, kun he eiv\u00e4t ymm\u00e4rt\u00e4neen maahanmuuton ongelmien kasvaneen liian suuriksi ja puolustusbudjettien olleen aliresursoituja.<\/p>\n","protected":false},"excerpt":{"rendered":"Santeri Lampi 15.1.2026 21:45, muokattu 15.1.2026 14:32 Yhdysvallat Yhdysvaltain varapresidentti J. D. Vancen suhtautuminen Eurooppaa kohtaan on hyvin&hellip;\n","protected":false},"author":2,"featured_media":143508,"comment_status":"","ping_status":"","sticky":false,"template":"","format":"standard","meta":{"footnotes":""},"categories":[14],"tags":[22,23,26,27,33,31,30,17,24,25,28,29,15,18,21,32,19,20,56,16,59,60,61],"class_list":{"0":"post-143507","1":"post","2":"type-post","3":"status-publish","4":"format-standard","5":"has-post-thumbnail","7":"category-ulkomaat","8":"tag-breaking-news","9":"tag-breakingnews","10":"tag-featured-news","11":"tag-featurednews","12":"tag-fi","13":"tag-finland","14":"tag-finnish","15":"tag-headlines","16":"tag-latest-news","17":"tag-latestnews","18":"tag-main-news","19":"tag-mainnews","20":"tag-news","21":"tag-otsikot","22":"tag-paauutiset","23":"tag-suomi","24":"tag-top-stories","25":"tag-topstories","26":"tag-ulkomaat","27":"tag-uutiset","28":"tag-world","29":"tag-world-news","30":"tag-worldnews"},"share_on_mastodon":{"url":"https:\/\/pubeurope.com\/@fi\/115901804455722627","error":""},"_links":{"self":[{"href":"https:\/\/www.europesays.com\/fi\/wp-json\/wp\/v2\/posts\/143507","targetHints":{"allow":["GET"]}}],"collection":[{"href":"https:\/\/www.europesays.com\/fi\/wp-json\/wp\/v2\/posts"}],"about":[{"href":"https:\/\/www.europesays.com\/fi\/wp-json\/wp\/v2\/types\/post"}],"author":[{"embeddable":true,"href":"https:\/\/www.europesays.com\/fi\/wp-json\/wp\/v2\/users\/2"}],"replies":[{"embeddable":true,"href":"https:\/\/www.europesays.com\/fi\/wp-json\/wp\/v2\/comments?post=143507"}],"version-history":[{"count":0,"href":"https:\/\/www.europesays.com\/fi\/wp-json\/wp\/v2\/posts\/143507\/revisions"}],"wp:featuredmedia":[{"embeddable":true,"href":"https:\/\/www.europesays.com\/fi\/wp-json\/wp\/v2\/media\/143508"}],"wp:attachment":[{"href":"https:\/\/www.europesays.com\/fi\/wp-json\/wp\/v2\/media?parent=143507"}],"wp:term":[{"taxonomy":"category","embeddable":true,"href":"https:\/\/www.europesays.com\/fi\/wp-json\/wp\/v2\/categories?post=143507"},{"taxonomy":"post_tag","embeddable":true,"href":"https:\/\/www.europesays.com\/fi\/wp-json\/wp\/v2\/tags?post=143507"}],"curies":[{"name":"wp","href":"https:\/\/api.w.org\/{rel}","templated":true}]}}