{"id":143509,"date":"2026-01-15T23:52:10","date_gmt":"2026-01-15T23:52:10","guid":{"rendered":"https:\/\/www.europesays.com\/fi\/143509\/"},"modified":"2026-01-15T23:52:10","modified_gmt":"2026-01-15T23:52:10","slug":"lisaa-tietoa-viking-linella-kuolleen-miehen-erikoisista-liikkeista","status":"publish","type":"post","link":"https:\/\/www.europesays.com\/fi\/143509\/","title":{"rendered":"Lis\u00e4\u00e4 tietoa Viking Linella kuolleen miehen erikoisista liikkeist\u00e4"},"content":{"rendered":"<p>Hiljattain <a href=\"https:\/\/www.voice.fi\/ilmiot\/il-kuolemantapaus-viking-linella-ihminen-putosi-kannelta\" target=\"_blank\" rel=\"noreferrer noopener nofollow\">uutisoimme<\/a> Viking Linen laivalla sattuneesta kuolemantapauksesta, jossa ihminen putosi XPRS-laivan kannelta ja menehtyi.<\/p>\n<p>Tapaus sattui tiistaina 13. tammikuuta. Poliisi sai ilmoituksen tapahtuneesta hieman puoli kahdeksan j\u00e4lkeen tiistai-iltana.<\/p>\n<p>Lue my\u00f6s: <a href=\"https:\/\/www.voice.fi\/ilmiot\/il-kuolemantapaus-viking-linella-ihminen-putosi-kannelta\" title=\"IL: Kuolemantapaus Viking Linella \u2013 ihminen putosi kannelta\" class=\"underline-custom !font-montserrat !font-bold !underline-offset-4 !decoration-4 !decoration-tilt-light !text-md\" rel=\"nofollow noopener\" target=\"_blank\">IL: Kuolemantapaus Viking Linella \u2013 ihminen putosi kannelta<\/a><\/p>\n<p>Lue my\u00f6s: <a href=\"https:\/\/www.voice.fi\/ilmiot\/a-240088\" title=\"Nainen putosi parvekkeelta Helsingiss\u00e4 ja kuoli \u2013 poliisi ei sulje rikoksen mahdollisuutta pois\" class=\"underline-custom !font-montserrat !font-bold !underline-offset-4 !decoration-4 !decoration-tilt-light !text-md\" rel=\"nofollow noopener\" target=\"_blank\">Nainen putosi parvekkeelta Helsingiss\u00e4 ja kuoli \u2013 poliisi ei sulje rikoksen mahdollisuutta pois<\/a><\/p>\n<p>Nyt virolaismediat <a href=\"https:\/\/elu24.postimees.ee\/8395704\/teisipaeva-hommikul-kalamajas-lapsega-naist-runnanud-mees-leiti-hiljem-soomes-laeva-autotekilt-surnuna\" target=\"_blank\" rel=\"noreferrer noopener nofollow\">Postimees<\/a> ja <a href=\"https:\/\/www.delfi.ee\/artikkel\/120429458\/eile-kalamajas-naist-runnanud-mees-leiti-hiljem-soomes-laeva-autotekilt-surnuna\" target=\"_blank\" rel=\"noreferrer noopener nofollow\">Delfi<\/a> ovat kertoneet uutta tietoa menehtyneen henkil\u00f6n liikkeist\u00e4.<\/p>\n<p>Uhri oli vuonna 1992 syntynyt mies. H\u00e4n oli Viron kansalainen.<\/p>\n<p>H\u00e4net on tunnistettu samaksi henkil\u00f6ksi, joka hy\u00f6kk\u00e4si aikaisemmin tiistaina tuntemattoman naisen kimppuun Pohjois-Tallinnassa.<\/p>\n<p>Poliisi sai tilanteesta ilmoituksen hieman ennen puoltap\u00e4iv\u00e4\u00e4. Ilmoituksen mukaan mies oli tarttunut lapsensa kanssa k\u00e4velem\u00e4ss\u00e4 olleeseen naiseen yll\u00e4tt\u00e4en takaap\u00e4in kiinni.<\/p>\n<p>Nainen kaatui ja mies pakeni paikalta. Nainen ei loukkaantunut niin, ett\u00e4 olisi tarvinnut jatkohoitoa.<\/p>\n<p>Paikalle saapuneet poliisit eiv\u00e4t l\u00f6yt\u00e4neet miest\u00e4, mutta p\u00e4\u00e4tteliv\u00e4t kyseess\u00e4 olevan sama mies, josta he olivat saaneet ilmoituksen vain viisitoista minuuttia aikaisemmin.<\/p>\n<p>Tuolloin kuvaukseen sopiva mies oli hyp\u00e4nnyt Kalamajan p\u00e4iv\u00e4kodin aidan yli sen pihalle ja vaatinut p\u00e4\u00e4st\u00e4 p\u00e4iv\u00e4kodin johtajan puheille.<\/p>\n<p>Lue my\u00f6s: <a href=\"https:\/\/www.voice.fi\/hyvinvointi\/a-235098\" title=\"Laivalla matkustanut on voinut altistua tuhkarokolle, tiedottaa THL\" class=\"underline-custom !font-montserrat !font-bold !underline-offset-4 !decoration-4 !decoration-tilt-light !text-md\" rel=\"nofollow noopener\" target=\"_blank\">Laivalla matkustanut on voinut altistua tuhkarokolle, tiedottaa THL<\/a><\/p>\n<p>Lue my\u00f6s: <a href=\"https:\/\/www.voice.fi\/ilmiot\/a-239484\" title=\"Iltalehden tiedot: Eduskunnassa kuollut oli kansanedustaja, joka teki itsemurhan\" class=\"underline-custom !font-montserrat !font-bold !underline-offset-4 !decoration-4 !decoration-tilt-light !text-md\" rel=\"nofollow noopener\" target=\"_blank\">Iltalehden tiedot: Eduskunnassa kuollut oli kansanedustaja, joka teki itsemurhan<\/a><\/p>\n<p>P\u00e4iv\u00e4kodin henkil\u00f6kunnalle h\u00e4n oli kertonut etsiv\u00e4ns\u00e4 lastaan ja h\u00e4n oli suostunut poistumaan vasta, kun henkil\u00f6kunta soitti poliisille. H\u00e4n oli ollut l\u00e4htiess\u00e4\u00e4n kiihtynyt.<\/p>\n<p>Poliisi kertoo miehen nousseen my\u00f6hemmin Suomeen matkalla olevaan laivaan, ja h\u00e4net tunnistettiin Viking XPRS:n autokannelta kuolleena l\u00f6ytyneeksi henkil\u00f6ksi.<\/p>\n<p>Postimees kertoo, ettei tapauksessa ole syyt\u00e4 ep\u00e4ill\u00e4 rikosta.<\/p>\n","protected":false},"excerpt":{"rendered":"Hiljattain uutisoimme Viking Linen laivalla sattuneesta kuolemantapauksesta, jossa ihminen putosi XPRS-laivan kannelta ja menehtyi. Tapaus sattui tiistaina 13.&hellip;\n","protected":false},"author":2,"featured_media":143510,"comment_status":"","ping_status":"","sticky":false,"template":"","format":"standard","meta":{"footnotes":""},"categories":[12],"tags":[22,23,26,27,33,31,30,17,3982,24,25,28,29,15,1178,18,21,32,24589,19,20,16,3613],"class_list":{"0":"post-143509","1":"post","2":"type-post","3":"status-publish","4":"format-standard","5":"has-post-thumbnail","7":"category-suomi","8":"tag-breaking-news","9":"tag-breakingnews","10":"tag-featured-news","11":"tag-featurednews","12":"tag-fi","13":"tag-finland","14":"tag-finnish","15":"tag-headlines","16":"tag-kuolemantapaus","17":"tag-latest-news","18":"tag-latestnews","19":"tag-main-news","20":"tag-mainnews","21":"tag-news","22":"tag-onnettomuus","23":"tag-otsikot","24":"tag-paauutiset","25":"tag-suomi","26":"tag-tapahtumien-kulku","27":"tag-top-stories","28":"tag-topstories","29":"tag-uutiset","30":"tag-viking-line"},"share_on_mastodon":{"url":"https:\/\/pubeurope.com\/@fi\/115901808203989284","error":""},"_links":{"self":[{"href":"https:\/\/www.europesays.com\/fi\/wp-json\/wp\/v2\/posts\/143509","targetHints":{"allow":["GET"]}}],"collection":[{"href":"https:\/\/www.europesays.com\/fi\/wp-json\/wp\/v2\/posts"}],"about":[{"href":"https:\/\/www.europesays.com\/fi\/wp-json\/wp\/v2\/types\/post"}],"author":[{"embeddable":true,"href":"https:\/\/www.europesays.com\/fi\/wp-json\/wp\/v2\/users\/2"}],"replies":[{"embeddable":true,"href":"https:\/\/www.europesays.com\/fi\/wp-json\/wp\/v2\/comments?post=143509"}],"version-history":[{"count":0,"href":"https:\/\/www.europesays.com\/fi\/wp-json\/wp\/v2\/posts\/143509\/revisions"}],"wp:featuredmedia":[{"embeddable":true,"href":"https:\/\/www.europesays.com\/fi\/wp-json\/wp\/v2\/media\/143510"}],"wp:attachment":[{"href":"https:\/\/www.europesays.com\/fi\/wp-json\/wp\/v2\/media?parent=143509"}],"wp:term":[{"taxonomy":"category","embeddable":true,"href":"https:\/\/www.europesays.com\/fi\/wp-json\/wp\/v2\/categories?post=143509"},{"taxonomy":"post_tag","embeddable":true,"href":"https:\/\/www.europesays.com\/fi\/wp-json\/wp\/v2\/tags?post=143509"}],"curies":[{"name":"wp","href":"https:\/\/api.w.org\/{rel}","templated":true}]}}