{"id":143511,"date":"2026-01-15T23:53:09","date_gmt":"2026-01-15T23:53:09","guid":{"rendered":"https:\/\/www.europesays.com\/fi\/143511\/"},"modified":"2026-01-15T23:53:09","modified_gmt":"2026-01-15T23:53:09","slug":"valkoinen-talo-eurooppalaiset-sotilaat-gronlannissa-eivat-vaikuta-trumpiin-uutisia-lyhyesti","status":"publish","type":"post","link":"https:\/\/www.europesays.com\/fi\/143511\/","title":{"rendered":"Valkoinen talo: Eurooppalaiset sotilaat Gr\u00f6nlannissa eiv\u00e4t vaikuta Trumpiin | Uutisia lyhyesti"},"content":{"rendered":"<p class=\"aw-1gybjub aw-1p7kakr kEtdKx cEmitX yle__article__paragraph\">Yhdysvaltain virkamiesten sek\u00e4 Tanskan ja Gr\u00f6nlannin edustajien eilinen tapaaminen oli tuloksekas, sanoo Valkoisen talon tiedottaja.<\/p>\n<p class=\"aw-1gybjub aw-1p7kakr kEtdKx cEmitX yle__article__paragraph\">Tiedottajan mukaan eurooppalaisten joukkojen l\u00e4hett\u00e4minen Gr\u00f6nlantiin ei vaikuta presidentti <strong class=\"aw-ak79eh KyCXm yle__article__strong\">Donald Trumpin<\/strong> ajatteluun alueesta.<\/p>\n<p class=\"aw-1gybjub aw-1p7kakr kEtdKx cEmitX yle__article__paragraph\">Trump on sanonut, ett\u00e4 Gr\u00f6nlannin pit\u00e4isi kuulua Yhdysvaltoihin, eik\u00e4 h\u00e4n ole sulkenut pois sen valtaamista sotilaallisin keinoin.<\/p>\n<p class=\"aw-1gybjub aw-1p7kakr kEtdKx cEmitX yle__article__paragraph\">L\u00e4hteet: Reuters, AFP<\/p>\n","protected":false},"excerpt":{"rendered":"Yhdysvaltain virkamiesten sek\u00e4 Tanskan ja Gr\u00f6nlannin edustajien eilinen tapaaminen oli tuloksekas, sanoo Valkoisen talon tiedottaja. Tiedottajan mukaan eurooppalaisten&hellip;\n","protected":false},"author":2,"featured_media":74,"comment_status":"","ping_status":"","sticky":false,"template":"","format":"standard","meta":{"footnotes":""},"categories":[5],"tags":[22,23,585,26,27,33,31,30,4538,17,24,25,28,29,15,18,21,32,1014,19,20,56,16,619],"class_list":{"0":"post-143511","1":"post","2":"type-post","3":"status-publish","4":"format-standard","5":"has-post-thumbnail","7":"category-otsikot","8":"tag-breaking-news","9":"tag-breakingnews","10":"tag-donald-trump","11":"tag-featured-news","12":"tag-featurednews","13":"tag-fi","14":"tag-finland","15":"tag-finnish","16":"tag-gronlanti","17":"tag-headlines","18":"tag-latest-news","19":"tag-latestnews","20":"tag-main-news","21":"tag-mainnews","22":"tag-news","23":"tag-otsikot","24":"tag-paauutiset","25":"tag-suomi","26":"tag-tanska","27":"tag-top-stories","28":"tag-topstories","29":"tag-ulkomaat","30":"tag-uutiset","31":"tag-yhdysvallat"},"share_on_mastodon":{"url":"https:\/\/pubeurope.com\/@fi\/115901812095581853","error":""},"_links":{"self":[{"href":"https:\/\/www.europesays.com\/fi\/wp-json\/wp\/v2\/posts\/143511","targetHints":{"allow":["GET"]}}],"collection":[{"href":"https:\/\/www.europesays.com\/fi\/wp-json\/wp\/v2\/posts"}],"about":[{"href":"https:\/\/www.europesays.com\/fi\/wp-json\/wp\/v2\/types\/post"}],"author":[{"embeddable":true,"href":"https:\/\/www.europesays.com\/fi\/wp-json\/wp\/v2\/users\/2"}],"replies":[{"embeddable":true,"href":"https:\/\/www.europesays.com\/fi\/wp-json\/wp\/v2\/comments?post=143511"}],"version-history":[{"count":0,"href":"https:\/\/www.europesays.com\/fi\/wp-json\/wp\/v2\/posts\/143511\/revisions"}],"wp:featuredmedia":[{"embeddable":true,"href":"https:\/\/www.europesays.com\/fi\/wp-json\/wp\/v2\/media\/74"}],"wp:attachment":[{"href":"https:\/\/www.europesays.com\/fi\/wp-json\/wp\/v2\/media?parent=143511"}],"wp:term":[{"taxonomy":"category","embeddable":true,"href":"https:\/\/www.europesays.com\/fi\/wp-json\/wp\/v2\/categories?post=143511"},{"taxonomy":"post_tag","embeddable":true,"href":"https:\/\/www.europesays.com\/fi\/wp-json\/wp\/v2\/tags?post=143511"}],"curies":[{"name":"wp","href":"https:\/\/api.w.org\/{rel}","templated":true}]}}