{"id":143516,"date":"2026-01-16T00:12:09","date_gmt":"2026-01-16T00:12:09","guid":{"rendered":"https:\/\/www.europesays.com\/fi\/143516\/"},"modified":"2026-01-16T00:12:09","modified_gmt":"2026-01-16T00:12:09","slug":"il-immu-ilmenin-tapahtumaan-kiinnitettya-murhaajaa-epaillaan-pahoinpitelysta","status":"publish","type":"post","link":"https:\/\/www.europesays.com\/fi\/143516\/","title":{"rendered":"IL: Immu Ilm\u00e9nin tapahtumaan kiinnitetty\u00e4 murhaajaa ep\u00e4ill\u00e4\u00e4n pahoinpitelyst\u00e4"},"content":{"rendered":"<p>Ep\u00e4illyn on ilmoitettu ottelevan Helsingiss\u00e4 maaliskuussa.<\/p>\n<p>15.1. 20:29<\/p>\n<p class=\"article-body mb-nof-24 px-nof-16\">Iltalehden <a class=\"underline underline-offset-[0.12em] [text-decoration-thickness:var(--generic-link-underline-thickness)] [text-decoration-color:var(--generic-link-underline-color)] [text-decoration-skip-ink:var(--generic-link-underline-skip-ink)] break-words\" href=\"https:\/\/www.iltalehti.fi\/kamppailulajit\/a\/0415a5a3-3153-40de-94e5-7e66aeda88e4\" rel=\"nofollow noopener\" target=\"_blank\">tietojen mukaan<\/a> kamppailulajiaktiivi <a class=\"font-bold underline-offset-[0.12em] [text-decoration:var(--person-link-text-decoration)] ![text-decoration-color:var(--person-link-text-decoration-color)]\" href=\"https:\/\/www.is.fi\/haku\/?query=Toni%20Hakalaa\" rel=\"nofollow noopener\" target=\"_blank\">Toni Hakalaa<\/a> ep\u00e4ill\u00e4\u00e4n pahoinpitelyst\u00e4, joka tapahtui Tikkurilan juna-asemalla viime viikon keskiviikkona.<\/p>\n<p class=\"article-body mb-nof-24 px-nof-16\">Poliisi kertoo Iltalehdelle, ett\u00e4 pahoinpidellyksi tuli 1960-luvulla syntynyt mies. Pahoinpitely\u00e4 oli edelt\u00e4nyt sanaharkka. Poliisin mukaan ep\u00e4ilty ei kiist\u00e4 tappelua.<\/p>\n<p class=\"article-body mb-nof-24 px-nof-16\">Iltalehden artikkelin mukaan tapausta tutkittiin aluksi t\u00f6rke\u00e4n\u00e4 pahoinpitelyn\u00e4. Nimike saattaa lieventy\u00e4 perusmuotoiseksi pahoinpitelyksi.<\/p>\n<p class=\"article-body mb-nof-24 px-nof-16\">Aiemmin murhasta tuomitun ja brasilialaisessa vankilassa istuneen Hakalan on ilmoitettu ottelevan <a class=\"font-bold underline-offset-[0.12em] [text-decoration:var(--person-link-text-decoration)] ![text-decoration-color:var(--person-link-text-decoration-color)]\" href=\"https:\/\/www.is.fi\/haku\/?query=Mika%20%E2%80%9DImmu%E2%80%9D%20Ilmenin\" rel=\"nofollow noopener\" target=\"_blank\">Mika \u201dImmu\u201d Ilmenin<\/a> IFC-promootion j\u00e4rjest\u00e4m\u00e4ss\u00e4 kamppailuillassa maaliskuussa.<\/p>\n<p class=\"article-body mb-nof-24 px-nof-16\">Immun Fight Club tiedotti torstaina, ett\u00e4 Hakala kohtaa Ice Cagesta tutun <a class=\"font-bold underline-offset-[0.12em] [text-decoration:var(--person-link-text-decoration)] ![text-decoration-color:var(--person-link-text-decoration-color)]\" href=\"https:\/\/www.is.fi\/haku\/?query=Jussi%20Pirttikankaan\" rel=\"nofollow noopener\" target=\"_blank\">Jussi Pirttikankaan<\/a> vapaaottelussa.<\/p>\n<p class=\"article-body mb-nof-24 px-nof-16\">IFC:n ensimm\u00e4inen kamppailuilta j\u00e4rjestet\u00e4\u00e4n Helsingin j\u00e4\u00e4hallissa 21. maaliskuuta. J\u00e4rjest\u00e4j\u00e4 Ilm\u00e9n nyrkkeilee <a class=\"font-bold underline-offset-[0.12em] [text-decoration:var(--person-link-text-decoration)] ![text-decoration-color:var(--person-link-text-decoration-color)]\" href=\"https:\/\/www.is.fi\/haku\/?query=Aki%20Mannista\" rel=\"nofollow noopener\" target=\"_blank\">Aki Mannista<\/a> vastaan.<\/p>\n<p class=\"article-body mb-nof-24 px-nof-16\">Marraskuussa ottelua julkistettaessa Ilm\u00e9n sanoi, ett\u00e4 ottelijoilta vaaditaan nuhteettomuutta.<\/p>\n<p class=\"article-body mb-nof-24 px-nof-16\">\u2013 Kamppailu on vellonut skandaaleissa, t\u00e4ss\u00e4 ei py\u00f6ri pakkomunamiehet tai l\u00e4hdet\u00e4 t\u00f6rkeist\u00e4 huumausaineista kaappiin. Ottelijoilta vaaditaan nuhteellisuutta, muuten on ulkona.<\/p>\n<p class=\"article-body mb-nof-24 px-nof-16\">\u2013 Mit\u00e4\u00e4n seksirikoksia tai t\u00e4m\u00e4n tyyppisi\u00e4 juttuja ei saa olla. Voi olla tuomioita, mutta kakut lusittu ja velat maksettu, Ilm\u00e9n sanoi lehdist\u00f6tilaisuudessa marraskuussa.<\/p>\n","protected":false},"excerpt":{"rendered":"Ep\u00e4illyn on ilmoitettu ottelevan Helsingiss\u00e4 maaliskuussa. 15.1. 20:29 Iltalehden tietojen mukaan kamppailulajiaktiivi Toni Hakalaa ep\u00e4ill\u00e4\u00e4n pahoinpitelyst\u00e4, joka tapahtui&hellip;\n","protected":false},"author":2,"featured_media":143517,"comment_status":"","ping_status":"","sticky":false,"template":"","format":"standard","meta":{"footnotes":""},"categories":[158],"tags":[33,31,30,34,159,32,160],"class_list":{"0":"post-143516","1":"post","2":"type-post","3":"status-publish","4":"format-standard","5":"has-post-thumbnail","7":"category-urheilu","8":"tag-fi","9":"tag-finland","10":"tag-finnish","11":"tag-ilta-sanomat","12":"tag-sports","13":"tag-suomi","14":"tag-urheilu"},"share_on_mastodon":{"url":"https:\/\/pubeurope.com\/@fi\/115901886873254855","error":""},"_links":{"self":[{"href":"https:\/\/www.europesays.com\/fi\/wp-json\/wp\/v2\/posts\/143516","targetHints":{"allow":["GET"]}}],"collection":[{"href":"https:\/\/www.europesays.com\/fi\/wp-json\/wp\/v2\/posts"}],"about":[{"href":"https:\/\/www.europesays.com\/fi\/wp-json\/wp\/v2\/types\/post"}],"author":[{"embeddable":true,"href":"https:\/\/www.europesays.com\/fi\/wp-json\/wp\/v2\/users\/2"}],"replies":[{"embeddable":true,"href":"https:\/\/www.europesays.com\/fi\/wp-json\/wp\/v2\/comments?post=143516"}],"version-history":[{"count":0,"href":"https:\/\/www.europesays.com\/fi\/wp-json\/wp\/v2\/posts\/143516\/revisions"}],"wp:featuredmedia":[{"embeddable":true,"href":"https:\/\/www.europesays.com\/fi\/wp-json\/wp\/v2\/media\/143517"}],"wp:attachment":[{"href":"https:\/\/www.europesays.com\/fi\/wp-json\/wp\/v2\/media?parent=143516"}],"wp:term":[{"taxonomy":"category","embeddable":true,"href":"https:\/\/www.europesays.com\/fi\/wp-json\/wp\/v2\/categories?post=143516"},{"taxonomy":"post_tag","embeddable":true,"href":"https:\/\/www.europesays.com\/fi\/wp-json\/wp\/v2\/tags?post=143516"}],"curies":[{"name":"wp","href":"https:\/\/api.w.org\/{rel}","templated":true}]}}