{"id":143524,"date":"2026-01-16T00:18:09","date_gmt":"2026-01-16T00:18:09","guid":{"rendered":"https:\/\/www.europesays.com\/fi\/143524\/"},"modified":"2026-01-16T00:18:09","modified_gmt":"2026-01-16T00:18:09","slug":"hakaniemen-hallissa-toiminut-herkkukauppa-roiniset-lopettaa","status":"publish","type":"post","link":"https:\/\/www.europesays.com\/fi\/143524\/","title":{"rendered":"Hakaniemen hallissa toiminut herkkukauppa Roiniset lopettaa"},"content":{"rendered":"<p>Perheyritys toimi Hakaniemen kauppahallissa vuodesta 1977.<\/p>\n<p>15.1. 19:27<\/p>\n<p class=\"article-body mb-nof-24 px-nof-16\">L\u00e4hes 50 vuotta Helsingiss\u00e4 toiminut elintarvikeliike Roiniset Oy lopettaa toimintansa. Yritys kertoo verkkosivullaan, ett\u00e4 p\u00e4\u00e4t\u00f6s on tehty pitk\u00e4n harkinnan j\u00e4lkeen.<\/p>\n<p class=\"article-body mb-nof-24 px-nof-16\">\u2013\u2009Joudun lopettamaan liikkeemme toiminnan nykyisen taloustilanteen ja oman terveyteni vuoksi, kertoo toimitusjohtaja <a class=\"font-bold underline-offset-[0.12em] [text-decoration:var(--person-link-text-decoration)] ![text-decoration-color:var(--person-link-text-decoration-color)]\" href=\"https:\/\/www.is.fi\/haku\/?query=Jaani%20Roininen\" rel=\"nofollow noopener\" target=\"_blank\">Jaani Roininen<\/a> yrityksen verkkosivuilla.<\/p>\n<p class=\"article-body mb-nof-24 px-nof-16\">\u2013\u2009T\u00e4m\u00e4 p\u00e4\u00e4t\u00f6s ei ollut helppo, sill\u00e4 vuosien varrella olemme saaneet jakaa kanssanne paljon makuel\u00e4myksi\u00e4 ja kohtaamisia, joista olen kiitollinen, jatkuu teksti.<\/p>\n<p class=\"article-body mb-nof-24 px-nof-16\">Perheyritys Roiniset toimi pitk\u00e4\u00e4n Hakaniemen kauppahallissa. Yritys luonnehtii itse\u00e4\u00e4n deli-liikkeeksi ja maahantuojaksi. Se erikoistui italialaisiin herkkuihin ja on myynyt muun muassa pastoja, pestoja, \u00f6ljyj\u00e4, balsamicoja ja leikkeleit\u00e4.<\/p>\n<p class=\"article-body mb-nof-24 px-nof-16\">Yrityksen perusti <a class=\"font-bold underline-offset-[0.12em] [text-decoration:var(--person-link-text-decoration)] ![text-decoration-color:var(--person-link-text-decoration-color)]\" href=\"https:\/\/www.is.fi\/haku\/?query=Impi%20Roininen\" rel=\"nofollow noopener\" target=\"_blank\">Impi Roininen <\/a>vuonna 1977. Yhti\u00f6n vanha nimi oli Leikkeleliike Roiniset. Nykyinen nimi otettiin k\u00e4ytt\u00f6\u00f6n, kun yrityksen johtajaksi astui Impi Roinisen poika <a class=\"font-bold underline-offset-[0.12em] [text-decoration:var(--person-link-text-decoration)] ![text-decoration-color:var(--person-link-text-decoration-color)]\" href=\"https:\/\/www.is.fi\/haku\/?query=Ismo%20Roininen\" rel=\"nofollow noopener\" target=\"_blank\">Ismo Roininen<\/a>. Yritys alkoi my\u00f6s v\u00e4litt\u00e4\u00e4 riistaa ravintoloille.<\/p>\n<p class=\"article-body mb-nof-24 px-nof-16\">Jaani Roininen on hoitanut yrityst\u00e4 noin nelj\u00e4n vuoden ajan.<\/p>\n<p class=\"article-body mb-nof-24 px-nof-16\">Asiakastiedon perusteella kannattavuus on ollut koetteilla jo jonkin aikaa. Maksukyvytt\u00f6myysrekisterin mukaan Roiniset hakeutui yrityssaneeraukseen viime vuoden lopulla. Menettely Helsingin K\u00e4r\u00e4j\u00e4oikeudessa alkoi joulukuun puoliv\u00e4liss\u00e4.<\/p>\n<p class=\"article-body mb-nof-24 px-nof-16\">Hakaniemen kauppahalli on ollut remonttien keskell\u00e4 pitk\u00e4\u00e4n. Itse hallia peruskorjattiin viiden vuoden ajan, ja kauppiaat ty\u00f6skenteliv\u00e4t v\u00e4liaikaisissa v\u00e4ist\u00f6tiloissa Hakaniemen torilla. <a class=\"underline underline-offset-[0.12em] [text-decoration-thickness:var(--generic-link-underline-thickness)] [text-decoration-color:var(--generic-link-underline-color)] [text-decoration-skip-ink:var(--generic-link-underline-skip-ink)] break-words\" href=\"https:\/\/www.is.fi\/taloussanomat\/art-2000009503448.html\" rel=\"nofollow noopener\" target=\"_blank\">Remontti valmistui<\/a> kev\u00e4\u00e4ll\u00e4 2023. Hakaniemess\u00e4 on tehty my\u00f6s mittavia katut\u00f6it\u00e4, jotka voivat heijastua yritysten toimintaan.<\/p>\n<p class=\"article-body mb-nof-24 px-nof-16\">Roiniset Oy:n lopettamisesta kertoi ensin <a class=\"underline underline-offset-[0.12em] [text-decoration-thickness:var(--generic-link-underline-thickness)] [text-decoration-color:var(--generic-link-underline-color)] [text-decoration-skip-ink:var(--generic-link-underline-skip-ink)] break-words\" href=\"https:\/\/www.is.fi\/artikkeli\/art-2000011750586.html\" rel=\"nofollow noopener\" target=\"_blank\">Helsingin Sanomat<\/a>.<\/p>\n","protected":false},"excerpt":{"rendered":"Perheyritys toimi Hakaniemen kauppahallissa vuodesta 1977. 15.1. 19:27 L\u00e4hes 50 vuotta Helsingiss\u00e4 toiminut elintarvikeliike Roiniset Oy lopettaa toimintansa.&hellip;\n","protected":false},"author":2,"featured_media":143525,"comment_status":"","ping_status":"","sticky":false,"template":"","format":"standard","meta":{"footnotes":""},"categories":[12],"tags":[22,23,26,27,33,31,30,17,34,24,25,28,29,15,18,21,32,19,20,16],"class_list":{"0":"post-143524","1":"post","2":"type-post","3":"status-publish","4":"format-standard","5":"has-post-thumbnail","7":"category-suomi","8":"tag-breaking-news","9":"tag-breakingnews","10":"tag-featured-news","11":"tag-featurednews","12":"tag-fi","13":"tag-finland","14":"tag-finnish","15":"tag-headlines","16":"tag-ilta-sanomat","17":"tag-latest-news","18":"tag-latestnews","19":"tag-main-news","20":"tag-mainnews","21":"tag-news","22":"tag-otsikot","23":"tag-paauutiset","24":"tag-suomi","25":"tag-top-stories","26":"tag-topstories","27":"tag-uutiset"},"share_on_mastodon":{"url":"https:\/\/pubeurope.com\/@fi\/115901910492796967","error":""},"_links":{"self":[{"href":"https:\/\/www.europesays.com\/fi\/wp-json\/wp\/v2\/posts\/143524","targetHints":{"allow":["GET"]}}],"collection":[{"href":"https:\/\/www.europesays.com\/fi\/wp-json\/wp\/v2\/posts"}],"about":[{"href":"https:\/\/www.europesays.com\/fi\/wp-json\/wp\/v2\/types\/post"}],"author":[{"embeddable":true,"href":"https:\/\/www.europesays.com\/fi\/wp-json\/wp\/v2\/users\/2"}],"replies":[{"embeddable":true,"href":"https:\/\/www.europesays.com\/fi\/wp-json\/wp\/v2\/comments?post=143524"}],"version-history":[{"count":0,"href":"https:\/\/www.europesays.com\/fi\/wp-json\/wp\/v2\/posts\/143524\/revisions"}],"wp:featuredmedia":[{"embeddable":true,"href":"https:\/\/www.europesays.com\/fi\/wp-json\/wp\/v2\/media\/143525"}],"wp:attachment":[{"href":"https:\/\/www.europesays.com\/fi\/wp-json\/wp\/v2\/media?parent=143524"}],"wp:term":[{"taxonomy":"category","embeddable":true,"href":"https:\/\/www.europesays.com\/fi\/wp-json\/wp\/v2\/categories?post=143524"},{"taxonomy":"post_tag","embeddable":true,"href":"https:\/\/www.europesays.com\/fi\/wp-json\/wp\/v2\/tags?post=143524"}],"curies":[{"name":"wp","href":"https:\/\/api.w.org\/{rel}","templated":true}]}}