{"id":143542,"date":"2026-01-16T00:45:13","date_gmt":"2026-01-16T00:45:13","guid":{"rendered":"https:\/\/www.europesays.com\/fi\/143542\/"},"modified":"2026-01-16T00:45:13","modified_gmt":"2026-01-16T00:45:13","slug":"antti-lindtman-kommentoi-sdpn-hairintakohua","status":"publish","type":"post","link":"https:\/\/www.europesays.com\/fi\/143542\/","title":{"rendered":"Antti Lindtman kommentoi Sdp:n h\u00e4irint\u00e4kohua"},"content":{"rendered":"<p>Sdp:n puheenjohtajan mielest\u00e4 h\u00e4irint\u00e4\u00e4n ja ep\u00e4asialliseen k\u00e4yt\u00f6kseen on suhtauduttava \u201d\u00e4\u00e4rimm\u00e4isen vakavasti\u201d.<\/p>\n<p>15.1. 20:47<\/p>\n<p class=\"article-body mb-nof-24 px-nof-16\">Sdp:n puheenjohtaja <a class=\"font-bold underline-offset-[0.12em] [text-decoration:var(--person-link-text-decoration)] ![text-decoration-color:var(--person-link-text-decoration-color)]\" href=\"https:\/\/www.is.fi\/haku\/?query=Antti%20Lindtman\" rel=\"nofollow noopener\" target=\"_blank\">Antti Lindtman<\/a> kommentoi puolueensa eduskuntaryhm\u00e4\u00e4 riivaavaa h\u00e4irint\u00e4kohua.<\/p>\n<p class=\"article-body mb-nof-24 px-nof-16\">\u2013 Eduskunnasta esiin nousseet tiedot h\u00e4irinn\u00e4st\u00e4 ja ep\u00e4asiallisesta k\u00e4yt\u00f6ksest\u00e4 ovat vakavia, ja niihin on suhtauduttava \u00e4\u00e4rimm\u00e4isen vakavasti. Sdp ei hyv\u00e4ksy mink\u00e4\u00e4nlaista h\u00e4irint\u00e4\u00e4, eik\u00e4 sellaiselta tule kenenk\u00e4\u00e4n sulkea silmi\u00e4, Lindtman linjaa Instagramissa.<\/p>\n<p class=\"article-body mb-nof-24 px-nof-16\">IS <a class=\"underline underline-offset-[0.12em] [text-decoration-thickness:var(--generic-link-underline-thickness)] [text-decoration-color:var(--generic-link-underline-color)] [text-decoration-skip-ink:var(--generic-link-underline-skip-ink)] break-words\" href=\"https:\/\/www.is.fi\/politiikka\/art-2000011749874.html\" rel=\"nofollow noopener\" target=\"_blank\">uutiso<\/a>i keskiviikkona viidest\u00e4 Sdp:n eduskuntaryhm\u00e4\u00e4n liittyv\u00e4st\u00e4 h\u00e4irint\u00e4tapauksesta. Kyse on ollut muun muassa ep\u00e4asiallisesta koskettelusta ja seksin tarjoamisesta.<\/p>\n<p class=\"article-body mb-nof-24 px-nof-16\">\u2013 Nyt esiin nousseesta ilmi\u00f6st\u00e4 tullaan Sdp:n eduskuntaryhm\u00e4ss\u00e4 laatimaan selvitys ulkopuoliseen apuun tukeutuen. Selvityksen pohjalta ryhm\u00e4 p\u00e4\u00e4tt\u00e4\u00e4 aikanaan jatkotoimista. Mutta viel\u00e4 t\u00e4rke\u00e4mp\u00e4\u00e4 on tehd\u00e4 kaikki mahdollinen sen eteen, ettei tulevaisuudessa en\u00e4\u00e4 kenenk\u00e4\u00e4n tarvitsisi tuntea oloaan turvattomaksi, Lindtman kirjoittaa.<\/p>\n<blockquote class=\"p-[var(--citation-padding)] m-[var(--citation-margin)] border-y-[length:var(--citation-border-width)] border-y-[color:var(--citation-border-color)]\">\n<p>Selv\u00e4stik\u00e4\u00e4n n\u00e4m\u00e4 eiv\u00e4t ole riitt\u00e4neet ilmi\u00f6n kitkemiseksi.<\/p>\n<\/blockquote>\n<p class=\"article-body mb-nof-24 px-nof-16\">Keskustelu kansanedustajien avustajien kohtelusta sai alkunsa, kun kansanedustaja <a class=\"font-bold underline-offset-[0.12em] [text-decoration:var(--person-link-text-decoration)] ![text-decoration-color:var(--person-link-text-decoration-color)]\" href=\"https:\/\/www.is.fi\/haku\/?query=Ville%20Merinen\" rel=\"nofollow noopener\" target=\"_blank\">Ville Merinen<\/a> (sd) nosti asian esiin Ylen dokumenttisarjassa.<\/p>\n<p class=\"article-body mb-nof-24 px-nof-16\">Lindtmanin mukaan eduskuntaryhm\u00e4ll\u00e4 on jo olemassa k\u00e4yt\u00e4nn\u00f6t ja prosessit, joilla ep\u00e4asialliseen k\u00e4ytt\u00e4ytymiseen puututaan, ja toimivat kanavat nimett\u00f6mien h\u00e4irint\u00e4ilmoitusten tekemiseen.<\/p>\n<p class=\"article-body mb-nof-24 px-nof-16\">\u2013 Selv\u00e4stik\u00e4\u00e4n n\u00e4m\u00e4 eiv\u00e4t ole riitt\u00e4neet ilmi\u00f6n kitkemiseksi, Lindtman toteaa.<\/p>\n<p class=\"article-body mb-nof-24 px-nof-16\">Ryhm\u00e4ss\u00e4 aloitetaan nyt ty\u00f6 ongelmien selvitt\u00e4miseksi ja ratkaisemiseksi.<\/p>\n<p class=\"article-body mb-nof-24 px-nof-16\">Puheenjohtajan mukaan Sdp:n eduskuntaryhm\u00e4 ei ole yksin ongelman kanssa.<\/p>\n<p class=\"article-body mb-nof-24 px-nof-16\">\u2013 Sen vuoksi eduskunnassa ja kaikissa eduskuntaryhmiss\u00e4 sek\u00e4 koko Suomessa meid\u00e4n on syyt\u00e4 nyt keskitty\u00e4 kulttuurimme kehitt\u00e4miseen niin, ett\u00e4 my\u00f6s h\u00e4irinn\u00e4n kohteeksi tulleet kokisivat olonsa riitt\u00e4v\u00e4n turvalliseksi, ett\u00e4 uskaltaisivat nostaa ilmeisi\u00e4 ep\u00e4kohtia esiin.<\/p>\n<p class=\"article-body mb-nof-24 px-nof-16\">My\u00f6s eduskunnan varapuhemies <a class=\"font-bold underline-offset-[0.12em] [text-decoration:var(--person-link-text-decoration)] ![text-decoration-color:var(--person-link-text-decoration-color)]\" href=\"https:\/\/www.is.fi\/haku\/?query=Tarja%20Filatov\" rel=\"nofollow noopener\" target=\"_blank\">Tarja Filatov<\/a> (sd) on kommentoinut h\u00e4irint\u00e4\u00e4.<\/p>\n<p class=\"article-body mb-nof-24 px-nof-16\">\u2013 Ehk\u00e4 julkinen keskustelu antaa rohkeutta ep\u00e4asiallista kohtelua kohdanneelle ilmoittaa asiasta eteenp\u00e4in, Filatov kirjoittaa <a class=\"underline underline-offset-[0.12em] [text-decoration-thickness:var(--generic-link-underline-thickness)] [text-decoration-color:var(--generic-link-underline-color)] [text-decoration-skip-ink:var(--generic-link-underline-skip-ink)] break-words\" href=\"https:\/\/filatov.net\/uutiset\/2026\/1\/15\/tarja-filatov-hirinnn-nollatoleranssi-vaatii-tietoa-ongelmista\" rel=\"nofollow noopener\" target=\"_blank\">blogissaan<\/a>.<\/p>\n<p class=\"article-body mb-nof-24 px-nof-16\">\u2013 Julkisuus on hyv\u00e4st\u00e4 siin\u00e4 mieless\u00e4, ett\u00e4 se haastaa parantamaan ilmoittamis- ja puuttumismenetelmi\u00e4 sek\u00e4 ennen muuta ennaltaehk\u00e4isy\u00e4.<\/p>\n<p class=\"article-body mb-nof-24 px-nof-16\">Filatov toteaa kansanedustajien tulevan hyvin erilaisista l\u00e4ht\u00f6kohdista ja valmius esihenkil\u00f6n\u00e4 toimimiseen vaihtelee.<\/p>\n<p class=\"article-body mb-nof-24 px-nof-16\">\u2013 Edustaja on t\u00f6iss\u00e4 24\/7 ja joskus on vaikea muistaa, ett\u00e4 muulla henkil\u00f6st\u00f6ll\u00e4 on ty\u00f6aika ja oikeus lain s\u00e4\u00e4t\u00e4miin vapaisiin. Ty\u00f6ss\u00e4 toimitaan yhteisen aatteen eteen ja eduskuntaty\u00f6 sek\u00e4 muu poliittinen ty\u00f6 limittyy erottamattomasti toisiinsa.<\/p>\n<p><img decoding=\"async\" src=\"https:\/\/www.europesays.com\/fi\/wp-content\/uploads\/2026\/01\/1768524313_318_468.jpg\" alt=\"Eduskunnan varapuhemies Tarja Filatovin mukaan kansanedustajien on joskus vaikea muistaa, ett\u00e4 muulla henkil\u00f6st\u00f6ll\u00e4 on ty\u00f6aika ja oikeus lain s\u00e4\u00e4t\u00e4miin vapaisiin.\" class=\"_Img_1rerz_1\" style=\"aspect-ratio:1.5\" loading=\"eager\"\/><\/p>\n<p class=\"article-picture-caption\">Eduskunnan varapuhemies Tarja Filatovin mukaan kansanedustajien on joskus vaikea muistaa, ett\u00e4 muulla henkil\u00f6st\u00f6ll\u00e4 on ty\u00f6aika ja oikeus lain s\u00e4\u00e4t\u00e4miin vapaisiin. Kuva:\u00a0Jussi Nukari<\/p>\n<p class=\"article-body mb-nof-24 px-nof-16\">Filatovin mukaan ty\u00f6paikalla pit\u00e4\u00e4 olla ennalta sovittu toimintamalli h\u00e4irint\u00e4tilanteiden varalle.<\/p>\n<p class=\"article-body mb-nof-24 px-nof-16\">\u2013 Mallissa kuvattuna, miten asia vied\u00e4\u00e4n eteenp\u00e4in, kehen voi olla yhteydess\u00e4 ja miten tilannetta selvitet\u00e4\u00e4n. Kun prosessi on selke\u00e4, h\u00e4irint\u00e4\u00e4 kokevan ei tarvitse j\u00e4\u00e4d\u00e4 yksin tai ep\u00e4tietoisuuden varaan.<\/p>\n<p class=\"article-body mb-nof-24 px-nof-16\">Mit\u00e4 aikaisemmin ep\u00e4asialliseen k\u00e4yt\u00f6kseen puututaan, sit\u00e4 helpompi tilanne on h\u00e4nen mukaansa ratkaista.<\/p>\n<p class=\"article-body mb-nof-24 px-nof-16\">\u2013 Pienilt\u00e4kin tuntuvat kommentit tai teot voivat ajan my\u00f6t\u00e4 kasvaa vakavaksi ongelmaksi, Filatov toteaa.<\/p>\n<p class=\"article-body mb-nof-24 px-nof-16\">Eduskunnan vs. p\u00e4\u00e4sihteerin <a class=\"font-bold underline-offset-[0.12em] [text-decoration:var(--person-link-text-decoration)] ![text-decoration-color:var(--person-link-text-decoration-color)]\" href=\"https:\/\/www.is.fi\/haku\/?query=Mikael%20Koillisen\" rel=\"nofollow noopener\" target=\"_blank\">Mikael Koillisen<\/a> mukaan eduskunnan teett\u00e4mist\u00e4 kyselyist\u00e4 ja k\u00e4ydyist\u00e4 keskusteluista ei ole piirtynyt kuvaa laajasta ep\u00e4asiallisesta kohtelusta, mutta julkisuudessa esiintyneiden tietojen perusteella voidaan todeta, ett\u00e4 toimet ovat olleet osittain riitt\u00e4m\u00e4tt\u00f6mi\u00e4 ja tapauksia on j\u00e4\u00e4nyt havaitsematta.<\/p>\n<p class=\"article-body mb-nof-24 px-nof-16\">Eduskunta teett\u00e4\u00e4 uuden kyselyn selvitt\u00e4\u00e4kseen ilmi\u00f6n laajuutta.<\/p>\n","protected":false},"excerpt":{"rendered":"Sdp:n puheenjohtajan mielest\u00e4 h\u00e4irint\u00e4\u00e4n ja ep\u00e4asialliseen k\u00e4yt\u00f6kseen on suhtauduttava \u201d\u00e4\u00e4rimm\u00e4isen vakavasti\u201d. 15.1. 20:47 Sdp:n puheenjohtaja Antti Lindtman kommentoi&hellip;\n","protected":false},"author":2,"featured_media":143543,"comment_status":"","ping_status":"","sticky":false,"template":"","format":"standard","meta":{"footnotes":""},"categories":[5],"tags":[22,23,26,27,33,31,30,17,34,24,25,28,29,15,18,21,32,19,20,16],"class_list":{"0":"post-143542","1":"post","2":"type-post","3":"status-publish","4":"format-standard","5":"has-post-thumbnail","7":"category-otsikot","8":"tag-breaking-news","9":"tag-breakingnews","10":"tag-featured-news","11":"tag-featurednews","12":"tag-fi","13":"tag-finland","14":"tag-finnish","15":"tag-headlines","16":"tag-ilta-sanomat","17":"tag-latest-news","18":"tag-latestnews","19":"tag-main-news","20":"tag-mainnews","21":"tag-news","22":"tag-otsikot","23":"tag-paauutiset","24":"tag-suomi","25":"tag-top-stories","26":"tag-topstories","27":"tag-uutiset"},"share_on_mastodon":{"url":"https:\/\/pubeurope.com\/@fi\/115902016576289398","error":""},"_links":{"self":[{"href":"https:\/\/www.europesays.com\/fi\/wp-json\/wp\/v2\/posts\/143542","targetHints":{"allow":["GET"]}}],"collection":[{"href":"https:\/\/www.europesays.com\/fi\/wp-json\/wp\/v2\/posts"}],"about":[{"href":"https:\/\/www.europesays.com\/fi\/wp-json\/wp\/v2\/types\/post"}],"author":[{"embeddable":true,"href":"https:\/\/www.europesays.com\/fi\/wp-json\/wp\/v2\/users\/2"}],"replies":[{"embeddable":true,"href":"https:\/\/www.europesays.com\/fi\/wp-json\/wp\/v2\/comments?post=143542"}],"version-history":[{"count":0,"href":"https:\/\/www.europesays.com\/fi\/wp-json\/wp\/v2\/posts\/143542\/revisions"}],"wp:featuredmedia":[{"embeddable":true,"href":"https:\/\/www.europesays.com\/fi\/wp-json\/wp\/v2\/media\/143543"}],"wp:attachment":[{"href":"https:\/\/www.europesays.com\/fi\/wp-json\/wp\/v2\/media?parent=143542"}],"wp:term":[{"taxonomy":"category","embeddable":true,"href":"https:\/\/www.europesays.com\/fi\/wp-json\/wp\/v2\/categories?post=143542"},{"taxonomy":"post_tag","embeddable":true,"href":"https:\/\/www.europesays.com\/fi\/wp-json\/wp\/v2\/tags?post=143542"}],"curies":[{"name":"wp","href":"https:\/\/api.w.org\/{rel}","templated":true}]}}