{"id":143557,"date":"2026-01-16T01:23:10","date_gmt":"2026-01-16T01:23:10","guid":{"rendered":"https:\/\/www.europesays.com\/fi\/143557\/"},"modified":"2026-01-16T01:23:10","modified_gmt":"2026-01-16T01:23:10","slug":"sting-maksoi-the-police-yhtyeen-jasenille-600-000-puntaa-korvauksia-yle","status":"publish","type":"post","link":"https:\/\/www.europesays.com\/fi\/143557\/","title":{"rendered":"Sting maksoi The Police-yhtyeen j\u00e4senille 600 000 puntaa korvauksia &#8211; Yle"},"content":{"rendered":"<ol>\n<li><a href=\"https:\/\/news.google.com\/rss\/articles\/CBMiVkFVX3lxTE8zNjIxT0dhVUYxQ3BhS1hQREF0a1ppTmczQlJ3dUZhcTlQellGYnBlNE1LMUR6MktMalJfOVZoRXhYVEZlbEVHdlFIQUd5MF8tQzdQYlp3?oc=5\" target=\"_blank\" rel=\"nofollow noopener\">Sting maksoi The Police-yhtyeen j\u00e4senille 600 000 puntaa korvauksia<\/a>&nbsp;&nbsp;Yle<\/li>\n<li><a href=\"https:\/\/news.google.com\/rss\/articles\/CBMiQkFVX3lxTE1sQm1SOHB3OVllOEZBTi1zWXlWNGl6YlhkVWVQYmdGcm5YTEhheURWSE93UHIxVDVCWGNTLXRhTndNUQ?oc=5\" target=\"_blank\" rel=\"nofollow noopener\">Telej\u00e4tti Ericsson aikoo irtisanoa 1 600 ty\u00f6ntekij\u00e4\u00e4 Ruotsissa<\/a>&nbsp;&nbsp;Yle<\/li>\n<li><a href=\"https:\/\/news.google.com\/rss\/articles\/CBMiYEFVX3lxTE1wRGtvbXJNQlJmRS0yUFlSOURaT1p0OGxkZmVKcExEMXhCLWNiSEt1SWZUeHlkRzJRWE9FY2RKR1V0ZVBub0lPWHljczRVT2x0WEtfdlZYT185X1UxOHpQdA?oc=5\" target=\"_blank\" rel=\"nofollow noopener\">Ericssonilta lohduton viesti<\/a>&nbsp;&nbsp;Demokraatti.fi<\/li>\n<li><a href=\"https:\/\/news.google.com\/rss\/articles\/CBMiwAFBVV95cUxNTzZVM0xyYmxEeHFNMGRfOHB4Vk9CRkc4N293WHZ5NmtyaFRJWDg3WThzX2FDV1Q4YlpadF8takxJLUZEeWZYVjhRRlc1Z3M5aWZtY1FGa090NU83SVFxc3QxeWNUUUtvZVNQYm1VV245bzB2cDh5TDRWbnozb09Xd3AxZHVKVXVRTFI1M1dxVkV5VkpxOUd2ZDg1WDBQZ05XeFFOQUVMZllNYjY4M202SkczSnJpYm1EYXh5YkxVSDQ?oc=5\" target=\"_blank\" rel=\"nofollow noopener\">Ericsson aloittaa massiiviset irtisanomiset Ruotsissa<\/a>&nbsp;&nbsp;mtvuutiset.fi<\/li>\n<li><a href=\"https:\/\/news.google.com\/rss\/articles\/CBMiW0FVX3lxTE54MTdJdkNiTVZ4TVE1ODVHVGJ6ZnBjNkNGR28zTXgtczFiSkRkc3AyMDNIUjRuOU4yMjVJZDJNWXBNZTJfaTFMRTZ1VVh3TnpXcGdCUGJ3TTBTcms?oc=5\" target=\"_blank\" rel=\"nofollow noopener\">Yritykset | Nokian kilpailija Ericsson aikoo karsia 1 600 ty\u00f6paikkaa Ruotsissa<\/a>&nbsp;&nbsp;HS.fi<\/li>\n<\/ol>\n","protected":false},"excerpt":{"rendered":"Sting maksoi The Police-yhtyeen j\u00e4senille 600 000 puntaa korvauksia&nbsp;&nbsp;Yle Telej\u00e4tti Ericsson aikoo irtisanoa 1 600 ty\u00f6ntekij\u00e4\u00e4 Ruotsissa&nbsp;&nbsp;Yle Ericssonilta&hellip;\n","protected":false},"author":2,"featured_media":143558,"comment_status":"","ping_status":"","sticky":false,"template":"","format":"standard","meta":{"footnotes":""},"categories":[136],"tags":[407,137,33,31,30,408,108,47,24545,32,24546,56,109,4614],"class_list":{"0":"post-143557","1":"post","2":"type-post","3":"status-publish","4":"format-standard","5":"has-post-thumbnail","7":"category-julkkikset","8":"tag-celebrities","9":"tag-entertainment","10":"tag-fi","11":"tag-finland","12":"tag-finnish","13":"tag-julkkikset","14":"tag-kulttuuri","15":"tag-musiikki","16":"tag-sting","17":"tag-suomi","18":"tag-the-police","19":"tag-ulkomaat","20":"tag-viihde","21":"tag-yhtyeet"},"share_on_mastodon":{"url":"https:\/\/pubeurope.com\/@fi\/115902165957806572","error":""},"_links":{"self":[{"href":"https:\/\/www.europesays.com\/fi\/wp-json\/wp\/v2\/posts\/143557","targetHints":{"allow":["GET"]}}],"collection":[{"href":"https:\/\/www.europesays.com\/fi\/wp-json\/wp\/v2\/posts"}],"about":[{"href":"https:\/\/www.europesays.com\/fi\/wp-json\/wp\/v2\/types\/post"}],"author":[{"embeddable":true,"href":"https:\/\/www.europesays.com\/fi\/wp-json\/wp\/v2\/users\/2"}],"replies":[{"embeddable":true,"href":"https:\/\/www.europesays.com\/fi\/wp-json\/wp\/v2\/comments?post=143557"}],"version-history":[{"count":0,"href":"https:\/\/www.europesays.com\/fi\/wp-json\/wp\/v2\/posts\/143557\/revisions"}],"wp:featuredmedia":[{"embeddable":true,"href":"https:\/\/www.europesays.com\/fi\/wp-json\/wp\/v2\/media\/143558"}],"wp:attachment":[{"href":"https:\/\/www.europesays.com\/fi\/wp-json\/wp\/v2\/media?parent=143557"}],"wp:term":[{"taxonomy":"category","embeddable":true,"href":"https:\/\/www.europesays.com\/fi\/wp-json\/wp\/v2\/categories?post=143557"},{"taxonomy":"post_tag","embeddable":true,"href":"https:\/\/www.europesays.com\/fi\/wp-json\/wp\/v2\/tags?post=143557"}],"curies":[{"name":"wp","href":"https:\/\/api.w.org\/{rel}","templated":true}]}}