{"id":143559,"date":"2026-01-16T01:30:22","date_gmt":"2026-01-16T01:30:22","guid":{"rendered":"https:\/\/www.europesays.com\/fi\/143559\/"},"modified":"2026-01-16T01:30:22","modified_gmt":"2026-01-16T01:30:22","slug":"murhaaja-ja-vapaaottelija-toni-hakala-pahoinpiteli-miehen-tikkurilassa-poliisi-tutkii","status":"publish","type":"post","link":"https:\/\/www.europesays.com\/fi\/143559\/","title":{"rendered":"Murhaaja ja vapaaottelija Toni Hakala pahoinpiteli miehen Tikkurilassa \u2013 Poliisi tutkii"},"content":{"rendered":"<p>Murhasta vuosia vankilassa istunut mies on osallistumassa Immu Ilm\u00e9nin vapaaotteluun. Nyt h\u00e4nt\u00e4 ep\u00e4ill\u00e4\u00e4n pahoinpitelyst\u00e4.<\/p>\n<p><img decoding=\"async\" class=\"image image-show image-preview\" src=\"https:\/\/www.europesays.com\/fi\/wp-content\/uploads\/2026\/01\/efca2d9e014a523a2cacdd9b36f1a5418d70385687643d0ded5c19cb61d7f786.jpg\" alt=\"\"\/><img decoding=\"async\" class=\"image image-show\" src=\"https:\/\/www.europesays.com\/fi\/wp-content\/uploads\/2026\/01\/1768527022_273_efca2d9e014a523a2cacdd9b36f1a5418d70385687643d0ded5c19cb61d7f786.jpg\" alt=\"\"\/><\/p>\n<p>Murhasta tuomittu Toni Hakala on vapaana ja kilpailee vapaaottelussa, uutisoi Iltalehti vuonna 2019. IL-ARKISTO<\/p>\n<p class=\"paragraph\">Iltalehden tietojen mukaan murhasta tuomion istunutta kamppailulajiaktiivi <strong>Toni Hakalaa<\/strong>, 49, ep\u00e4ill\u00e4\u00e4n pahoinpitelyst\u00e4.<\/p>\n<p class=\"paragraph\">Ep\u00e4ilty pahoinpitely tapahtui viime viikon keskiviikkona Vantaalla Tikkurilan juna-asemalla hieman ennen kello yhdeks\u00e4\u00e4 illalla.<\/p>\n<p class=\"paragraph\">Poliisin mukaan 1960-luvun lopulla syntynyt mies joutui viisikymppisen miehen pahoinpitelem\u00e4ksi. Tekij\u00e4 poistui paikalta ennen poliisin tuloa, mutta viranomaiset tavoittivat h\u00e4net my\u00f6hemmin.<\/p>\n<p class=\"paragraph\">Iltalehden tietojen mukaan kyseinen mies on Toni Hakala.<\/p>\n<p class=\"paragraph\">Poliisi tutki tapausta alun perin t\u00f6rke\u00e4n\u00e4 pahoinpitelyn\u00e4, mutta nimike lieventynee perusmuotoiseksi pahoinpitelyksi. Poliisi selvitt\u00e4\u00e4 my\u00f6s, onko uhria syyt\u00e4 ep\u00e4ill\u00e4 niin ik\u00e4\u00e4n v\u00e4kivallasta.<\/p>\n<p class=\"paragraph\">\u2013 Jonkinlaisen sanaharkan takia on t\u00e4llaiseen tilanteeseen jouduttu. Selvitell\u00e4\u00e4n, kuinka paljon v \u00e4kivaltaa on ollut puolin ja toisin, sanoo tutkinnanjohtaja <strong>Jukka Kalliom\u00e4ki<\/strong> It\u00e4-Uudenmaan poliisista.<\/p>\n<p class=\"paragraph\">Poliisin mukaan ep\u00e4ilty ei kiist\u00e4 tappelua, mutta h\u00e4nell\u00e4 on uhrin kanssa erilainen n\u00e4kemys kaksikon osallisuudesta tapahtumiin.<\/p>\n<p>Matsi tulossa<\/p>\n<p class=\"paragraph\">Hakala on ollut viime kuukausien aikana esill\u00e4 muun muassa <strong>Mika \u201dImmu\u201d Ilm\u00e9nin<\/strong> kanavissa. Oman kamppailupromootion perustanut Ilm\u00e9n kiinnitti Hakalan ammattilaisvapaaottelumatsiin Immun Fight Club -iltaan (IFC).<\/p>\n<p class=\"paragraph\">Otteluilta j\u00e4rjestet\u00e4\u00e4n Helsingin j\u00e4\u00e4hallissa 21. maaliskuuta, ja se on IL:n tietojen mukaan katsottavissa my\u00f6s Ruutu-palvelusta. Torstaina IFC paljasti, ett\u00e4 Hakala kohtaa ottelussa <strong>Jussi Pirttikankaan<\/strong>.<\/p>\n<p class=\"paragraph\">IFC:n Instagram-videolla Hakala kertoi ottaneensa 50 vapaaottelumatsia samalla, kun h\u00e4n suoritti vankeustuomiota Brasiliassa. Hakalalla on musta vy\u00f6 brasilialaisessa jujutsussa.<\/p>\n<p class=\"paragraph\">IFC:n julkistustilaisuudessa Ilm\u00e9n painotti, ett\u00e4 ottelijoiden sopimuksissa vaaditaan nuhteettomuutta.<\/p>\n<p class=\"paragraph\">\u2013 Mit\u00e4\u00e4n seksirikoksia tai jotain sellaista ei saa olla. Ihmisill\u00e4 voi olla tuomioita, mutta kakut pit\u00e4\u00e4 olla lusittu, tuomiot hoidettu yhteiskunnalle, velat maksettu&#8230; Sellainen itsekin olen. Sitten on puhdas p\u00f6yt\u00e4, sitten voi tulla, Ilm\u00e9n sanoi marraskuussa.<\/p>\n<p>Vankilassa Brasiliassa<\/p>\n<p>Toni Hakalan rikosep\u00e4ilyst\u00e4 ja tuomiosta Brasiliassa uutisoitiin laajasti Suomessa aikoinaan. IL-ARKISTO<\/p>\n<p class=\"paragraph\">Suomessa syntynyt Hakala kiinnostui kamppailulajeista jo koululaisena. Aikuisena h\u00e4n teki t\u00f6it\u00e4 muun muassa j\u00e4rjestysmiehen\u00e4 helsinkil\u00e4isiss\u00e4 baareissa. Lopulta tie vei Brasiliaan, josta Hakala l\u00f6ysi kumppanikseen tanssijan.<\/p>\n<p class=\"paragraph\">Vuoden kest\u00e4nyt suhde p\u00e4\u00e4tyi naisen kuolemaan.<\/p>\n<p class=\"paragraph\">Mies k\u00e4tki ruumiin verisen y\u00f6n p\u00e4\u00e4tteeksi maaliskuussa 2008. Naisen ruumis l\u00f6ytyi 40 vuorokautta my\u00f6hemmin.<\/p>\n<p class=\"paragraph\">Hakala tuomittiin vuonna 2008 naisyst\u00e4v\u00e4ns\u00e4 murhasta vuosiksi vankeuteen Brasiliassa.<\/p>\n<p class=\"paragraph\">Mies istui l\u00e4hes 20 vuoden tuomiostaan noin puolet. Hakala kertoi vapautumisestaan sosiaalisessa mediassa vuonna 2019.<\/p>\n<p class=\"paragraph\">\u2013 Takana on mielet\u00f6n vuosi 2018. Sain vapauteni, l\u00f6ysin el\u00e4m\u00e4\u00e4ni rakkautta, intohimoa ja uskoa. Saavutin asioita ja taistelin itseni takaisin kamppailuskeneen, Hakala kirjoitti.<\/p>\n<p class=\"paragraph\">Sittemmin mies on palannut Suomeen ja jatkanut edelleen ty\u00f6skentely\u00e4 kamppailulajiharrastuksensa parissa. Mies on kertonut my\u00f6s avoimesti rikostaustastaan. H\u00e4nelt\u00e4 on ilmestym\u00e4ss\u00e4 teemaan liittyen kirja t\u00e4m\u00e4n vuoden kev\u00e4\u00e4ll\u00e4.<\/p>\n<p class=\"paragraph\">Iltalehti yritti tavoittaa Hakalaa kommentoimaan rikosep\u00e4ilyj\u00e4 ja h\u00e4nen osallistumistaan IFC-iltaan. Mies vastasi toimitukseen yhteydenottoon viestill\u00e4 ja sanoi palaavansa asiaan. Ennen t\u00e4m\u00e4n jutun julkaisua Hakala ei kuitenkaan ottanut yhteytt\u00e4 tai vastannut toimituksen jatkoviesteihin.<\/p>\n","protected":false},"excerpt":{"rendered":"Murhasta vuosia vankilassa istunut mies on osallistumassa Immu Ilm\u00e9nin vapaaotteluun. Nyt h\u00e4nt\u00e4 ep\u00e4ill\u00e4\u00e4n pahoinpitelyst\u00e4. Murhasta tuomittu Toni Hakala&hellip;\n","protected":false},"author":2,"featured_media":143560,"comment_status":"","ping_status":"","sticky":false,"template":"","format":"standard","meta":{"footnotes":""},"categories":[158],"tags":[35,33,31,30,53,41,52,38,159,32,160,8170],"class_list":{"0":"post-143559","1":"post","2":"type-post","3":"status-publish","4":"format-standard","5":"has-post-thumbnail","7":"category-urheilu","8":"tag-24h","9":"tag-fi","10":"tag-finland","11":"tag-finnish","12":"tag-laki-oikeus-ja-rikos","13":"tag-liikunta-ja-urheilu","14":"tag-poliisi","15":"tag-rikos","16":"tag-sports","17":"tag-suomi","18":"tag-urheilu","19":"tag-vankeus"},"share_on_mastodon":{"url":"https:\/\/pubeurope.com\/@fi\/115902193678945256","error":""},"_links":{"self":[{"href":"https:\/\/www.europesays.com\/fi\/wp-json\/wp\/v2\/posts\/143559","targetHints":{"allow":["GET"]}}],"collection":[{"href":"https:\/\/www.europesays.com\/fi\/wp-json\/wp\/v2\/posts"}],"about":[{"href":"https:\/\/www.europesays.com\/fi\/wp-json\/wp\/v2\/types\/post"}],"author":[{"embeddable":true,"href":"https:\/\/www.europesays.com\/fi\/wp-json\/wp\/v2\/users\/2"}],"replies":[{"embeddable":true,"href":"https:\/\/www.europesays.com\/fi\/wp-json\/wp\/v2\/comments?post=143559"}],"version-history":[{"count":0,"href":"https:\/\/www.europesays.com\/fi\/wp-json\/wp\/v2\/posts\/143559\/revisions"}],"wp:featuredmedia":[{"embeddable":true,"href":"https:\/\/www.europesays.com\/fi\/wp-json\/wp\/v2\/media\/143560"}],"wp:attachment":[{"href":"https:\/\/www.europesays.com\/fi\/wp-json\/wp\/v2\/media?parent=143559"}],"wp:term":[{"taxonomy":"category","embeddable":true,"href":"https:\/\/www.europesays.com\/fi\/wp-json\/wp\/v2\/categories?post=143559"},{"taxonomy":"post_tag","embeddable":true,"href":"https:\/\/www.europesays.com\/fi\/wp-json\/wp\/v2\/tags?post=143559"}],"curies":[{"name":"wp","href":"https:\/\/api.w.org\/{rel}","templated":true}]}}