{"id":143568,"date":"2026-01-16T01:37:10","date_gmt":"2026-01-16T01:37:10","guid":{"rendered":"https:\/\/www.europesays.com\/fi\/143568\/"},"modified":"2026-01-16T01:37:10","modified_gmt":"2026-01-16T01:37:10","slug":"suomalaista-28-prosenttia-aikoo-tinkia-elintasostaan-elakkeella-kotimaa","status":"publish","type":"post","link":"https:\/\/www.europesays.com\/fi\/143568\/","title":{"rendered":"Suomalaista 28 prosenttia aikoo tinki\u00e4 elintasostaan el\u00e4kkeell\u00e4 | Kotimaa"},"content":{"rendered":"<p class=\"aw-1gybjub aw-5vja16 kEtdKx kmuxyA yle__article__paragraph\">Naisten luottamus el\u00e4kkeen riitt\u00e4vyyteen on miehi\u00e4 heikompaa, tuore kysele kertoo.<\/p>\n<p><img decoding=\"async\" alt=\"El\u00e4kel\u00e4inen vedett\u00e4v\u00e4n ostoskassin kanssa suojatien edess\u00e4.\" src=\"https:\/\/www.europesays.com\/fi\/wp-content\/uploads\/2026\/01\/39-8696056170183e47e46.jpeg\" class=\"aw-1l9m598 hKVVvP\"\/><\/p>\n<p>Avaa kuvien katselu<\/p>\n<p>Naiset ovat kyselyn mukaan miehi\u00e4 valmiimpia s\u00e4\u00e4st\u00e4m\u00e4\u00e4n kuluista el\u00e4kkeell\u00e4. Kuva: Henrietta Hassinen \/ Yle<\/p>\n<p class=\"aw-1gybjub aw-1p7kakr kEtdKx cEmitX yle__article__paragraph\">Vain alle viidennes suomalaisista uskoo lakis\u00e4\u00e4teisen el\u00e4kkeen turvaavan riitt\u00e4v\u00e4n elintason, OP Pohjolan tuore kysely kertoo.<\/p>\n<p class=\"aw-1gybjub aw-1p7kakr kEtdKx cEmitX yle__article__paragraph\">L\u00e4hes puolet arvioi, ettei el\u00e4ke tule riitt\u00e4m\u00e4\u00e4n heid\u00e4n toivomaansa elintasoon. Kyselyn mukaan 28 prosenttia vastaajista aikookin tinki\u00e4 menoistaan el\u00e4kkeell\u00e4.<\/p>\n<p class=\"aw-1gybjub aw-1p7kakr kEtdKx cEmitX yle__article__paragraph\">Naiset ovat miehi\u00e4 valmiimpia s\u00e4\u00e4st\u00e4m\u00e4\u00e4n kuluista. Joka kolmas nainen olisi valmis tinkim\u00e4\u00e4n elintasosta el\u00e4kkeell\u00e4, kun taas miehist\u00e4 vain joka nelj\u00e4s.<\/p>\n<p>Puolet naisista ei usko el\u00e4kkeen riitt\u00e4v\u00e4n<\/p>\n<p class=\"aw-1gybjub aw-1p7kakr kEtdKx cEmitX yle__article__paragraph\">Suomalaisten keskim\u00e4\u00e4r\u00e4inen kokonaisel\u00e4ke oli 2\u00a0100 euroa vuonna 2024.<\/p>\n<p class=\"aw-1gybjub aw-1p7kakr kEtdKx cEmitX yle__article__paragraph\">Miehet saivat <a class=\"aw-iao6s4 iHOxEa yle__article__link\" href=\"https:\/\/www.etk.fi\/ajankohtaista\/keskielake-nousi-2-100-euroon\/\" role=\"link\" rel=\"nofollow noopener\" target=\"_blank\">El\u00e4keturvakeskuksen mukaan<\/a> keskim\u00e4\u00e4rin enemm\u00e4n el\u00e4kett\u00e4 kuin naiset. Tuoreen kyselyn mukaan naisten luottamus el\u00e4kkeen riitt\u00e4vyyteen onkin miehi\u00e4 heikompaa.<\/p>\n<p class=\"aw-1gybjub aw-1p7kakr kEtdKx cEmitX yle__article__paragraph\">Naisista 51 prosenttia ei usko el\u00e4kkeen riitt\u00e4v\u00e4n, mutta miehist\u00e4 vain 43 prosenttia kokee samalla tavalla.<\/p>\n<p class=\"aw-1gybjub aw-1p7kakr kEtdKx cEmitX yle__article__paragraph\">Luottavaisimmin suhtautuvat el\u00e4keik\u00e4\u00e4 l\u00e4hestyv\u00e4t 50\u201364-vuotiaat, joista joka kolmas uskoo el\u00e4kkeen riitt\u00e4v\u00e4n v\u00e4hint\u00e4\u00e4n melko hyvin.<\/p>\n<p class=\"aw-1gybjub aw-1p7kakr kEtdKx cEmitX yle__article__paragraph\">Noin viidennes suomalaisista aikoo varmistaa toimeentulonsa tekem\u00e4ll\u00e4 osa-aikaisesti t\u00f6it\u00e4 el\u00e4kkeell\u00e4. Vajaa puolet aikoo turvata el\u00e4kep\u00e4ivi\u00e4\u00e4n s\u00e4\u00e4st\u00f6ill\u00e4 ja sijoituksilla.<\/p>\n<p class=\"aw-1gybjub aw-1p7kakr kEtdKx cEmitX yle__article__paragraph\">El\u00e4keturvakeskuksen <a class=\"aw-iao6s4 iHOxEa yle__article__link\" href=\"https:\/\/www.tyoelake.fi\/paljonko-saan-elaketta\/\" role=\"link\" rel=\"nofollow noopener\" target=\"_blank\">palvelusta<\/a> jokainen voi tarkistaa, paljonko tulee samaan arviolta el\u00e4kett\u00e4.<\/p>\n<p class=\"aw-1gybjub aw-1p7kakr kEtdKx cEmitX yle__article__paragraph\">Syyskuussa 2025 toteutettuun kyselytutkimukseen vastasi internetpaneelissa yli tuhat t\u00e4ysi-ik\u00e4ist\u00e4 suomalaista.<\/p>\n<p class=\"aw-1gybjub aw-1p7kakr kEtdKx cEmitX yle__article__paragraph\">Tulokset on painotettu v\u00e4est\u00f6\u00e4 edustavaksi. Kyselyn toteutti Taloustutkimus OP Pohjolan toimeksiannosta.<\/p>\n<p class=\"aw-1gybjub aw-1p7kakr kEtdKx cEmitX yle__article__paragraph\">Kyselyn virhemarginaali on plus tai miinus 3,2 prosenttiyksikk\u00f6\u00e4.<\/p>\n","protected":false},"excerpt":{"rendered":"Naisten luottamus el\u00e4kkeen riitt\u00e4vyyteen on miehi\u00e4 heikompaa, tuore kysele kertoo. Avaa kuvien katselu Naiset ovat kyselyn mukaan miehi\u00e4&hellip;\n","protected":false},"author":2,"featured_media":143569,"comment_status":"","ping_status":"","sticky":false,"template":"","format":"standard","meta":{"footnotes":""},"categories":[5],"tags":[22,23,16251,16248,26,27,33,31,30,17,71,24,25,28,29,15,18,21,32,78,19,20,16],"class_list":{"0":"post-143568","1":"post","2":"type-post","3":"status-publish","4":"format-standard","5":"has-post-thumbnail","7":"category-otsikot","8":"tag-breaking-news","9":"tag-breakingnews","10":"tag-elakkeelle-siirtyminen","11":"tag-elakkeet","12":"tag-featured-news","13":"tag-featurednews","14":"tag-fi","15":"tag-finland","16":"tag-finnish","17":"tag-headlines","18":"tag-kotimaa","19":"tag-latest-news","20":"tag-latestnews","21":"tag-main-news","22":"tag-mainnews","23":"tag-news","24":"tag-otsikot","25":"tag-paauutiset","26":"tag-suomi","27":"tag-talous","28":"tag-top-stories","29":"tag-topstories","30":"tag-uutiset"},"share_on_mastodon":{"url":"https:\/\/pubeurope.com\/@fi\/115902221028316294","error":""},"_links":{"self":[{"href":"https:\/\/www.europesays.com\/fi\/wp-json\/wp\/v2\/posts\/143568","targetHints":{"allow":["GET"]}}],"collection":[{"href":"https:\/\/www.europesays.com\/fi\/wp-json\/wp\/v2\/posts"}],"about":[{"href":"https:\/\/www.europesays.com\/fi\/wp-json\/wp\/v2\/types\/post"}],"author":[{"embeddable":true,"href":"https:\/\/www.europesays.com\/fi\/wp-json\/wp\/v2\/users\/2"}],"replies":[{"embeddable":true,"href":"https:\/\/www.europesays.com\/fi\/wp-json\/wp\/v2\/comments?post=143568"}],"version-history":[{"count":0,"href":"https:\/\/www.europesays.com\/fi\/wp-json\/wp\/v2\/posts\/143568\/revisions"}],"wp:featuredmedia":[{"embeddable":true,"href":"https:\/\/www.europesays.com\/fi\/wp-json\/wp\/v2\/media\/143569"}],"wp:attachment":[{"href":"https:\/\/www.europesays.com\/fi\/wp-json\/wp\/v2\/media?parent=143568"}],"wp:term":[{"taxonomy":"category","embeddable":true,"href":"https:\/\/www.europesays.com\/fi\/wp-json\/wp\/v2\/categories?post=143568"},{"taxonomy":"post_tag","embeddable":true,"href":"https:\/\/www.europesays.com\/fi\/wp-json\/wp\/v2\/tags?post=143568"}],"curies":[{"name":"wp","href":"https:\/\/api.w.org\/{rel}","templated":true}]}}