{"id":143578,"date":"2026-01-16T02:01:15","date_gmt":"2026-01-16T02:01:15","guid":{"rendered":"https:\/\/www.europesays.com\/fi\/143578\/"},"modified":"2026-01-16T02:01:15","modified_gmt":"2026-01-16T02:01:15","slug":"sodan-halyttava-seuraus-ukrainasta-voi-vyorya-suomeen-superbakteeriaalto","status":"publish","type":"post","link":"https:\/\/www.europesays.com\/fi\/143578\/","title":{"rendered":"Sodan h\u00e4lytt\u00e4v\u00e4 seuraus: Ukrainasta voi vy\u00f6ry\u00e4 Suomeen superbakteeriaalto"},"content":{"rendered":"<p>Rintamalla haavoittuneita sotilaita hoidetaan valtavalla m\u00e4\u00e4r\u00e4ll\u00e4 antibiootteja, mik\u00e4 johtaa \u201dsuperbakteerien\u201d kehittymiseen.<\/p>\n<p>Lue tiivistelm\u00e4<\/p>\n<p class=\"article-body mb-nof-24 px-nof-16 sndp-summary-bullet-point-font\">Ukrainasta saattaa levit\u00e4 muualle Eurooppaan antibiooteille vastustuskykyisi\u00e4 superbakteereja, varoittavat virolaiset ja ukrainalaiset tutkijat.<\/p>\n<p class=\"article-body mb-nof-24 px-nof-16 sndp-summary-bullet-point-font\">Rintamalla haavoittuneita ukrainalaissotilaita hoidetaan hankalissa olosuhteissa suurilla m\u00e4\u00e4rill\u00e4 antibiootteja, mik\u00e4 johtaa resistenttien bakteerien kehittymiseen.<\/p>\n<p class=\"article-body mb-nof-24 px-nof-16 sndp-summary-bullet-point-font\">Helsingin yliopiston ja Husin tutkimuksen mukaan l\u00e4hes 80 prosenttia sotavammoja saaneista ukrainalaisista kantoi monille antibiooteille resistenttej\u00e4 bakteereja.<\/p>\n<p class=\"article-body mb-nof-24 px-nof-16 sndp-summary-bullet-point-font\">Tavallisen kansalaisen ei tarvitse olla huolissaan, sill\u00e4 kyse on nimenomaan sairaalaymp\u00e4rist\u00f6\u00f6n liittyv\u00e4st\u00e4 ongelmasta.<\/p>\n<p class=\"article-body mb-nof-24 px-nof-16\">Ukrainasta saattaa levit\u00e4 muualle Eurooppaan antibiooteille vastustuskykyisi\u00e4 superbakteereja, varoittavat virolaiset tutkijat. Asiasta kertoo virolainen <a class=\"underline underline-offset-[0.12em] [text-decoration-thickness:var(--generic-link-underline-thickness)] [text-decoration-color:var(--generic-link-underline-color)] [text-decoration-skip-ink:var(--generic-link-underline-skip-ink)] break-words\" href=\"https:\/\/rus.delfi.ee\/statja\/120429724\/zaymus-naukoy-izvestnogo-biznesmena-posle-osvobozhdeniya-iz-tyurmy-zhdet-dolg-v-desyat-millionov-evro\" rel=\"nofollow noopener\" target=\"_blank\">Delfi<\/a>-uutispalvelu.<\/p>\n<p class=\"article-body mb-nof-24 px-nof-16\">Rintamalla haavoittuneita ukrainalaissotilaita joudutaan hoitamaan hankalissa olosuhteissa. Usein leikkauksia joudutaan tekem\u00e4\u00e4n todella nopeasti ja rajatuin resurssein.<\/p>\n<p class=\"article-body mb-nof-24 px-nof-16\">Niiss\u00e4 k\u00e4ytet\u00e4\u00e4n suuria m\u00e4\u00e4ri\u00e4 antibiootteja, mik\u00e4 johtaa usein antibiooteille resistenttien bakteerien kehittymiseen. Ne saattavat levit\u00e4 eteenp\u00e4in, kun ukrainalaispotilaita joudutaan siirt\u00e4m\u00e4\u00e4n hoitoon muualle Eurooppaan.<\/p>\n<p class=\"article-body mb-nof-24 px-nof-16\">Delfin mukaan vastustuskykyiset bakteerit voivat taannuttaa Euroopan sairaanhoitoj\u00e4rjestelm\u00e4n jopa sadan vuoden takaiseksi. Silloin v\u00e4h\u00e4isetkin bakteeri-infektiot saattoivat lopulta koitua kohtaloksi, koska antibiootteja ei ollut k\u00e4yt\u00f6ss\u00e4 samalla tavalla.<\/p>\n<p class=\"article-body mb-nof-24 px-nof-16\">Antibiooteille vastustuskykyisten bakteerien levi\u00e4minen voi muuttaa jopa rutiininomaisen leikkauksen vaaralliseksi potilaalle.<\/p>\n<p class=\"article-body mb-nof-24 px-nof-16\">Sama ilmi\u00f6 on todettu my\u00f6s Helsingin yliopiston ja Helsingin yliopistollisen sairaalan Husin <a class=\"underline underline-offset-[0.12em] [text-decoration-thickness:var(--generic-link-underline-thickness)] [text-decoration-color:var(--generic-link-underline-color)] [text-decoration-skip-ink:var(--generic-link-underline-skip-ink)] break-words\" href=\"https:\/\/www.helsinki.fi\/fi\/uutiset\/vaeston-terveys\/resistentit-bakteerit-leviavat-sota-alueiden-sairaaloissa-ja-kulkeutuvat-myos-muihin-maihin\" rel=\"nofollow noopener\" target=\"_blank\">tutkimuksessa<\/a>.<\/p>\n<p class=\"article-body mb-nof-24 px-nof-16\">Ven\u00e4j\u00e4n t\u00e4ysimittaisen hy\u00f6kk\u00e4yksen j\u00e4lkeen Ukrainasta on siirretty tuhansia potilaita hoitoon Euroopan eri maihin.<\/p>\n<p class=\"article-body mb-nof-24 px-nof-16\">Suomalaistutkimuksen mukaan 8 prosentilla ukrainalaisista pakolaisista oli ollut sairaalahoidossa sodan aiheuttamien vammojen vuoksi. Sotavammoja saaneista taas l\u00e4hes 80 prosenttia kantoi monille antibiooteille resistenttej\u00e4 bakteereja.<\/p>\n<p class=\"article-body mb-nof-24 px-nof-16\">Helsingin yliopiston ja Husin tiedotteen mukaan tehokas infektioiden torjunta on sotaoloissa mahdotonta ja siksi hoidettavat bakteerit p\u00e4\u00e4sev\u00e4t levi\u00e4m\u00e4\u00e4n.<\/p>\n<p class=\"article-body mb-nof-24 px-nof-16\">Tiedotteen mukaan tavallisen kansalaisen ei tarvitse olla huolissaan, vaan kyse on nimenomaan sairaalaymp\u00e4rist\u00f6\u00f6n liittyv\u00e4st\u00e4 ongelmasta.<\/p>\n<p class=\"article-body mb-nof-24 px-nof-16\">Jos Suomeen saapuu potilas, joka on ollut sairaalahoidossa ulkomailla, h\u00e4net sijoitetaan yhden hengen huoneeseen, h\u00e4nen kanssaan noudatetaan kosketuseristyst\u00e4 ja h\u00e4nelt\u00e4 otetaan bakteerin\u00e4ytteet.<\/p>\n<p class=\"article-body mb-nof-24 px-nof-16\">Tavallisilla pakolaisilla resistenssin esiintyvyys ei ole sen yleisemp\u00e4\u00e4 kuin suomalaisilla Aasian-matkan j\u00e4lkeen.<\/p>\n<p class=\"article-body mb-nof-24 px-nof-16\">Maailmanterveysj\u00e4rjest\u00f6 WHO:n mukaan antibioottiresistenssi lis\u00e4\u00e4ntyi yli 40 prosenttia vuodesta 2018 vuoteen 2023. Sota ei ole ainoa superbakteereja lis\u00e4\u00e4v\u00e4 tekij\u00e4.<\/p>\n<p class=\"article-body mb-nof-24 px-nof-16\">Sit\u00e4 lis\u00e4\u00e4 muun muassa matkailu ja antibioottien liiallinen k\u00e4ytt\u00f6 <a class=\"underline underline-offset-[0.12em] [text-decoration-thickness:var(--generic-link-underline-thickness)] [text-decoration-color:var(--generic-link-underline-color)] [text-decoration-skip-ink:var(--generic-link-underline-skip-ink)] break-words\" href=\"https:\/\/www.ruokavirasto.fi\/globalassets\/yhteisot\/riskinarviointi\/liitteet\/info_antibioottiresistenssi_lihantuotanto_fi.pdf\" rel=\"nofollow noopener\" target=\"_blank\">el\u00e4inper\u00e4isen ruuan tehotuotannossa<\/a>. Pohjoismaissa el\u00e4imille ei kuitenkaan sy\u00f6tet\u00e4 antibiootteja samalla tavalla kuin Euroopassa ja Euroopan ulkopuolella.<\/p>\n<p class=\"article-body mb-nof-24 px-nof-16\">Suomessa tilanne on \u201dsuperbakteerien\u201d suhteen <a class=\"underline underline-offset-[0.12em] [text-decoration-thickness:var(--generic-link-underline-thickness)] [text-decoration-color:var(--generic-link-underline-color)] [text-decoration-skip-ink:var(--generic-link-underline-skip-ink)] break-words\" href=\"https:\/\/thl.fi\/-\/maailmalla-yksi-kuudesta-bakteeri-infektiosta-on-vastustuskykyinen-antibiooteille-suomi-on-onnistunut-antibioottiresistenssin-torjunnassa\" rel=\"nofollow noopener\" target=\"_blank\">kansainv\u00e4lisesti vertailtuna hyv\u00e4<\/a>.<\/p>\n","protected":false},"excerpt":{"rendered":"Rintamalla haavoittuneita sotilaita hoidetaan valtavalla m\u00e4\u00e4r\u00e4ll\u00e4 antibiootteja, mik\u00e4 johtaa \u201dsuperbakteerien\u201d kehittymiseen. Lue tiivistelm\u00e4 Ukrainasta saattaa levit\u00e4 muualle Eurooppaan&hellip;\n","protected":false},"author":2,"featured_media":143579,"comment_status":"","ping_status":"","sticky":false,"template":"","format":"standard","meta":{"footnotes":""},"categories":[14],"tags":[22,23,26,27,33,31,30,17,34,24,25,28,29,15,18,21,32,19,20,56,16,59,60,61],"class_list":{"0":"post-143578","1":"post","2":"type-post","3":"status-publish","4":"format-standard","5":"has-post-thumbnail","7":"category-ulkomaat","8":"tag-breaking-news","9":"tag-breakingnews","10":"tag-featured-news","11":"tag-featurednews","12":"tag-fi","13":"tag-finland","14":"tag-finnish","15":"tag-headlines","16":"tag-ilta-sanomat","17":"tag-latest-news","18":"tag-latestnews","19":"tag-main-news","20":"tag-mainnews","21":"tag-news","22":"tag-otsikot","23":"tag-paauutiset","24":"tag-suomi","25":"tag-top-stories","26":"tag-topstories","27":"tag-ulkomaat","28":"tag-uutiset","29":"tag-world","30":"tag-world-news","31":"tag-worldnews"},"share_on_mastodon":{"url":"https:\/\/pubeurope.com\/@fi\/115902315466615566","error":""},"_links":{"self":[{"href":"https:\/\/www.europesays.com\/fi\/wp-json\/wp\/v2\/posts\/143578","targetHints":{"allow":["GET"]}}],"collection":[{"href":"https:\/\/www.europesays.com\/fi\/wp-json\/wp\/v2\/posts"}],"about":[{"href":"https:\/\/www.europesays.com\/fi\/wp-json\/wp\/v2\/types\/post"}],"author":[{"embeddable":true,"href":"https:\/\/www.europesays.com\/fi\/wp-json\/wp\/v2\/users\/2"}],"replies":[{"embeddable":true,"href":"https:\/\/www.europesays.com\/fi\/wp-json\/wp\/v2\/comments?post=143578"}],"version-history":[{"count":0,"href":"https:\/\/www.europesays.com\/fi\/wp-json\/wp\/v2\/posts\/143578\/revisions"}],"wp:featuredmedia":[{"embeddable":true,"href":"https:\/\/www.europesays.com\/fi\/wp-json\/wp\/v2\/media\/143579"}],"wp:attachment":[{"href":"https:\/\/www.europesays.com\/fi\/wp-json\/wp\/v2\/media?parent=143578"}],"wp:term":[{"taxonomy":"category","embeddable":true,"href":"https:\/\/www.europesays.com\/fi\/wp-json\/wp\/v2\/categories?post=143578"},{"taxonomy":"post_tag","embeddable":true,"href":"https:\/\/www.europesays.com\/fi\/wp-json\/wp\/v2\/tags?post=143578"}],"curies":[{"name":"wp","href":"https:\/\/api.w.org\/{rel}","templated":true}]}}