{"id":143588,"date":"2026-01-16T02:22:14","date_gmt":"2026-01-16T02:22:14","guid":{"rendered":"https:\/\/www.europesays.com\/fi\/143588\/"},"modified":"2026-01-16T02:22:14","modified_gmt":"2026-01-16T02:22:14","slug":"janni-hussin-suuri-salaisuus-julki","status":"publish","type":"post","link":"https:\/\/www.europesays.com\/fi\/143588\/","title":{"rendered":"Janni Hussin suuri salaisuus julki"},"content":{"rendered":"<p>Janni Hussi kartturoi Teemu Sunisen WRC2-Toyotaa. <\/p>\n<p><img decoding=\"async\" class=\"image image-show image-preview\" src=\"https:\/\/www.europesays.com\/fi\/wp-content\/uploads\/2026\/01\/9ce0cb19b77a613fd91926dad099cb4da54c5f98c603005e4f0175477834cec1.jpg\" alt=\"\"\/><img decoding=\"async\" class=\"image image-show\" src=\"https:\/\/www.europesays.com\/fi\/wp-content\/uploads\/2026\/01\/1768530134_54_9ce0cb19b77a613fd91926dad099cb4da54c5f98c603005e4f0175477834cec1.jpg\" alt=\"\"\/><\/p>\n<p>Janni Hussi (vas.) ja Teemu Suninen kisaavat Toyotalla Ruotsin MM-rallissa.  SANIA_SVINARENKO<\/p>\n<p class=\"paragraph\"><strong>Janni Hussi<\/strong> on vihjaillut, ett\u00e4 h\u00e4n suunnittelee jotain merkitt\u00e4v\u00e4\u00e4 siirtoa ralliurallaan.<\/p>\n<p class=\"paragraph\">Torstaina julkaistiin Hussin uusi aluevaltaus. H\u00e4n toimii <strong>Teemu Sunisen<\/strong> kartturina helmikuussa ajettavassa Ruotsin MM-rallissa.<\/p>\n<p class=\"paragraph\">\u2013\u2009Teemu on kovan tason kuljettaja, jonka kyytiin hypp\u00e4\u00e4n mielenkiinnolla. Tavoitteet ovat meill\u00e4 molemmilla korkealla. On hienoa palata WRC2-kilpailuihin heti kauden alussa, Hussi sanoi tiedotteessa.<\/p>\n<p class=\"paragraph\">Kaksikko ei ole aiemmin kilpaillut yhdess\u00e4. Sunisella on toki iso kokemus my\u00f6s Rally1-autoista, joten vauhti on varmasti kohdallaan.<\/p>\n<p class=\"paragraph\">\u2013\u2009Varmasti meill\u00e4 on yhteist\u00e4 oppimista edess\u00e4. Molemmilla on motivaatio korkealla ja haluamme tehd\u00e4 ty\u00f6n kunnolla. Suuntaan Jannin kanssa luottavaisin mielin ralliin, Suninen sanoi.<\/p>\n<p class=\"paragraph\">Toistaiseksi ei ole tiedossa, jatkuuko kaksikon yhteisty\u00f6 my\u00f6s Uppsalan-keikan j\u00e4lkeen. Kaksikon kaluston tarjoaa italialainen Delta Rally -tiimi.<\/p>\n<p class=\"paragraph\">Autokunta saa k\u00e4ytt\u00f6\u00f6ns\u00e4 t\u00e4ysiverisen Toyota GR Yaris Rally 2 -laitteen.<\/p>\n<p class=\"paragraph\">\u2013\u2009Teemme tosissaan t\u00f6it\u00e4 my\u00f6s sen eteen, ett\u00e4 kilpailuja tulisi t\u00e4m\u00e4n vuoden aikana my\u00f6s lis\u00e4\u00e4, Suninen lupasi.<\/p>\n<p class=\"paragraph\">Ruotsin MM-ralli ajetaan 12.\u201315. helmikuuta.<\/p>\n","protected":false},"excerpt":{"rendered":"Janni Hussi kartturoi Teemu Sunisen WRC2-Toyotaa. Janni Hussi (vas.) ja Teemu Suninen kisaavat Toyotalla Ruotsin MM-rallissa. SANIA_SVINARENKO Janni&hellip;\n","protected":false},"author":2,"featured_media":143589,"comment_status":"","ping_status":"","sticky":false,"template":"","format":"standard","meta":{"footnotes":""},"categories":[158],"tags":[35,648,33,31,30,121,83,3681,159,32,128,160],"class_list":{"0":"post-143588","1":"post","2":"type-post","3":"status-publish","4":"format-standard","5":"has-post-thumbnail","7":"category-urheilu","8":"tag-24h","9":"tag-autot","10":"tag-fi","11":"tag-finland","12":"tag-finnish","13":"tag-liikenne-ja-kuljetus","14":"tag-moottoriurheilu","15":"tag-ralliautoilijat","16":"tag-sports","17":"tag-suomi","18":"tag-tieliikenne","19":"tag-urheilu"},"share_on_mastodon":{"url":"https:\/\/pubeurope.com\/@fi\/115902398041399271","error":""},"_links":{"self":[{"href":"https:\/\/www.europesays.com\/fi\/wp-json\/wp\/v2\/posts\/143588","targetHints":{"allow":["GET"]}}],"collection":[{"href":"https:\/\/www.europesays.com\/fi\/wp-json\/wp\/v2\/posts"}],"about":[{"href":"https:\/\/www.europesays.com\/fi\/wp-json\/wp\/v2\/types\/post"}],"author":[{"embeddable":true,"href":"https:\/\/www.europesays.com\/fi\/wp-json\/wp\/v2\/users\/2"}],"replies":[{"embeddable":true,"href":"https:\/\/www.europesays.com\/fi\/wp-json\/wp\/v2\/comments?post=143588"}],"version-history":[{"count":0,"href":"https:\/\/www.europesays.com\/fi\/wp-json\/wp\/v2\/posts\/143588\/revisions"}],"wp:featuredmedia":[{"embeddable":true,"href":"https:\/\/www.europesays.com\/fi\/wp-json\/wp\/v2\/media\/143589"}],"wp:attachment":[{"href":"https:\/\/www.europesays.com\/fi\/wp-json\/wp\/v2\/media?parent=143588"}],"wp:term":[{"taxonomy":"category","embeddable":true,"href":"https:\/\/www.europesays.com\/fi\/wp-json\/wp\/v2\/categories?post=143588"},{"taxonomy":"post_tag","embeddable":true,"href":"https:\/\/www.europesays.com\/fi\/wp-json\/wp\/v2\/tags?post=143588"}],"curies":[{"name":"wp","href":"https:\/\/api.w.org\/{rel}","templated":true}]}}