{"id":143609,"date":"2026-01-16T02:53:07","date_gmt":"2026-01-16T02:53:07","guid":{"rendered":"https:\/\/www.europesays.com\/fi\/143609\/"},"modified":"2026-01-16T02:53:07","modified_gmt":"2026-01-16T02:53:07","slug":"paakirjoitus-trumpia-ei-taida-tyydyttaa-gronlannissa-muu-kuin-alueliitos-paakirjoitus-mielipide","status":"publish","type":"post","link":"https:\/\/www.europesays.com\/fi\/143609\/","title":{"rendered":"P\u00e4\u00e4kirjoitus | Trumpia ei taida tyydytt\u00e4\u00e4 Gr\u00f6nlannissa muu kuin alueliitos | P\u00e4\u00e4kirjoitus &#038; mielipide"},"content":{"rendered":"<p>Kautta Euroopan odotettiin j\u00e4nnityksen vallassa Tanskan ja Gr\u00f6nlannin ulkoministereiden Lars L\u00f8kke Rasmussenin ja Vivian Motzfeldtin visiitti\u00e4 Washingtoniin varapresidentti J.D. Vancen ja ulkoministeri Marco Rubion pakeille. Presidentti Donald Trumpin vaatimukset Gr\u00f6nlannin liitt\u00e4miseksi osaksi Yhdysvaltoja ovat k\u00e4yneet niin jyrkiksi, ett\u00e4 ilmassa leijui vahvoja katastrofin merkkej\u00e4.<\/p>\n<p>Vaikka ennusmerkit olivat huonot, pahimmat pelot eiv\u00e4t onneksi toteutuneet. Toisin kuin taannoin presidentti Volodymyr Zelenskyille, kaukaisille vieraille ei nyt osoitettu ovea kesken kokouksen, joka lopulta venyi ennakoitua pidemm\u00e4ksi. Se oli my\u00f6nteinen merkki kuten sekin, ett\u00e4 Rasmussen ja Motzfeldt poistuivat tapaamisesta silmin n\u00e4hden huojentuneina. Siit\u00e4 saattoi p\u00e4\u00e4tell\u00e4, ett\u00e4 osapuolet onnistuivat k\u00e4ym\u00e4\u00e4n sivistynytt\u00e4 vuoropuhelua, vaikka heid\u00e4n n\u00e4kemyksens\u00e4 poikkeavat toisistaan kuin y\u00f6 ja p\u00e4iv\u00e4.<\/p>\n<p>Isoja n\u00e4kemyseroja tapaaminen ei valitettavasti kaventanut, sill\u00e4 Rasmussen luonnehti niit\u00e4 tilaisuuden j\u00e4lkeen edelleen perustavanlaatuisiksi. Trump vahvisti saman jo v\u00e4h\u00e4n ennen kokousta viestitt\u00e4ess\u00e4\u00e4n, ett\u00e4 Natostakin tulee mahtavampi, kun Gr\u00f6nlanti on Yhdysvaltain k\u00e4siss\u00e4, ja ett\u00e4 v\u00e4hemp\u00e4\u00e4 on mahdotonta hyv\u00e4ksy\u00e4.<\/p>\n<blockquote class=\"voice-no-read rs_skip diks-blockquote\">\n<p class=\"diks-blockquote__text\">V\u00e4ite on t\u00e4ysin per\u00e4t\u00f6n.<\/p>\n<\/blockquote>\n<p>J\u00e4lkik\u00e4teen Trump tosin puhui sovittelevammin kertoen uskovansa, ett\u00e4 Gr\u00f6nlannista p\u00e4\u00e4st\u00e4\u00e4n ratkaisuun. Sit\u00e4 haetaan nyt yhteisess\u00e4 ty\u00f6ryhm\u00e4ss\u00e4, josta sopiminen oli Tanskalle ja Gr\u00f6nlannille kokouksessa er\u00e4\u00e4nlainen torjuntavoitto tarjotessaan lis\u00e4\u00e4 aikaa Trumpin solmiman umpisolmun avaamiseksi.<\/p>\n<p>Trump on perustellut vaateitaan Ven\u00e4j\u00e4n ja Kiinan uhalla korostaen viimeksi, ett\u00e4 sen torjuminen arktisilla alueilla onnistuu vain, jos Gr\u00f6nlanti on Yhdysvaltain t\u00e4ydess\u00e4 hallinnassa. V\u00e4ite on t\u00e4ysin per\u00e4t\u00f6n, sill\u00e4 oikeasti mik\u00e4\u00e4n ei est\u00e4isi Yhdysvaltoja vahvistamasta sotilaallista l\u00e4sn\u00e4oloaan Gr\u00f6nlannissa vaikka heti yksin nykyisten sopimusten pohjalta. Sama p\u00e4tee saaren mittavien luonnonvarojen hy\u00f6dynt\u00e4miseen. Se hoituu diileill\u00e4, jotka ovat Trumpin leip\u00e4laji.<\/p>\n<p>Ik\u00e4v\u00e4 kyll\u00e4 faktat eiv\u00e4t koskaan ole Trumpille este h\u00e4nen runnoessaan yliampuvia tavoitteitaan eteenp\u00e4in. Merkit viittaavat siihen, ettei Trump aio tyyty\u00e4 muuhun kuin alueliitokseen, joka tekisi Yhdysvalloista my\u00f6s maantieteellisesti entist\u00e4 suuremman ja varmistaisi siten h\u00e4nen paikkansa kansakuntansa kaapin p\u00e4\u00e4ll\u00e4. Se tiet\u00e4isi tukalia l\u00e4hiaikoja Tanskalle ja kiireit\u00e4 maan eurooppalaisille kumppaneille, Suomi mukaan lukien, jotka mieluummin keskitt\u00e4isiv\u00e4t huomionsa yh\u00e4 tiiviimmin Ven\u00e4j\u00e4n suuntaan sen sijaan, ett\u00e4 joutuvat taas lepyttelem\u00e4\u00e4n vahvinta liittolaistaan Atlantin takana.<\/p>\n","protected":false},"excerpt":{"rendered":"Kautta Euroopan odotettiin j\u00e4nnityksen vallassa Tanskan ja Gr\u00f6nlannin ulkoministereiden Lars L\u00f8kke Rasmussenin ja Vivian Motzfeldtin visiitti\u00e4 Washingtoniin varapresidentti&hellip;\n","protected":false},"author":2,"featured_media":143610,"comment_status":"","ping_status":"","sticky":false,"template":"","format":"standard","meta":{"footnotes":""},"categories":[14],"tags":[22,23,585,2267,26,27,33,31,30,17,24,25,28,29,15,18,4357,21,142,637,144,32,19,20,56,16,59,60,61,143],"class_list":{"0":"post-143609","1":"post","2":"type-post","3":"status-publish","4":"format-standard","5":"has-post-thumbnail","7":"category-ulkomaat","8":"tag-breaking-news","9":"tag-breakingnews","10":"tag-donald-trump","11":"tag-eurooppa","12":"tag-featured-news","13":"tag-featurednews","14":"tag-fi","15":"tag-finland","16":"tag-finnish","17":"tag-headlines","18":"tag-latest-news","19":"tag-latestnews","20":"tag-main-news","21":"tag-mainnews","22":"tag-news","23":"tag-otsikot","24":"tag-paakirjoitukset","25":"tag-paauutiset","26":"tag-poliitikot","27":"tag-politiikka","28":"tag-presidentti","29":"tag-suomi","30":"tag-top-stories","31":"tag-topstories","32":"tag-ulkomaat","33":"tag-uutiset","34":"tag-world","35":"tag-world-news","36":"tag-worldnews","37":"tag-yhdysvaltain-politiikka"},"share_on_mastodon":{"url":"https:\/\/pubeurope.com\/@fi\/115902519915725946","error":""},"_links":{"self":[{"href":"https:\/\/www.europesays.com\/fi\/wp-json\/wp\/v2\/posts\/143609","targetHints":{"allow":["GET"]}}],"collection":[{"href":"https:\/\/www.europesays.com\/fi\/wp-json\/wp\/v2\/posts"}],"about":[{"href":"https:\/\/www.europesays.com\/fi\/wp-json\/wp\/v2\/types\/post"}],"author":[{"embeddable":true,"href":"https:\/\/www.europesays.com\/fi\/wp-json\/wp\/v2\/users\/2"}],"replies":[{"embeddable":true,"href":"https:\/\/www.europesays.com\/fi\/wp-json\/wp\/v2\/comments?post=143609"}],"version-history":[{"count":0,"href":"https:\/\/www.europesays.com\/fi\/wp-json\/wp\/v2\/posts\/143609\/revisions"}],"wp:featuredmedia":[{"embeddable":true,"href":"https:\/\/www.europesays.com\/fi\/wp-json\/wp\/v2\/media\/143610"}],"wp:attachment":[{"href":"https:\/\/www.europesays.com\/fi\/wp-json\/wp\/v2\/media?parent=143609"}],"wp:term":[{"taxonomy":"category","embeddable":true,"href":"https:\/\/www.europesays.com\/fi\/wp-json\/wp\/v2\/categories?post=143609"},{"taxonomy":"post_tag","embeddable":true,"href":"https:\/\/www.europesays.com\/fi\/wp-json\/wp\/v2\/tags?post=143609"}],"curies":[{"name":"wp","href":"https:\/\/api.w.org\/{rel}","templated":true}]}}