{"id":143611,"date":"2026-01-16T02:54:08","date_gmt":"2026-01-16T02:54:08","guid":{"rendered":"https:\/\/www.europesays.com\/fi\/143611\/"},"modified":"2026-01-16T02:54:08","modified_gmt":"2026-01-16T02:54:08","slug":"esko-aine-1945-2025-hs-fi","status":"publish","type":"post","link":"https:\/\/www.europesays.com\/fi\/143611\/","title":{"rendered":"Esko Aine 1945\u20132025 | HS.fi"},"content":{"rendered":"<p class=\"article-body mb-nof-24 px-nof-16\">Ylil\u00e4\u00e4k\u00e4ri <a class=\"font-bold underline-offset-[0.12em] [text-decoration:var(--person-link-text-decoration)] ![text-decoration-color:var(--person-link-text-decoration-color)]\" href=\"https:\/\/www.hs.fi\/haku\/?query=Esko%20Aine\" rel=\"nofollow noopener\" target=\"_blank\">Esko Aine<\/a> kuoli 80-vuotiaana Tampereella 12. syyskuuta 2025. H\u00e4n oli syntynyt Helsingiss\u00e4 8. tammikuuta 1945.<\/p>\n<p class=\"article-body mb-nof-24 px-nof-16\">Aine kirjoitti ylioppilaaksi Harjavallan yhteiskoulusta 1963. L\u00e4\u00e4ketieteen lisensiaatiksi h\u00e4n valmistui Turun yliopistosta 1970 ja v\u00e4itteli l\u00e4\u00e4ketieteen ja kirurgian tohtoriksi Tampereen yliopistossa 1979, miss\u00e4 erikoistui silm\u00e4tautien erikoisl\u00e4\u00e4k\u00e4riksi 1975 ja sai silm\u00e4kirurgian erikoisp\u00e4tevyyden 2001.<\/p>\n<p class=\"article-body mb-nof-24 px-nof-16\">Esko Aine teki kliinikkouransa Tampereen yliopistollisen sairaalan silm\u00e4tautien klinikan ylil\u00e4\u00e4k\u00e4rin\u00e4. Taitavan silm\u00e4kirurgin erityisosaamisena olivat sarveiskalvo- ja glaukoomakirurgia sek\u00e4 haastava kaihikirurgia. Dosentiksi Aine nimitettiin 1985 Tampereen yliopistossa, ja h\u00e4n sai hallinnon p\u00e4tevyyden 1991.<\/p>\n<p class=\"article-body mb-nof-24 px-nof-16\">Tasavallan presidentti my\u00f6nsi Ainelle professorin arvonimen 2005. El\u00e4kkeelle sairaalaty\u00f6st\u00e4 h\u00e4n j\u00e4i 2009 mutta jatkoi yksityisl\u00e4\u00e4k\u00e4rin\u00e4 l\u00e4\u00e4k\u00e4riuran n\u00e4in jatkuessa l\u00e4hes puolen vuosisadan ajan vuoteen 2021 asti. T\u00e4n\u00e4 aikana monet tamperelaiset saivat asiantuntevaa silm\u00e4tautien hoitoa ja yst\u00e4v\u00e4llisi\u00e4 kohtaamisia ongelmissaan.<\/p>\n<p class=\"article-body mb-nof-24 px-nof-16\">Aine n\u00e4ki ja koki Tampereen keskussairaalan muuttumisen yliopistosairaalaksi ja l\u00e4\u00e4ketieteellisen tiedekunnan syntymisen ja kasvun. H\u00e4n oli mukana kehitt\u00e4m\u00e4ss\u00e4 sairaalaa ylil\u00e4\u00e4k\u00e4rin\u00e4 ja tiedekuntaa opetus- ja luottamusteht\u00e4viss\u00e4. Laaja-alaisen tutkijan julkaisut koskivat silm\u00e4sairauksien epidemiologiaa ja l\u00e4\u00e4kehoidon kehitt\u00e4mist\u00e4. H\u00e4n ammensi ajantasaisen tiedon lukuisista vuosittaisista alan kongresseista maailmalla ja kotimaassa.<\/p>\n<p class=\"article-body mb-nof-24 px-nof-16\">Esko Aine oli kotimaisen, skandinaavisen, Saksan ja Yhdysvaltain silm\u00e4l\u00e4\u00e4k\u00e4riyhdistysten sek\u00e4 kansainv\u00e4lisen silm\u00e4kirurgian yhdistyksen j\u00e4sen. H\u00e4net nimitettiin Suomen Ty\u00f6n\u00e4k\u00f6seuran kunniaj\u00e4seneksi 2008. Sotilasarvoltaan Aine oli l\u00e4\u00e4kint\u00e4luutnantti.<\/p>\n<p class=\"article-body mb-nof-24 px-nof-16\">Kliinisen ty\u00f6n ohella Eskolla oli aikaa harrastuksille, joista t\u00e4rkeimpi\u00e4 olivat pallopelit, nuoruusvuosina pes\u00e4pallo ja Tampereella tennis. Jokaviikkoisessa harrastuksensa parissa h\u00e4n tapasi yst\u00e4vi\u00e4 ja kollegoita.<\/p>\n<p class=\"article-body mb-nof-24 px-nof-16\">Esko oli toisen polven aktiivinen j\u00e4sen Rotary-toiminnassa 40 vuoden ajan. Teatteri ja taiden\u00e4yttelyt olivat h\u00e4nelle t\u00e4rkeit\u00e4. Rauhallisia p\u00e4ivi\u00e4 vietettiin perheen kanssa Teiskon-m\u00f6kill\u00e4 ja Hiittisten merimaisemissa.<\/p>\n<p class=\"article-body mb-nof-24 px-nof-16\">Opiskeluaikana Esko l\u00f6ysi hammasl\u00e4\u00e4ketieteen opiskelija Liisan, ja he avioituivat 1971. Puolison, lasten ja lastenlasten kanssa vietetyt hetket olivat Eskolle hyvin t\u00e4rkeit\u00e4. T\u00e4m\u00e4n saivat kokea kaikki yhdess\u00e4 ja jokainen erikseen tapaamisissa is\u00e4n ja ukin kanssa. H\u00e4n osoitti omalla esimerkill\u00e4\u00e4n, kuinka t\u00e4rke\u00e4\u00e4 toisten kunnioittaminen ja empatia ovat.<\/p>\n<p class=\"article-body mb-nof-24 px-nof-16\">Perheen syv\u00e4\u00e4n kaipaukseen yhtyv\u00e4t kollegat ja yst\u00e4v\u00e4t.<\/p>\n<p class=\"article-body mb-nof-24 px-nof-16\">Hanna Kotikoski<\/p>\n<p class=\"article-body mb-nof-24 px-nof-16\">Heikki Vapaatalo<\/p>\n<p class=\"article-body mb-nof-24 px-nof-16\">Jyrki Liljeroos<\/p>\n<p class=\"article-body nof-ui-body-medium mb-nof-24 px-nof-16\">Esko Aineen tyt\u00e4r ja yst\u00e4vi\u00e4<\/p>\n","protected":false},"excerpt":{"rendered":"Ylil\u00e4\u00e4k\u00e4ri Esko Aine kuoli 80-vuotiaana Tampereella 12. syyskuuta 2025. H\u00e4n oli syntynyt Helsingiss\u00e4 8. tammikuuta 1945. Aine kirjoitti&hellip;\n","protected":false},"author":2,"featured_media":143612,"comment_status":"","ping_status":"","sticky":false,"template":"","format":"standard","meta":{"footnotes":""},"categories":[12],"tags":[22,23,26,27,33,31,30,17,46,24,25,28,29,15,18,21,32,19,20,16],"class_list":{"0":"post-143611","1":"post","2":"type-post","3":"status-publish","4":"format-standard","5":"has-post-thumbnail","7":"category-suomi","8":"tag-breaking-news","9":"tag-breakingnews","10":"tag-featured-news","11":"tag-featurednews","12":"tag-fi","13":"tag-finland","14":"tag-finnish","15":"tag-headlines","16":"tag-helsingin-sanomat","17":"tag-latest-news","18":"tag-latestnews","19":"tag-main-news","20":"tag-mainnews","21":"tag-news","22":"tag-otsikot","23":"tag-paauutiset","24":"tag-suomi","25":"tag-top-stories","26":"tag-topstories","27":"tag-uutiset"},"share_on_mastodon":{"url":"https:\/\/pubeurope.com\/@fi\/115902523912497328","error":""},"_links":{"self":[{"href":"https:\/\/www.europesays.com\/fi\/wp-json\/wp\/v2\/posts\/143611","targetHints":{"allow":["GET"]}}],"collection":[{"href":"https:\/\/www.europesays.com\/fi\/wp-json\/wp\/v2\/posts"}],"about":[{"href":"https:\/\/www.europesays.com\/fi\/wp-json\/wp\/v2\/types\/post"}],"author":[{"embeddable":true,"href":"https:\/\/www.europesays.com\/fi\/wp-json\/wp\/v2\/users\/2"}],"replies":[{"embeddable":true,"href":"https:\/\/www.europesays.com\/fi\/wp-json\/wp\/v2\/comments?post=143611"}],"version-history":[{"count":0,"href":"https:\/\/www.europesays.com\/fi\/wp-json\/wp\/v2\/posts\/143611\/revisions"}],"wp:featuredmedia":[{"embeddable":true,"href":"https:\/\/www.europesays.com\/fi\/wp-json\/wp\/v2\/media\/143612"}],"wp:attachment":[{"href":"https:\/\/www.europesays.com\/fi\/wp-json\/wp\/v2\/media?parent=143611"}],"wp:term":[{"taxonomy":"category","embeddable":true,"href":"https:\/\/www.europesays.com\/fi\/wp-json\/wp\/v2\/categories?post=143611"},{"taxonomy":"post_tag","embeddable":true,"href":"https:\/\/www.europesays.com\/fi\/wp-json\/wp\/v2\/tags?post=143611"}],"curies":[{"name":"wp","href":"https:\/\/api.w.org\/{rel}","templated":true}]}}