{"id":143613,"date":"2026-01-16T02:55:08","date_gmt":"2026-01-16T02:55:08","guid":{"rendered":"https:\/\/www.europesays.com\/fi\/143613\/"},"modified":"2026-01-16T02:55:08","modified_gmt":"2026-01-16T02:55:08","slug":"valkoisen-talon-mukaan-euroopan-joukot-gronlannissa-eivat-vaikuta-trumpin-pyrkimyksiin","status":"publish","type":"post","link":"https:\/\/www.europesays.com\/fi\/143613\/","title":{"rendered":"Valkoisen talon mukaan Euroopan joukot Gr\u00f6nlannissa eiv\u00e4t vaikuta Trumpin pyrkimyksiin"},"content":{"rendered":"<p><strong class=\"typography-bold\">Trump on toistuvasti sanonut, ett\u00e4 haluaa Gr\u00f6nlannin osaksi Yhdysvaltoja.<\/strong><\/p>\n<p>Valkoisen talon mukaan Euroopan joukoilla Gr\u00f6nlannissa ei ole mink\u00e4\u00e4nlaista vaikutusta presidentti <strong class=\"typography-bold\">Donald Trumpin<\/strong> pyrkimyksiin ottaa saari haltuunsa Tanskalta.\u00a0<\/p>\n<p>Asiasta kertoi Valkoisen talon tiedottaja <strong class=\"typography-bold\">Karoline Leavitt<\/strong> tiedotustilaisuudessa torstai-iltana Suomen aikaa.<\/p>\n<p>My\u00f6s Suomi l\u00e4hett\u00e4\u00e4 Tanskan pyynn\u00f6st\u00e4 kaksi yhteysupseeria Gr\u00f6nlantiin tutustumaan harjoitustoiminnan mahdollisuuksiin, puolustusministeri\u00f6 kertoi torstaina.<\/p>\n<p>Vastaavanlaiseen toimintaan Gr\u00f6nlannissa osallistuvat muun muassa Ruotsi, Norja, Saksa, Britannia ja Ranska. Ne ilmoittivat osallistumisestaan ennen Suomea.<\/p>\n<p>T\u00e4n\u00e4\u00e4n Tanskan p\u00e4\u00e4ministeri <strong class=\"typography-bold\">Mette Fredriksen<\/strong> kommentoi ensimm\u00e4ist\u00e4 kertaa eilist\u00e4 Gr\u00f6nlanti-kokousta Valkoisessa talossa.<\/p>\n<p>H\u00e4nen mukaansa\u00a0Yhdysvaltain, Tanskan ja Gr\u00f6nlannin edustajien Washingtonin-tapaaminen keskiviikkona ei muuttanut perustavanlaatuista erimielisyytt\u00e4 maiden v\u00e4lill\u00e4.\u00a0<\/p>\n<p>Yhdysvaltain presidentti<strong class=\"typography-bold\"> <\/strong>Trump\u00a0on toistuvasti sanonut, ett\u00e4 Yhdysvaltojen on saatava Gr\u00f6nlanti hallintaansa joko ostamalla tai muilla keinoilla. Keskiviikkona Trump sanoi, ett\u00e4 Gr\u00f6nlannin hallitseminen on v\u00e4ltt\u00e4m\u00e4t\u00f6nt\u00e4 Yhdysvalloissa kehitteill\u00e4 olevan ohjuspuolustusj\u00e4rjestelm\u00e4n takia.<\/p>\n<p>Lue my\u00f6s: <a class=\"cursor-pointer underline\" data-testid=\"internal-link\" role=\"link\" data-sentry-element=\"Link\" data-sentry-component=\"InternalLink\" data-sentry-source-file=\"InternalLink.tsx\" href=\"https:\/\/www.mtvuutiset.fi\/artikkeli\/kristersson-ruotsalaissotilaita-saapuu-tanaan-gronlantiin\/9282358\" rel=\"nofollow noopener\" target=\"_blank\">Pohjoismaat ja Saksa lis\u00e4\u00e4v\u00e4t joukkoja Gr\u00f6nlannissa \u2013 Valtonen Ylell\u00e4: My\u00f6s Suomelta pyydetty sotilaita<\/a><\/p>\n","protected":false},"excerpt":{"rendered":"Trump on toistuvasti sanonut, ett\u00e4 haluaa Gr\u00f6nlannin osaksi Yhdysvaltoja. Valkoisen talon mukaan Euroopan joukoilla Gr\u00f6nlannissa ei ole mink\u00e4\u00e4nlaista&hellip;\n","protected":false},"author":2,"featured_media":143614,"comment_status":"","ping_status":"","sticky":false,"template":"","format":"standard","meta":{"footnotes":""},"categories":[5],"tags":[22,23,26,27,33,31,30,17,24,25,28,29,15,18,21,32,19,20,16],"class_list":{"0":"post-143613","1":"post","2":"type-post","3":"status-publish","4":"format-standard","5":"has-post-thumbnail","7":"category-otsikot","8":"tag-breaking-news","9":"tag-breakingnews","10":"tag-featured-news","11":"tag-featurednews","12":"tag-fi","13":"tag-finland","14":"tag-finnish","15":"tag-headlines","16":"tag-latest-news","17":"tag-latestnews","18":"tag-main-news","19":"tag-mainnews","20":"tag-news","21":"tag-otsikot","22":"tag-paauutiset","23":"tag-suomi","24":"tag-top-stories","25":"tag-topstories","26":"tag-uutiset"},"share_on_mastodon":{"url":"https:\/\/pubeurope.com\/@fi\/115902527742663261","error":""},"_links":{"self":[{"href":"https:\/\/www.europesays.com\/fi\/wp-json\/wp\/v2\/posts\/143613","targetHints":{"allow":["GET"]}}],"collection":[{"href":"https:\/\/www.europesays.com\/fi\/wp-json\/wp\/v2\/posts"}],"about":[{"href":"https:\/\/www.europesays.com\/fi\/wp-json\/wp\/v2\/types\/post"}],"author":[{"embeddable":true,"href":"https:\/\/www.europesays.com\/fi\/wp-json\/wp\/v2\/users\/2"}],"replies":[{"embeddable":true,"href":"https:\/\/www.europesays.com\/fi\/wp-json\/wp\/v2\/comments?post=143613"}],"version-history":[{"count":0,"href":"https:\/\/www.europesays.com\/fi\/wp-json\/wp\/v2\/posts\/143613\/revisions"}],"wp:featuredmedia":[{"embeddable":true,"href":"https:\/\/www.europesays.com\/fi\/wp-json\/wp\/v2\/media\/143614"}],"wp:attachment":[{"href":"https:\/\/www.europesays.com\/fi\/wp-json\/wp\/v2\/media?parent=143613"}],"wp:term":[{"taxonomy":"category","embeddable":true,"href":"https:\/\/www.europesays.com\/fi\/wp-json\/wp\/v2\/categories?post=143613"},{"taxonomy":"post_tag","embeddable":true,"href":"https:\/\/www.europesays.com\/fi\/wp-json\/wp\/v2\/tags?post=143613"}],"curies":[{"name":"wp","href":"https:\/\/api.w.org\/{rel}","templated":true}]}}