{"id":143617,"date":"2026-01-16T03:14:13","date_gmt":"2026-01-16T03:14:13","guid":{"rendered":"https:\/\/www.europesays.com\/fi\/143617\/"},"modified":"2026-01-16T03:14:13","modified_gmt":"2026-01-16T03:14:13","slug":"assien-haku-jatkuu-kiinnostaako-leo-komarov","status":"publish","type":"post","link":"https:\/\/www.europesays.com\/fi\/143617\/","title":{"rendered":"\u00c4ssien haku jatkuu \u2013 Kiinnostaako Leo Komarov?"},"content":{"rendered":"<p>\u00c4ssien urheilujohtajalla Jarno Kultasella riitt\u00e4\u00e4 rakennettavaa ensi kauden hy\u00f6kk\u00e4yksess\u00e4. T\u00e4lle kaudelle Danick Martelin korvaajaa ei ole l\u00f6ytynyt, kun yritykset ovat kariutuneet viime metreill\u00e4.<\/p>\n<p>15.1. 18:30<\/p>\n<p class=\"article-body mb-nof-24 px-nof-16\">Pori<\/p>\n<p class=\"article-body mb-nof-24 px-nof-16\">\u00c4ssien ensi kauden joukkue nytk\u00e4hti kahden palasen verran eteenp\u00e4in, kun seura julkaisi <a class=\"font-bold underline-offset-[0.12em] [text-decoration:var(--person-link-text-decoration)] ![text-decoration-color:var(--person-link-text-decoration-color)]\" href=\"https:\/\/www.satakunnankansa.fi\/haku\/?query=Aleksi%20Anttalaisen\" rel=\"nofollow noopener\" target=\"_blank\">Aleksi Anttalaisen<\/a> ja <a class=\"font-bold underline-offset-[0.12em] [text-decoration:var(--person-link-text-decoration)] ![text-decoration-color:var(--person-link-text-decoration-color)]\" href=\"https:\/\/www.satakunnankansa.fi\/haku\/?query=Valtteri%20Lipi%C3%A4isen\" rel=\"nofollow noopener\" target=\"_blank\">Valtteri Lipi\u00e4isen<\/a> jatkosopimukset.<\/p>\n<p class=\"article-body mb-nof-24 px-nof-16\">Urheilujohtaja <a class=\"font-bold underline-offset-[0.12em] [text-decoration:var(--person-link-text-decoration)] ![text-decoration-color:var(--person-link-text-decoration-color)]\" href=\"https:\/\/www.satakunnankansa.fi\/haku\/?query=Jarno%20Kultanen\" rel=\"nofollow noopener\" target=\"_blank\">Jarno Kultanen<\/a> kuvasi molempia hyviksi runkopelaajiksi, jotka \u00c4ss\u00e4t halusi pit\u00e4\u00e4 joukkueessaan.<\/p>\n<p class=\"article-body mb-nof-24 px-nof-16\">Ensi kauden ryhm\u00e4ss\u00e4 Kultasella riitt\u00e4\u00e4 viel\u00e4 rakennettavaa ennen kaikkea hy\u00f6kk\u00e4ysp\u00e4\u00e4ss\u00e4. Tarkkaa budjettia h\u00e4n ei ole saanut, koska \u00c4ss\u00e4t odottaa SM-liigasta tietoa, mik\u00e4 on ensi kaudella esimerkiksi mediarahan suuruus seuraa kohti.<\/p>\n<p class=\"article-body mb-nof-24 px-nof-16\">Todenn\u00e4k\u00f6isesti osa seuroista kasvattaa pelaajabudjettiaan, kun niin sanotulla superkaudella kolme tai jopa nelj\u00e4 huonointa joukkuetta joutuu aloittamaan B-liigassa syksyll\u00e4 2027<\/p>\n<p class=\"article-body mb-nof-24 px-nof-16\">\u201d\u00c4ss\u00e4tkin on valmis panostamaan sen verran, mit\u00e4 rahkeita l\u00f6ytyy\u201d, Kultanen sanoo.<\/p>\n<p><img decoding=\"async\" src=\"https:\/\/www.europesays.com\/fi\/wp-content\/uploads\/2026\/01\/1768533253_581_468.jpg\" alt=\"Jarno Kultanen ei viel\u00e4 tied\u00e4 \u00c4ssien ensi kauden joukkueen tarkkaa pelaajabudjettia.\" class=\"_Img_1rerz_1\" style=\"aspect-ratio:1.5\" loading=\"eager\"\/><\/p>\n<p class=\"article-picture-caption\">Jarno Kultanen ei viel\u00e4 tied\u00e4 \u00c4ssien ensi kauden joukkueen tarkkaa pelaajabudjettia. Kuva:\u00a0Veera Korhonen<\/p>\n<p class=\"article-body mb-nof-24 px-nof-16\">Urheilujohtajalla on akuutti tilanne my\u00f6s t\u00e4m\u00e4n kauden joukkueeseen. <a class=\"font-bold underline-offset-[0.12em] [text-decoration:var(--person-link-text-decoration)] ![text-decoration-color:var(--person-link-text-decoration-color)]\" href=\"https:\/\/www.satakunnankansa.fi\/haku\/?query=Danick%20Martel\" rel=\"nofollow noopener\" target=\"_blank\">Danick Martel <\/a>l\u00e4hti Porista yli kuukausi sitten. Kultanen kertoi tuoreeltaan, ett\u00e4 \u00c4ss\u00e4t etsii Martelin tilalle uutta laitahy\u00f6kk\u00e4\u00e4j\u00e4\u00e4.<\/p>\n<p class=\"article-body mb-nof-24 px-nof-16\">Etsint\u00e4 jatkuu yh\u00e4.<\/p>\n<p class=\"article-body mb-nof-24 px-nof-16\">\u201dKovasti ollaan t\u00f6it\u00e4 asian eteen tehty. Muutamakin vahvistus on kaatunut siihen, kun nykyinen seura on muuttanut mielens\u00e4, eik\u00e4 olekaan p\u00e4\u00e4st\u00e4nyt pelaajaa. Yksi vahvistus olisi vaatinut vaihtokauppaa, mutta meilt\u00e4 ei l\u00f6ytynyt sopivaa pelaajaa toiseen suuntaan\u201d, Kultanen kertoo.<\/p>\n<p class=\"article-body mb-nof-24 px-nof-16\">\u201dJoulun ja uudenvuoden aikoihin pakiston poissaolotilanne oli sellainen, ett\u00e4 meille oli jo tulossa uusi puolustaja. Sekin kaatui lopulta nykyisen seuran takaisinvetoon.\u201d<\/p>\n<p class=\"article-body mb-nof-24 px-nof-16\">Sen Kultanen on jo aiemmin linjannut, ett\u00e4 Sportin tyhjennysmyynnist\u00e4 \u00c4sst ei ole kiinnostunut. Vaasalaiset haluavat korvauksia, jotta he p\u00e4\u00e4st\u00e4v\u00e4t pelaajiaan muualle. Niidenkin korvausten avulla Sport rakentaa ensi kauden joukkuettaan, johon vaasalaiset ovat kertoneet satsaavansa entist\u00e4 enemm\u00e4n. \u00c4ss\u00e4t ei halua olla rahoittamassa kilpailijan ensi kauden ryhm\u00e4\u00e4.<\/p>\n<p class=\"article-body mb-nof-24 px-nof-16\">Puolustukseen \u00c4ss\u00e4t sai jo <a class=\"font-bold underline-offset-[0.12em] [text-decoration:var(--person-link-text-decoration)] ![text-decoration-color:var(--person-link-text-decoration-color)]\" href=\"https:\/\/www.satakunnankansa.fi\/haku\/?query=Lasse%20Boeliuksen\" rel=\"nofollow noopener\" target=\"_blank\">Lasse Boeliuksen<\/a> takaisin nuorten MM-kisoista. Valtteri Viljanen on p\u00e4\u00e4ssyt pelikuntoon, ja <a class=\"font-bold underline-offset-[0.12em] [text-decoration:var(--person-link-text-decoration)] ![text-decoration-color:var(--person-link-text-decoration-color)]\" href=\"https:\/\/www.satakunnankansa.fi\/haku\/?query=Miro%20Karjalaisenkin\" rel=\"nofollow noopener\" target=\"_blank\">Miro Karjalaisenkin<\/a> paluu l\u00e4hestyy. Hy\u00f6kk\u00e4yksest\u00e4 toisaalta <a class=\"font-bold underline-offset-[0.12em] [text-decoration:var(--person-link-text-decoration)] ![text-decoration-color:var(--person-link-text-decoration-color)]\" href=\"https:\/\/www.satakunnankansa.fi\/haku\/?query=Patrik%20Juhola\" rel=\"nofollow noopener\" target=\"_blank\">Patrik Juhola <\/a>on loukkaantuneena. Onko edelleen haussa nimenomaan laituri, vai voiko kyseeseen tulla Juholan loukkaantumisen takia my\u00f6s sentteri?<\/p>\n<p class=\"article-body mb-nof-24 px-nof-16\">\u201d<a class=\"font-bold underline-offset-[0.12em] [text-decoration:var(--person-link-text-decoration)] ![text-decoration-color:var(--person-link-text-decoration-color)]\" href=\"https:\/\/www.satakunnankansa.fi\/haku\/?query=Feetu%20Knihti\" rel=\"nofollow noopener\" target=\"_blank\">Feetu Knihti<\/a> on pelannut keskell\u00e4 hyvin, samoin <a class=\"font-bold underline-offset-[0.12em] [text-decoration:var(--person-link-text-decoration)] ![text-decoration-color:var(--person-link-text-decoration-color)]\" href=\"https:\/\/www.satakunnankansa.fi\/haku\/?query=Otso%20Ylitalo\" rel=\"nofollow noopener\" target=\"_blank\">Otso Ylitalo<\/a> on sinne vaihtoehto. Lis\u00e4ksi Juholan poissaolo n\u00e4ytt\u00e4isi j\u00e4\u00e4v\u00e4n suhteellisen lyhyeksi. H\u00e4n saattaa p\u00e4\u00e4st\u00e4 jo ensi viikolla luistelemaan joukkueen kanssa.\u201d<\/p>\n<p><img decoding=\"async\" src=\"https:\/\/www.europesays.com\/fi\/wp-content\/uploads\/2026\/01\/1768533253_614_468.jpg\" alt=\"Giorgio Estephan oli \u00c4ssilt\u00e4 viime talvena hutihankinta. Ainakaan sellaista Pata ei halua urheilujohtajan mukaan nyt tehd\u00e4.\" class=\"_Img_1rerz_1\" style=\"aspect-ratio:1.5023474178403755\" loading=\"eager\"\/><\/p>\n<p class=\"article-picture-caption\">Giorgio Estephan oli \u00c4ssilt\u00e4 viime talvena hutihankinta. Ainakaan sellaista Pata ei halua urheilujohtajan mukaan nyt tehd\u00e4. Kuva:\u00a0Heikki Westerg\u00e5rd<\/p>\n<p class=\"article-body mb-nof-24 px-nof-16\">Eli katseet ovat laidassa. Edelleen Kultanen pit\u00e4\u00e4 kiinni siit\u00e4, ett\u00e4 tulevan pelaajan pit\u00e4\u00e4 olla vahvistus. Vuosi sitten viime hetken hankintana tuli <a class=\"font-bold underline-offset-[0.12em] [text-decoration:var(--person-link-text-decoration)] ![text-decoration-color:var(--person-link-text-decoration-color)]\" href=\"https:\/\/www.satakunnankansa.fi\/haku\/?query=Giorgio%20Estephan\" rel=\"nofollow noopener\" target=\"_blank\">Giorgio Estephan<\/a>, josta ei apua ollut. Kultasen mukaan tapaus on valmennuksen muistissa.<\/p>\n<p class=\"article-body mb-nof-24 px-nof-16\">Irokeesitapahtumassa esiin nousi <a class=\"font-bold underline-offset-[0.12em] [text-decoration:var(--person-link-text-decoration)] ![text-decoration-color:var(--person-link-text-decoration-color)]\" href=\"https:\/\/www.satakunnankansa.fi\/haku\/?query=Leo%20Komarovin\" rel=\"nofollow noopener\" target=\"_blank\">Leo Komarovin<\/a> nimi. Urheilumanagerin opintoja suorittava Komarov, 37, kertoi, ett\u00e4 motivoiva pelipaikka kiinnostaisi edelleen. Joku, miss\u00e4 voisi voittaa. Joulukuussa h\u00e4net n\u00e4htiin Spengler Cupissa sveitsil\u00e4isen Davosin riveiss\u00e4, mutta muuten mies ei ole t\u00e4ll\u00e4 kaudella pelannut.<\/p>\n<p class=\"article-body mb-nof-24 px-nof-16\">Komarov my\u00f6nsi viikonloppuna, ett\u00e4 h\u00e4nen on itsens\u00e4kin teht\u00e4v\u00e4 pian ratkaisu, viel\u00e4k\u00f6 h\u00e4n l\u00e4htee jonnekin pelaamaan.<\/p>\n<p class=\"article-body mb-nof-24 px-nof-16\">Komarov tuskin olisi en\u00e4\u00e4 vahvistus ratkaisurooliin, mutta toki h\u00e4n toisi ryhm\u00e4\u00e4n s\u00e4rm\u00e4\u00e4 ja kokemusta. Onko \u00c4ssiss\u00e4 20 vuotta sitten kiekkov\u00e4en tietoisuuteen itsens\u00e4 taistellut Komarov porilaisille vaihtoehto?<\/p>\n<p class=\"article-body mb-nof-24 px-nof-16\">\u201dH\u00e4nen nimens\u00e4 ei ole ollut esill\u00e4 kahvip\u00f6yt\u00e4keskusteluja enemp\u00e4\u00e4. Ei meill\u00e4 ole kiinnostusta h\u00e4nen palkkaamiseensa.\u201d<\/p>\n","protected":false},"excerpt":{"rendered":"\u00c4ssien urheilujohtajalla Jarno Kultasella riitt\u00e4\u00e4 rakennettavaa ensi kauden hy\u00f6kk\u00e4yksess\u00e4. T\u00e4lle kaudelle Danick Martelin korvaajaa ei ole l\u00f6ytynyt, kun&hellip;\n","protected":false},"author":2,"featured_media":143618,"comment_status":"","ping_status":"","sticky":false,"template":"","format":"standard","meta":{"footnotes":""},"categories":[158],"tags":[33,31,30,80,159,32,160],"class_list":{"0":"post-143617","1":"post","2":"type-post","3":"status-publish","4":"format-standard","5":"has-post-thumbnail","7":"category-urheilu","8":"tag-fi","9":"tag-finland","10":"tag-finnish","11":"tag-satakunnan-kansa","12":"tag-sports","13":"tag-suomi","14":"tag-urheilu"},"share_on_mastodon":{"url":"https:\/\/pubeurope.com\/@fi\/115902602508840261","error":""},"_links":{"self":[{"href":"https:\/\/www.europesays.com\/fi\/wp-json\/wp\/v2\/posts\/143617","targetHints":{"allow":["GET"]}}],"collection":[{"href":"https:\/\/www.europesays.com\/fi\/wp-json\/wp\/v2\/posts"}],"about":[{"href":"https:\/\/www.europesays.com\/fi\/wp-json\/wp\/v2\/types\/post"}],"author":[{"embeddable":true,"href":"https:\/\/www.europesays.com\/fi\/wp-json\/wp\/v2\/users\/2"}],"replies":[{"embeddable":true,"href":"https:\/\/www.europesays.com\/fi\/wp-json\/wp\/v2\/comments?post=143617"}],"version-history":[{"count":0,"href":"https:\/\/www.europesays.com\/fi\/wp-json\/wp\/v2\/posts\/143617\/revisions"}],"wp:featuredmedia":[{"embeddable":true,"href":"https:\/\/www.europesays.com\/fi\/wp-json\/wp\/v2\/media\/143618"}],"wp:attachment":[{"href":"https:\/\/www.europesays.com\/fi\/wp-json\/wp\/v2\/media?parent=143617"}],"wp:term":[{"taxonomy":"category","embeddable":true,"href":"https:\/\/www.europesays.com\/fi\/wp-json\/wp\/v2\/categories?post=143617"},{"taxonomy":"post_tag","embeddable":true,"href":"https:\/\/www.europesays.com\/fi\/wp-json\/wp\/v2\/tags?post=143617"}],"curies":[{"name":"wp","href":"https:\/\/api.w.org\/{rel}","templated":true}]}}