{"id":143622,"date":"2026-01-16T03:19:07","date_gmt":"2026-01-16T03:19:07","guid":{"rendered":"https:\/\/www.europesays.com\/fi\/143622\/"},"modified":"2026-01-16T03:19:07","modified_gmt":"2026-01-16T03:19:07","slug":"trump-gazan-kaistan-rauhan-hallitus-muodostettu-uutisia-lyhyesti","status":"publish","type":"post","link":"https:\/\/www.europesays.com\/fi\/143622\/","title":{"rendered":"Trump: Gazan kaistan \u201drauhan hallitus\u201d muodostettu | Uutisia lyhyesti"},"content":{"rendered":"<p class=\"aw-1gybjub aw-5vja16 kEtdKx kmuxyA yle__article__paragraph\">Gazan kaistalle on tarkoitus perustaa kansainv\u00e4linen siirtym\u00e4ajan hallinto osana presidentti Trumpin rauhan\u00adsuunnitelmaa.<\/p>\n<p class=\"aw-1gybjub aw-1p7kakr kEtdKx cEmitX yle__article__paragraph\">Yhdysvaltain presidentti <strong class=\"aw-ak79eh KyCXm yle__article__strong\">Donald Trump<\/strong> sanoo, ett\u00e4 Gazan kaistaa v\u00e4liaikaisesti hallinnoiva \u201drauhan hallitus\u201d on muodostettu.<\/p>\n<p class=\"aw-1gybjub aw-1p7kakr kEtdKx cEmitX yle__article__paragraph\">H\u00e4n kertoi asiasta Truth Social -viestipalvelussa.<\/p>\n<p class=\"aw-1gybjub aw-1p7kakr kEtdKx cEmitX yle__article__paragraph\">\u2013 Minun on suuri kunnia ilmoittaa, ett\u00e4 rauhan hallitus on muodostettu, Trump kirjoittaa.<\/p>\n<p class=\"aw-1gybjub aw-1p7kakr kEtdKx cEmitX yle__article__paragraph\">H\u00e4n lis\u00e4si, ett\u00e4 hallituksen j\u00e4senet julkistetaan pian.<\/p>\n<p class=\"aw-1gybjub aw-1p7kakr kEtdKx cEmitX yle__article__paragraph\">Torstaina <a class=\"aw-iao6s4 iHOxEa yle__article__link\" href=\"https:\/\/yle.fi\/a\/74-20204371\" role=\"link\" rel=\"nofollow noopener\" target=\"_blank\">uutistoimisto Reuters kertoi<\/a>, ett\u00e4 Yhdysvallat on l\u00e4hett\u00e4nyt kutsukirjeit\u00e4 niille, joiden on m\u00e4\u00e4r\u00e4 osallistua Gazan v\u00e4liaikaiseen hallintoon.<\/p>\n<p class=\"aw-1gybjub aw-1p7kakr kEtdKx cEmitX yle__article__paragraph\">Gazan kaistalle on tarkoitus perustaa kansainv\u00e4linen siirtym\u00e4ajan hallinto osana presidentti Trumpin rauhansuunnitelmaa.<\/p>\n<p class=\"aw-1gybjub aw-1p7kakr kEtdKx cEmitX yle__article__paragraph\">V\u00e4liaikaishallinnon muodostaminen on keskeinen osa rauhansuunnitelman toista vaihetta. Trumpin mukaan suunnitelman toinen vaihe on virallisesti alkanut.<\/p>\n<p class=\"aw-1gybjub aw-1p7kakr kEtdKx cEmitX yle__article__paragraph\">Useat asiantuntijat ovat kritisoineet suunnitelmaa. Esimerkiksi kymmenet YK:n asiantuntijat ovat varoittaneet, ett\u00e4 suunnitelman keskeiset kohdat ovat ristiriidassa kansainv\u00e4lisen oikeuden kanssa.<\/p>\n<p class=\"aw-1gybjub aw-1p7kakr kEtdKx cEmitX yle__article__paragraph\">L\u00e4hteet: AFP, Reuters, STT<\/p>\n","protected":false},"excerpt":{"rendered":"Gazan kaistalle on tarkoitus perustaa kansainv\u00e4linen siirtym\u00e4ajan hallinto osana presidentti Trumpin rauhan\u00adsuunnitelmaa. Yhdysvaltain presidentti Donald Trump sanoo, ett\u00e4&hellip;\n","protected":false},"author":2,"featured_media":74,"comment_status":"","ping_status":"","sticky":false,"template":"","format":"standard","meta":{"footnotes":""},"categories":[14],"tags":[22,23,585,26,27,33,31,30,994,505,17,70,992,24,25,28,29,15,18,21,995,32,19,20,56,16,59,60,61],"class_list":{"0":"post-143622","1":"post","2":"type-post","3":"status-publish","4":"format-standard","5":"has-post-thumbnail","7":"category-ulkomaat","8":"tag-breaking-news","9":"tag-breakingnews","10":"tag-donald-trump","11":"tag-featured-news","12":"tag-featurednews","13":"tag-fi","14":"tag-finland","15":"tag-finnish","16":"tag-gazan-kaista","17":"tag-gazan-sota","18":"tag-headlines","19":"tag-kansainvalinen-politiikka","20":"tag-lahi-ita","21":"tag-latest-news","22":"tag-latestnews","23":"tag-main-news","24":"tag-mainnews","25":"tag-news","26":"tag-otsikot","27":"tag-paauutiset","28":"tag-palestiinalaisalueet","29":"tag-suomi","30":"tag-top-stories","31":"tag-topstories","32":"tag-ulkomaat","33":"tag-uutiset","34":"tag-world","35":"tag-world-news","36":"tag-worldnews"},"share_on_mastodon":{"url":"https:\/\/pubeurope.com\/@fi\/115902622197899011","error":""},"_links":{"self":[{"href":"https:\/\/www.europesays.com\/fi\/wp-json\/wp\/v2\/posts\/143622","targetHints":{"allow":["GET"]}}],"collection":[{"href":"https:\/\/www.europesays.com\/fi\/wp-json\/wp\/v2\/posts"}],"about":[{"href":"https:\/\/www.europesays.com\/fi\/wp-json\/wp\/v2\/types\/post"}],"author":[{"embeddable":true,"href":"https:\/\/www.europesays.com\/fi\/wp-json\/wp\/v2\/users\/2"}],"replies":[{"embeddable":true,"href":"https:\/\/www.europesays.com\/fi\/wp-json\/wp\/v2\/comments?post=143622"}],"version-history":[{"count":0,"href":"https:\/\/www.europesays.com\/fi\/wp-json\/wp\/v2\/posts\/143622\/revisions"}],"wp:featuredmedia":[{"embeddable":true,"href":"https:\/\/www.europesays.com\/fi\/wp-json\/wp\/v2\/media\/74"}],"wp:attachment":[{"href":"https:\/\/www.europesays.com\/fi\/wp-json\/wp\/v2\/media?parent=143622"}],"wp:term":[{"taxonomy":"category","embeddable":true,"href":"https:\/\/www.europesays.com\/fi\/wp-json\/wp\/v2\/categories?post=143622"},{"taxonomy":"post_tag","embeddable":true,"href":"https:\/\/www.europesays.com\/fi\/wp-json\/wp\/v2\/tags?post=143622"}],"curies":[{"name":"wp","href":"https:\/\/api.w.org\/{rel}","templated":true}]}}