{"id":143623,"date":"2026-01-16T03:20:10","date_gmt":"2026-01-16T03:20:10","guid":{"rendered":"https:\/\/www.europesays.com\/fi\/143623\/"},"modified":"2026-01-16T03:20:10","modified_gmt":"2026-01-16T03:20:10","slug":"joulukuussa-riehunut-myrsky-tuhosi-arvioitua-enemman-metsaa","status":"publish","type":"post","link":"https:\/\/www.europesays.com\/fi\/143623\/","title":{"rendered":"Joulukuussa riehunut myrsky tuhosi arvioitua enemm\u00e4n mets\u00e4\u00e4"},"content":{"rendered":"<p><strong class=\"typography-bold\">Hannes-myrsky rusikoi Suomea joulukuun lopulla.<\/strong><\/p>\n<p>Suomessa joulukuun lopulla riehunut Hannes-myrsky kaatoi mets\u00e4\u00e4 paljon aiemmin arvioitua enemm\u00e4n, kertoo Mets\u00e4keskus.<\/p>\n<p>Keskuksen arvio myrskyss\u00e4 vahingoittuneen puuston m\u00e4\u00e4r\u00e4st\u00e4 on noussut noin 3,5\u20134 miljoonaan kuutiometriin. Pian myrskyn j\u00e4lkeen Mets\u00e4keskus arvioi alustavien tietojen pohjalta, ett\u00e4 Hannes-myrsky olisi kaatanut yhteens\u00e4 noin 300 000 kuutiometri\u00e4 puuta.<\/p>\n<p>Valtaosa tuhoista keskittyi Pohjanmaan ja Keski-Pohjanmaan rannikkoseuduille sek\u00e4 Etel\u00e4-Pohjanmaalle.<\/p>\n<p><strong class=\"typography-bold\">Lue my\u00f6s: <\/strong><a class=\"cursor-pointer underline\" data-testid=\"internal-link\" role=\"link\" data-sentry-element=\"Link\" data-sentry-component=\"InternalLink\" data-sentry-source-file=\"InternalLink.tsx\" href=\"https:\/\/www.mtvuutiset.fi\/artikkeli\/hannes-myrsky-ruuhkautti-vakuutusyhtiot\/9276002\" rel=\"nofollow noopener\" target=\"_blank\"><strong class=\"typography-bold\">Hannes-myrsky ruuhkautti vakuutusyhti\u00f6t \u2013 korvaussummat jopa kymmeni\u00e4 miljoonia<\/strong><\/a><\/p>\n","protected":false},"excerpt":{"rendered":"Hannes-myrsky rusikoi Suomea joulukuun lopulla. Suomessa joulukuun lopulla riehunut Hannes-myrsky kaatoi mets\u00e4\u00e4 paljon aiemmin arvioitua enemm\u00e4n, kertoo Mets\u00e4keskus.&hellip;\n","protected":false},"author":2,"featured_media":143624,"comment_status":"","ping_status":"","sticky":false,"template":"","format":"standard","meta":{"footnotes":""},"categories":[12],"tags":[22,23,26,27,33,31,30,17,24,25,28,29,15,18,21,32,19,20,16],"class_list":{"0":"post-143623","1":"post","2":"type-post","3":"status-publish","4":"format-standard","5":"has-post-thumbnail","7":"category-suomi","8":"tag-breaking-news","9":"tag-breakingnews","10":"tag-featured-news","11":"tag-featurednews","12":"tag-fi","13":"tag-finland","14":"tag-finnish","15":"tag-headlines","16":"tag-latest-news","17":"tag-latestnews","18":"tag-main-news","19":"tag-mainnews","20":"tag-news","21":"tag-otsikot","22":"tag-paauutiset","23":"tag-suomi","24":"tag-top-stories","25":"tag-topstories","26":"tag-uutiset"},"share_on_mastodon":{"url":"https:\/\/pubeurope.com\/@fi\/115902626191464827","error":""},"_links":{"self":[{"href":"https:\/\/www.europesays.com\/fi\/wp-json\/wp\/v2\/posts\/143623","targetHints":{"allow":["GET"]}}],"collection":[{"href":"https:\/\/www.europesays.com\/fi\/wp-json\/wp\/v2\/posts"}],"about":[{"href":"https:\/\/www.europesays.com\/fi\/wp-json\/wp\/v2\/types\/post"}],"author":[{"embeddable":true,"href":"https:\/\/www.europesays.com\/fi\/wp-json\/wp\/v2\/users\/2"}],"replies":[{"embeddable":true,"href":"https:\/\/www.europesays.com\/fi\/wp-json\/wp\/v2\/comments?post=143623"}],"version-history":[{"count":0,"href":"https:\/\/www.europesays.com\/fi\/wp-json\/wp\/v2\/posts\/143623\/revisions"}],"wp:featuredmedia":[{"embeddable":true,"href":"https:\/\/www.europesays.com\/fi\/wp-json\/wp\/v2\/media\/143624"}],"wp:attachment":[{"href":"https:\/\/www.europesays.com\/fi\/wp-json\/wp\/v2\/media?parent=143623"}],"wp:term":[{"taxonomy":"category","embeddable":true,"href":"https:\/\/www.europesays.com\/fi\/wp-json\/wp\/v2\/categories?post=143623"},{"taxonomy":"post_tag","embeddable":true,"href":"https:\/\/www.europesays.com\/fi\/wp-json\/wp\/v2\/tags?post=143623"}],"curies":[{"name":"wp","href":"https:\/\/api.w.org\/{rel}","templated":true}]}}