{"id":143625,"date":"2026-01-16T03:21:10","date_gmt":"2026-01-16T03:21:10","guid":{"rendered":"https:\/\/www.europesays.com\/fi\/143625\/"},"modified":"2026-01-16T03:21:10","modified_gmt":"2026-01-16T03:21:10","slug":"kaytannot-ja-prosessit-olleet-riittamattomat","status":"publish","type":"post","link":"https:\/\/www.europesays.com\/fi\/143625\/","title":{"rendered":"K\u00e4yt\u00e4nn\u00f6t ja prosessit olleet riitt\u00e4m\u00e4tt\u00f6m\u00e4t"},"content":{"rendered":"<p>SDP:n puheenjohtaja Antti Lindtman kertoo eduskuntaryhm\u00e4ns\u00e4 ottavan ulkopuolista tukea selvitt\u00e4\u00e4kseen h\u00e4irint\u00e4tapauksia.<\/p>\n<p><img decoding=\"async\" class=\"image image-show image-preview\" src=\"https:\/\/www.europesays.com\/fi\/wp-content\/uploads\/2026\/01\/1768533669_471_6a5cffff9f1ad703401b5b7564ca4b1ea4480c3a2ad6c0e4a7fef93dd69df95e.jpg\" alt=\"\"\/><img decoding=\"async\" class=\"image image-show\" src=\"https:\/\/www.europesays.com\/fi\/wp-content\/uploads\/2026\/01\/1767919567_500_6a5cffff9f1ad703401b5b7564ca4b1ea4480c3a2ad6c0e4a7fef93dd69df95e.jpg\" alt=\"\"\/><\/p>\n<p>SDP:n puheenjohtaja Antti Lindtman kertoo, ett\u00e4 SDP:n eduskuntaryhm\u00e4ss\u00e4 p\u00e4\u00e4tet\u00e4\u00e4n jatkotoimista, kun selvitys on valmistunut. TIINA SOMERPURO<\/p>\n<p class=\"paragraph\">SDP:n puheenjohtaja <strong>Antti Lindtman<\/strong> kertoo <a href=\"https:\/\/www.instagram.com\/anttilindtman\/p\/DTidNnQCKg8\/?hl=fi\" rel=\"noopener nofollow\" target=\"_blank\">Instagram-p\u00e4ivityksess\u00e4\u00e4n<\/a>, ett\u00e4 SDP:n eduskuntaryhm\u00e4ss\u00e4 laaditaan selvitys ep\u00e4asiallisesta k\u00e4yt\u00f6ksest\u00e4. Selvityksess\u00e4 tukeudutaan ulkopuoliseen apuun.<\/p>\n<p class=\"paragraph\">\u2013\u2009Eduskunnasta esiin nousseet tiedot h\u00e4irinn\u00e4st\u00e4 ja ep\u00e4asiallisesta k\u00e4yt\u00f6ksest\u00e4 ovat vakavia, ja niihin on suhtauduttava \u00e4\u00e4rimm\u00e4isen vakavasti. SDP ei hyv\u00e4ksy mink\u00e4\u00e4nlaista h\u00e4irint\u00e4\u00e4, eik\u00e4 sellaiselta tule kenenk\u00e4\u00e4n sulkea silmi\u00e4, Lindtman kirjoittaa.<\/p>\n<p class=\"paragraph\"><a href=\"https:\/\/www.iltalehti.fi\/politiikka\/ef9b1300-fbcb-4df1-93c1-fcc3311bfda9\" rel=\"nofollow noopener\" target=\"_blank\">Iltalehti<\/a> uutisoi selvityksest\u00e4 jo aiemmin torstaina.<\/p>\n<p class=\"paragraph\">Lindtmanin mukaan selvityksen pohjalta eduskuntaryhm\u00e4 p\u00e4\u00e4tt\u00e4\u00e4 jatkotoimista.<\/p>\n<p class=\"paragraph\">\u2013\u2009Selvityksen pohjalta ryhm\u00e4 p\u00e4\u00e4tt\u00e4\u00e4 aikanaan jatkotoimista. Mutta viel\u00e4 t\u00e4rke\u00e4mp\u00e4\u00e4 on tehd\u00e4 kaikki mahdollinen sen eteen, ettei tulevaisuudessa en\u00e4\u00e4 kenenk\u00e4\u00e4n tarvitsisi tuntea oloaan turvattomaksi, Lindtman kirjoittaa.<\/p>\n<p>Merinen k\u00e4ynnisti keskustelun<\/p>\n<p class=\"paragraph\">Keskustelu alkoi, kun SDP:n kansanedustaja <strong>Ville Merinen<\/strong> kertoi Ylen julkaisemassa Vallan algoritmi -dokumentissa kansanedustajien avustajien kohtelun olevan \u201dihan hirve\u00e4\u00e4\u201d.<\/p>\n<p class=\"paragraph\">H\u00e4n ei ole suostunut sen j\u00e4lkeen tarkentamaan, millaisista tapauksista on kyse. Iltalehti ei ole lukuisista yrityksist\u00e4 huolimatta saanut Meriseen mit\u00e4\u00e4n yhteytt\u00e4. My\u00f6sk\u00e4\u00e4n SDP:ss\u00e4 ei ole saatu Meriselt\u00e4 tarkempia tietoja asiasta.<\/p>\n<p class=\"paragraph\"><a href=\"https:\/\/www.iltalehti.fi\/politiikka\/95fbf116-3302-4dee-bb9f-492330b2b5f2\" rel=\"nofollow noopener\" target=\"_blank\">Iltalehden torstaina<\/a> julkaisemassa laajassa kyselyss\u00e4 ilmeni, ett\u00e4 kymmenen eduskunta-avustajaa tai muuta eduskuntaryhmiss\u00e4 ty\u00f6skentelev\u00e4\u00e4 henkil\u00f6\u00e4 on kohdannut ep\u00e4asiallista k\u00e4yt\u00f6st\u00e4.<\/p>\n<p class=\"paragraph\"><a href=\"https:\/\/www.is.fi\/politiikka\/art-2000011749874.html?utm_source=ampparit\" rel=\"noopener nofollow\" target=\"_blank\">Ilta-Sanomat<\/a> puolestaan uutisoi keskiviikkona useista SDP:n eduskuntaryhm\u00e4\u00e4n liittyvist\u00e4 h\u00e4irint\u00e4tapauksista.<\/p>\n<p>K\u00e4yt\u00e4nn\u00f6t ja prosessit riitt\u00e4m\u00e4tt\u00f6m\u00e4t<\/p>\n<p class=\"paragraph\">Lindtman kirjoittaa p\u00e4ivityksess\u00e4\u00e4n, ett\u00e4 SDP:n eduskuntaryhm\u00e4ll\u00e4 on olemassa \u201dk\u00e4yt\u00e4nn\u00f6t ja prosessit\u201d, joilla ep\u00e4asialliseen k\u00e4yt\u00f6kseen puututaan. Lis\u00e4ksi h\u00e4n mainitsee kanavat nimett\u00f6mien h\u00e4irint\u00e4ilmoitusten tekemiseen. Lindtman katsoo, ett\u00e4 n\u00e4m\u00e4 kanavat ja prosessit eiv\u00e4t ole olleet riitt\u00e4v\u00e4t ilmi\u00f6n kitkemiseksi.<\/p>\n<p class=\"paragraph\">\u2013\u2009Ryhm\u00e4ss\u00e4 aloitetaan nyt ty\u00f6 n\u00e4iden ongelmien selvitt\u00e4miseksi ja ratkaisemiseksi, Lindtman kirjoittaa.<\/p>\n<p class=\"paragraph\">H\u00e4n katsoo, ett\u00e4 ilmi\u00f6 ei rajaudu SDP:n eduskuntaryhm\u00e4\u00e4n. T\u00e4m\u00e4 nousee esille my\u00f6s IL:n selvityksest\u00e4.<\/p>\n<p class=\"paragraph\">Lindtmanin mukaan eduskunnassa tulisi keskitty\u00e4 \u201dkulttuurimme kehitt\u00e4miseen niin, ett\u00e4 my\u00f6s h\u00e4irinn\u00e4n kohteeksi tulleet kokisivat olonsa riitt\u00e4v\u00e4n turvalliseksi, ett\u00e4 uskaltaisivat nostaa ilmeisi\u00e4 ep\u00e4kohtia esiin\u201d.<\/p>\n<p><script async src=\"\/\/www.instagram.com\/embed.js\"><\/script><\/p>\n","protected":false},"excerpt":{"rendered":"SDP:n puheenjohtaja Antti Lindtman kertoo eduskuntaryhm\u00e4ns\u00e4 ottavan ulkopuolista tukea selvitt\u00e4\u00e4kseen h\u00e4irint\u00e4tapauksia. SDP:n puheenjohtaja Antti Lindtman kertoo, ett\u00e4 SDP:n&hellip;\n","protected":false},"author":2,"featured_media":143626,"comment_status":"","ping_status":"","sticky":false,"template":"","format":"standard","meta":{"footnotes":""},"categories":[5],"tags":[35,22,23,26,27,33,31,30,17,24,25,28,29,15,18,21,637,886,888,885,887,32,19,20,16],"class_list":{"0":"post-143625","1":"post","2":"type-post","3":"status-publish","4":"format-standard","5":"has-post-thumbnail","7":"category-otsikot","8":"tag-24h","9":"tag-breaking-news","10":"tag-breakingnews","11":"tag-featured-news","12":"tag-featurednews","13":"tag-fi","14":"tag-finland","15":"tag-finnish","16":"tag-headlines","17":"tag-latest-news","18":"tag-latestnews","19":"tag-main-news","20":"tag-mainnews","21":"tag-news","22":"tag-otsikot","23":"tag-paauutiset","24":"tag-politiikka","25":"tag-puolueet","26":"tag-suomalaiset-poliitikot","27":"tag-suomen-poliittiset-puolueet","28":"tag-suomen-politiikka","29":"tag-suomi","30":"tag-top-stories","31":"tag-topstories","32":"tag-uutiset"},"share_on_mastodon":{"url":"https:\/\/pubeurope.com\/@fi\/115902629997713975","error":""},"_links":{"self":[{"href":"https:\/\/www.europesays.com\/fi\/wp-json\/wp\/v2\/posts\/143625","targetHints":{"allow":["GET"]}}],"collection":[{"href":"https:\/\/www.europesays.com\/fi\/wp-json\/wp\/v2\/posts"}],"about":[{"href":"https:\/\/www.europesays.com\/fi\/wp-json\/wp\/v2\/types\/post"}],"author":[{"embeddable":true,"href":"https:\/\/www.europesays.com\/fi\/wp-json\/wp\/v2\/users\/2"}],"replies":[{"embeddable":true,"href":"https:\/\/www.europesays.com\/fi\/wp-json\/wp\/v2\/comments?post=143625"}],"version-history":[{"count":0,"href":"https:\/\/www.europesays.com\/fi\/wp-json\/wp\/v2\/posts\/143625\/revisions"}],"wp:featuredmedia":[{"embeddable":true,"href":"https:\/\/www.europesays.com\/fi\/wp-json\/wp\/v2\/media\/143626"}],"wp:attachment":[{"href":"https:\/\/www.europesays.com\/fi\/wp-json\/wp\/v2\/media?parent=143625"}],"wp:term":[{"taxonomy":"category","embeddable":true,"href":"https:\/\/www.europesays.com\/fi\/wp-json\/wp\/v2\/categories?post=143625"},{"taxonomy":"post_tag","embeddable":true,"href":"https:\/\/www.europesays.com\/fi\/wp-json\/wp\/v2\/tags?post=143625"}],"curies":[{"name":"wp","href":"https:\/\/api.w.org\/{rel}","templated":true}]}}