{"id":143627,"date":"2026-01-16T03:33:10","date_gmt":"2026-01-16T03:33:10","guid":{"rendered":"https:\/\/www.europesays.com\/fi\/143627\/"},"modified":"2026-01-16T03:33:10","modified_gmt":"2026-01-16T03:33:10","slug":"vappu-pimia-joutui-aamulenkille-syyna-puolison-teko","status":"publish","type":"post","link":"https:\/\/www.europesays.com\/fi\/143627\/","title":{"rendered":"Vappu Pimi\u00e4 joutui aamulenkille \u2013 syyn\u00e4 puolison teko"},"content":{"rendered":"<p>Juontaja <strong>Vappu Pimi\u00e4<\/strong> vietti juuri kuukauden Amerikassa perheens\u00e4 kanssa. H\u00e4n on kertonut k\u00e4rsineens\u00e4 aikaerov\u00e4symyksest\u00e4. Nyt H\u00e4n on ollut lenkill\u00e4 todella aikaisin, mutta kertoo ettei syyn\u00e4 ollut en\u00e4\u00e4 aikaero.<\/p>\n<p>Lue my\u00f6s: <a href=\"https:\/\/www.como.fi\/uutiset\/vappu-pimia-palasi-suomeen-esittelee-upeaa-lomaansa\/\" title=\"Vappu Pimi\u00e4 palasi Suomeen \u2013 esittelee upeaa lomaansa\" class=\"underline-custom !font-montserrat !font-bold !underline-offset-4 !decoration-4 !decoration-red-600 !text-md\" rel=\"nofollow noopener\" target=\"_blank\">Vappu Pimi\u00e4 palasi Suomeen \u2013 esittelee upeaa lomaansa<\/a><\/p>\n<p>Vappu kertoo lenkkeilyn lomassa syyn\u00e4 aikaiseen aamulenkkiin l\u00f6ytyv\u00e4n h\u00e4nen puolisostaan <strong>Teemusta<\/strong>, jota h\u00e4n kutsuu usein <strong>Metsolan Erkiksi<\/strong>. \u00a0<\/p>\n<p>\u2013 T\u00e4ll\u00e4 kertaa menee ihan Erkki Metsolan piikkiin, kertoo Pimi\u00e4 videossaan.<\/p>\n<p>Vappu paljastaa my\u00f6s, miksi aikainen her\u00e4tys johtui t\u00e4ll\u00e4 kerralla puolisosta. Syyn\u00e4 oli meteli, jota puoliso oli pit\u00e4nyt keskell\u00e4 y\u00f6t\u00e4.<\/p>\n<p>Lue my\u00f6s: <a href=\"https:\/\/www.como.fi\/uutiset\/saavuttiko-podcast-villitys-huippunsa-miten-vappu-pimia-ja-aki-linnanahde-liittyvat\/\" title=\"Saavuttiko podcast-villitys huippunsa \u2013 miten Vappu Pimi\u00e4 ja Aki Linnanahde liittyv\u00e4t?\" class=\"underline-custom !font-montserrat !font-bold !underline-offset-4 !decoration-4 !decoration-red-600 !text-md\" rel=\"nofollow noopener\" target=\"_blank\">Saavuttiko podcast-villitys huippunsa \u2013 miten Vappu Pimi\u00e4 ja Aki Linnanahde liittyv\u00e4t?<\/a><\/p>\n<p>\u2013 H\u00e4n vaan yski ja yski ja yski. H\u00e4n yski semmoisen puoli tuntia ennen kuin nukahti uudestaan. Mutta min\u00e4 en, kertoo Pimi\u00e4.<\/p>\n<p>Vappu kertoo videossaan, kuinka Teemulla on ollut ysk\u00e4 jo jonkin aikaa.<\/p>\n<p>\u2013 Sanoin h\u00e4nelle kyll\u00e4 aika tiukasti, ett\u00e4 olisit tietty voinut siirty\u00e4 sohvalle, paljastaa Pimi\u00e4 viel\u00e4.<\/p>\n<p>Vappu kertoi muutama p\u00e4iv\u00e4 sitten, kuinka kuukauden kest\u00e4v\u00e4 matka oli sujunut.<\/p>\n<p>\u2013 Tajusin miksi viihdyn niin hyvin Kaliforniassa ja Manhattan Beachill\u00e4; taika lienee nimitt\u00e4in juuri siin\u00e4, ett\u00e4 kun kulmat on tutut, niin ei tule valtavaa tarvetta n\u00e4hd\u00e4 ja tehd\u00e4 mit\u00e4\u00e4n uutta ja ihmeellist\u00e4, kirjoitti Vappu.<\/p>\n<p>Vapun julkaisu l\u00f6ytyy <a href=\"https:\/\/www.instagram.com\/reel\/DTTO_YngvE1\/?utm_source=ig_web_copy_link&amp;igsh=MzRlODBiNWFlZA==\" target=\"_blank\" rel=\"noreferrer noopener nofollow\">t\u00e4\u00e4lt\u00e4<\/a> ja t\u00e4st\u00e4 alta.<\/p>\n<p>Lue my\u00f6s: <a href=\"https:\/\/www.como.fi\/tilaa-comon-uutiskirje\/\" title=\"Tilaa Comon uutiskirje ja tied\u00e4t mist\u00e4 kahvitauolla puhutaan! Nappaa kotimaan tv-vinkit ja puheenaiheet suoraan s\u00e4hk\u00f6postiin t\u00e4st\u00e4.\" class=\"underline-custom !font-montserrat !font-bold !underline-offset-4 !decoration-4 !decoration-red-600 !text-md\" rel=\"nofollow noopener\" target=\"_blank\">Tilaa Comon uutiskirje ja tied\u00e4t mist\u00e4 kahvitauolla puhutaan! Nappaa kotimaan tv-vinkit ja puheenaiheet suoraan s\u00e4hk\u00f6postiin t\u00e4st\u00e4.<\/a><\/p>\n<p>\t\t\t\t<script async src=\"\/\/www.instagram.com\/embed.js\"><\/script><\/p>\n","protected":false},"excerpt":{"rendered":"Juontaja Vappu Pimi\u00e4 vietti juuri kuukauden Amerikassa perheens\u00e4 kanssa. H\u00e4n on kertonut k\u00e4rsineens\u00e4 aikaerov\u00e4symyksest\u00e4. Nyt H\u00e4n on ollut&hellip;\n","protected":false},"author":2,"featured_media":143628,"comment_status":"","ping_status":"","sticky":false,"template":"","format":"standard","meta":{"footnotes":""},"categories":[136],"tags":[407,137,33,31,30,408,32,7258,109],"class_list":{"0":"post-143627","1":"post","2":"type-post","3":"status-publish","4":"format-standard","5":"has-post-thumbnail","7":"category-julkkikset","8":"tag-celebrities","9":"tag-entertainment","10":"tag-fi","11":"tag-finland","12":"tag-finnish","13":"tag-julkkikset","14":"tag-suomi","15":"tag-vappu-pimiu00e4","16":"tag-viihde"},"share_on_mastodon":{"url":"https:\/\/pubeurope.com\/@fi\/115902677145190928","error":""},"_links":{"self":[{"href":"https:\/\/www.europesays.com\/fi\/wp-json\/wp\/v2\/posts\/143627","targetHints":{"allow":["GET"]}}],"collection":[{"href":"https:\/\/www.europesays.com\/fi\/wp-json\/wp\/v2\/posts"}],"about":[{"href":"https:\/\/www.europesays.com\/fi\/wp-json\/wp\/v2\/types\/post"}],"author":[{"embeddable":true,"href":"https:\/\/www.europesays.com\/fi\/wp-json\/wp\/v2\/users\/2"}],"replies":[{"embeddable":true,"href":"https:\/\/www.europesays.com\/fi\/wp-json\/wp\/v2\/comments?post=143627"}],"version-history":[{"count":0,"href":"https:\/\/www.europesays.com\/fi\/wp-json\/wp\/v2\/posts\/143627\/revisions"}],"wp:featuredmedia":[{"embeddable":true,"href":"https:\/\/www.europesays.com\/fi\/wp-json\/wp\/v2\/media\/143628"}],"wp:attachment":[{"href":"https:\/\/www.europesays.com\/fi\/wp-json\/wp\/v2\/media?parent=143627"}],"wp:term":[{"taxonomy":"category","embeddable":true,"href":"https:\/\/www.europesays.com\/fi\/wp-json\/wp\/v2\/categories?post=143627"},{"taxonomy":"post_tag","embeddable":true,"href":"https:\/\/www.europesays.com\/fi\/wp-json\/wp\/v2\/tags?post=143627"}],"curies":[{"name":"wp","href":"https:\/\/api.w.org\/{rel}","templated":true}]}}