{"id":143629,"date":"2026-01-16T03:40:14","date_gmt":"2026-01-16T03:40:14","guid":{"rendered":"https:\/\/www.europesays.com\/fi\/143629\/"},"modified":"2026-01-16T03:40:14","modified_gmt":"2026-01-16T03:40:14","slug":"kosonen-ja-tervo-pokkasivat-rohkeus-unon","status":"publish","type":"post","link":"https:\/\/www.europesays.com\/fi\/143629\/","title":{"rendered":"Kosonen ja Tervo pokkasivat Rohkeus-Unon"},"content":{"rendered":"<p style=\"font-weight: 400;\">Moukarinheitt\u00e4j\u00e4t Silja Kosonen ja Krista Tervo pokkasivat Rohkeus-Unon Urheilugaalassa Helsingiss\u00e4. Se\u00a0my\u00f6nnet\u00e4\u00e4n esimerkillisist\u00e4 teoista, jotka lis\u00e4\u00e4v\u00e4t urheiluyhteis\u00f6n rohkeutta kannustaa toisiaan. Kososta ja Tervoa kiiteltiin\u00a0toistensa tukemisesta ja kannustamisesta.<\/p>\n<p style=\"font-weight: 400;\">Vuoden urheilija -tittelin Urheilugaalassa pokkasi\u00a0nelinpeliss\u00e4 menestyst\u00e4 niitt\u00e4nyt Harri Heli\u00f6vaara. H\u00e4n sai Urheilutoimittajain liiton -\u00e4\u00e4nestyksess\u00e4 1356 pistett\u00e4 ja ker\u00e4si 52 ykk\u00f6ssijaa. Toiseksi sijoittui koripalloilija Lauri Markkanen, ja kolmanneksi j\u00e4\u00e4kiekkoilija Aleksander Barkov.<\/p>\n<p><img loading=\"lazy\" decoding=\"async\" class=\"lazy-load wp-image-114628 size-full\" src=\"https:\/\/www.europesays.com\/fi\/wp-content\/uploads\/2026\/01\/Kuva_-Linnea-Laatikainen-158.jpg\" alt=\"\" width=\"2048\" height=\"1365\"  \/>Rohkeus-Uno -palkinto tuli yll\u00e4tyksens\u00e4 Silja Kososelle ja Krista Tervolle. Kuva: Linnea Laatikainen.<br \/>\n<strong>\u201dOlemme sellaisia kuin me olemme, konstailematta\u201d<\/strong><\/p>\n<p style=\"font-weight: 400;\">Kosonen ja Tervo\u00a0k\u00e4yv\u00e4t alati kovaa taistoa kunniasta ja mitaleista, mutta se ei est\u00e4 heit\u00e4 aidosti iloitsemasta toinen toisensa menestyksest\u00e4. He kertoivat j\u00e4nnitt\u00e4v\u00e4ns\u00e4 toisen kisasuoritusta jopa enemm\u00e4n kuin omaansa.<\/p>\n<p style=\"font-weight: 400;\">\u2013 Me olemme samanlaisia sekop\u00e4it\u00e4, Silja Kosonen virnisti Rohkeus-Uno syliss\u00e4\u00e4n.<\/p>\n<p style=\"font-weight: 400;\">Kosonen ja Tervo olivat ensi kerran samassa reissuhuoneessa Tokion\u00a0olympialaisissa 2021 ja havaitsivat heti viihtyv\u00e4ns\u00e4 yhdess\u00e4. Rohkeus-Uno syliss\u00e4\u00e4n kaksikko\u00a0pohdiskeli, miksi\u00a0tuo komea pysti ojennettiin juuri heille.<\/p>\n<p style=\"font-weight: 400;\">\u2013 Varmaan siksi, kun me aidosti ja rohkeasti olemme kumpainenkin kisoissa ja kaikkialla sellaisia kuin me olemme, konstailematta, Tervo aprikoi.<\/p>\n<p style=\"font-weight: 400;\">Eik\u00e4 moukarinheitto ei ole ainoa laji, jossa kaksikko kilpailee toisiaan vastaan.<\/p>\n<p style=\"font-weight: 400;\">\u2013 Olemme kilpailleet ja kilpailemme mielell\u00e4mme my\u00f6s muun muassa pingiksess\u00e4, frisbeegolfissa ja videopeleiss\u00e4, Kosonen ja Tervo kertoivat.<\/p>\n<p><img loading=\"lazy\" decoding=\"async\" class=\"lazy-load wp-image-114622 size-full\" src=\"https:\/\/www.europesays.com\/fi\/wp-content\/uploads\/2026\/01\/Kuva_-Linnea-Laatikainen-165.jpg\" alt=\"\" width=\"2048\" height=\"1365\"  \/>Heli Rantanen valittiin Suomen urheilun Hall of Fame -kunniagalleriaan. Kuva: Linnea Laatikainen<br \/>\n<strong>Rantanen Hall of Fame -kunniagalleriaan<\/strong><\/p>\n<p style=\"font-weight: 400;\">Keih\u00e4\u00e4nheiton olympiakultaa Atlantassa 1996 voittanut Heli Rantanen nimettiin Urheilugaalassa Suomen urheilun Hall of Fameen. Kunniagalleriaan nimettiin my\u00f6s m\u00e4kihypp\u00e4\u00e4j\u00e4 Janne Ahonen ja purjehtija Esko Rechardt.<\/p>\n<p style=\"font-weight: 400;\">\u2013 T\u00e4llainen tunnustus on tosi upea. Enk\u00e4 hetke\u00e4k\u00e4\u00e4n empinyt, kun p\u00e4\u00e4tin ottaa Leo Pusan kavaljeerikseni t\u00e4h\u00e4n juhlatapahtumaan, Rantanen sanoi huippuvuosien valmentajastaan.<\/p>\n<p style=\"font-weight: 400;\">Rantanen muisteli saaneensa hyvi\u00e4 neuvoja ja vahvaa tukea my\u00f6s niilt\u00e4 suomalaisilta keih\u00e4\u00e4nheitt\u00e4jilt\u00e4, jotka olivat h\u00e4nen kanssaan huipulla samanaikaisesti.<\/p>\n<p style=\"font-weight: 400;\">\u2013 Paljon sain oppia, Sepolta (R\u00e4ty) nyt tietenkin, mutta my\u00f6s monilta muilta keih\u00e4\u00e4nheitt\u00e4jilt\u00e4, Rantanen sanoi.<\/p>\n<p style=\"font-weight: 400;\">Lammin S\u00e4ki\u00e4\u00e4 l\u00e4hes koko uransa ajan edustanut Rantanen muistutti my\u00f6s sitkeyden ja p\u00e4\u00e4tt\u00e4v\u00e4isyyden merkityksest\u00e4.<\/p>\n<p style=\"font-weight: 400;\">\u2013 Ensimm\u00e4isen kerran heitin keih\u00e4st\u00e4 11-vuotiaana, mutta juniorina en ollut l\u00e4hesk\u00e4\u00e4n maamme parhaimmistoa. Jossain vaiheessa sitten p\u00e4\u00e4tin tehd\u00e4 kaikkeni, jotta menestys tulee, ja tulihan se,\u00a0Rantanen sanoi.<\/p>\n<p><img loading=\"lazy\" decoding=\"async\" class=\"lazy-load wp-image-114625 size-full\" src=\"https:\/\/www.europesays.com\/fi\/wp-content\/uploads\/2026\/01\/Kuva_-Linnea-Laatikainen-149.jpg\" alt=\"\" width=\"2048\" height=\"1365\"  \/>Alisa Vainio oli kolmas Vuoden syk\u00e4hdytt\u00e4vin urheiluhetki -\u00e4\u00e4nestyksess\u00e4 viidennen sijan tuoneella Tokion MM-kisojen maratonjuoksullaan. Kuva: Linnea Laatikainen.<br \/>\n<strong>Vainio kolmas syk\u00e4hdytt\u00e4vin hetki -\u00e4\u00e4nestyksess\u00e4<\/strong><\/p>\n<p style=\"font-weight: 400;\">Tokion MM-maratonilla viidenneksi sijoittunut Alisa Vainio oli Urheilugaalan Vuoden syk\u00e4hdytt\u00e4vin urheiluhetki -\u00e4\u00e4nestyksess\u00e4 kolmas. Sen voitti ampumahiiht\u00e4j\u00e4 Suvi Minkkinen. Vuoden urheilija -\u00e4\u00e4nestyksess\u00e4 Saga Vanninen ja Vainio olivat parhaina yleisurheilijoina sijoilla viisi ja seitsem\u00e4n.<\/p>\n<p><img loading=\"lazy\" decoding=\"async\" class=\"lazy-load wp-image-114623 size-full\" src=\"https:\/\/www.europesays.com\/fi\/wp-content\/uploads\/2026\/01\/JaninaPitkanen-1981.jpg\" alt=\"\" width=\"2048\" height=\"1367\"  \/>Pitk\u00e4n uran urheilun johtoteht\u00e4viss\u00e4 tehnyt Jouko Purontakanen sai Urheilugaalassa el\u00e4m\u00e4nura-palkinnon. Kuva: Janina Pitk\u00e4nen.<\/p>\n<p style=\"font-weight: 400;\">Yleisurheilutaustaa on my\u00f6s Urheilugaalassa El\u00e4m\u00e4nura-palkinnon saaneella Jouko Purontakasella. Suomen olympiakomitean entinen p\u00e4\u00e4sihteeri toimi pitk\u00e4ll\u00e4 urallaan my\u00f6s Suomen Urheiluliiton toimitusjohtajana 1987\u20131992 sek\u00e4 yleisurheilun vuoden 1994 EM-kotikisojen p\u00e4\u00e4sihteerin\u00e4.<\/p>\n<p style=\"font-weight: 400;\">Urheilugaalassa julkistettiin my\u00f6s Olympiarahaston stipendej\u00e4. Kuulanty\u00f6nt\u00e4j\u00e4 ja moukarinheitt\u00e4j\u00e4 Aatu Kangasniemi sai 10 000 euron stipendin ja Jyv\u00e4skyl\u00e4n Kentt\u00e4urheilijat 7500 euron stipendin.<\/p>\n","protected":false},"excerpt":{"rendered":"Moukarinheitt\u00e4j\u00e4t Silja Kosonen ja Krista Tervo pokkasivat Rohkeus-Unon Urheilugaalassa Helsingiss\u00e4. Se\u00a0my\u00f6nnet\u00e4\u00e4n esimerkillisist\u00e4 teoista, jotka lis\u00e4\u00e4v\u00e4t urheiluyhteis\u00f6n rohkeutta kannustaa&hellip;\n","protected":false},"author":2,"featured_media":143630,"comment_status":"","ping_status":"","sticky":false,"template":"","format":"standard","meta":{"footnotes":""},"categories":[158],"tags":[33,31,30,159,32,160],"class_list":{"0":"post-143629","1":"post","2":"type-post","3":"status-publish","4":"format-standard","5":"has-post-thumbnail","7":"category-urheilu","8":"tag-fi","9":"tag-finland","10":"tag-finnish","11":"tag-sports","12":"tag-suomi","13":"tag-urheilu"},"share_on_mastodon":{"url":"https:\/\/pubeurope.com\/@fi\/115902704876227201","error":""},"_links":{"self":[{"href":"https:\/\/www.europesays.com\/fi\/wp-json\/wp\/v2\/posts\/143629","targetHints":{"allow":["GET"]}}],"collection":[{"href":"https:\/\/www.europesays.com\/fi\/wp-json\/wp\/v2\/posts"}],"about":[{"href":"https:\/\/www.europesays.com\/fi\/wp-json\/wp\/v2\/types\/post"}],"author":[{"embeddable":true,"href":"https:\/\/www.europesays.com\/fi\/wp-json\/wp\/v2\/users\/2"}],"replies":[{"embeddable":true,"href":"https:\/\/www.europesays.com\/fi\/wp-json\/wp\/v2\/comments?post=143629"}],"version-history":[{"count":0,"href":"https:\/\/www.europesays.com\/fi\/wp-json\/wp\/v2\/posts\/143629\/revisions"}],"wp:featuredmedia":[{"embeddable":true,"href":"https:\/\/www.europesays.com\/fi\/wp-json\/wp\/v2\/media\/143630"}],"wp:attachment":[{"href":"https:\/\/www.europesays.com\/fi\/wp-json\/wp\/v2\/media?parent=143629"}],"wp:term":[{"taxonomy":"category","embeddable":true,"href":"https:\/\/www.europesays.com\/fi\/wp-json\/wp\/v2\/categories?post=143629"},{"taxonomy":"post_tag","embeddable":true,"href":"https:\/\/www.europesays.com\/fi\/wp-json\/wp\/v2\/tags?post=143629"}],"curies":[{"name":"wp","href":"https:\/\/api.w.org\/{rel}","templated":true}]}}