{"id":143631,"date":"2026-01-16T03:41:12","date_gmt":"2026-01-16T03:41:12","guid":{"rendered":"https:\/\/www.europesays.com\/fi\/143631\/"},"modified":"2026-01-16T03:41:12","modified_gmt":"2026-01-16T03:41:12","slug":"tanssiin-fi-danny-vastaa-markku-aron-kritiikkiin","status":"publish","type":"post","link":"https:\/\/www.europesays.com\/fi\/143631\/","title":{"rendered":"Tanssiin.fi: Danny vastaa Markku Aron kritiikkiin"},"content":{"rendered":"<p>            Seiskan arkisto\n        <\/p>\n<p class=\"subtitle \">Markun arvostelevat kommentit saivat Dannyn ottamaan kantaa asiaan.<\/p>\n<p class=\"article-content article-content-width !bg-background\">Seiska kertoi eilen laulaja  ik\u00e4v\u00e4ns\u00e4vyisist\u00e4 kommenteista musiikkineuvos  eli  esiintymiseen liittyen.<\/p>\n<p class=\"font-weight-bold m-font-weight-bold article-content article-content-width !bg-background\">Video: Danny ja Helmi lentoasemalla.<\/p>\n<p class=\"article-content article-content-width !bg-background\"><a href=\"https:\/\/www.seiska.fi\/kotimaa\/apu-markku-arolta-suorat-sanat-dannyn-keikoista\/2046152\" target=\"_blank\" rel=\"nofollow noopener\">Markku moitti Apu-lehden haastattelussa<\/a>\u00a0sit\u00e4, kuinka Danny esiintyy nyky\u00e4\u00e4n istuen.<\/p>\n<p class=\"article-content article-content-width !bg-background\">\u2013 Se on niin surullista ja falskia, Markku latasi Avussa.<\/p>\n<p class=\"article-content article-content-width !bg-background\">\u2013 Ei t\u00e4m\u00e4 niin iso huume t\u00e4m\u00e4 esiintyminen ole, ett\u00e4 sinne lavalle pit\u00e4isi v\u00e4kisin kavuta. Jokin itsekunnioitus pit\u00e4isi s\u00e4ilytt\u00e4\u00e4, Markku my\u00f6s linjasi.<\/p>\n<p>        <a itemprop=\"url\" href=\"https:\/\/www.seiska.fi\/kotimaa\/apu-markku-arolta-suorat-sanat-dannyn-keikoista\/2046152\" rel=\"nofollow noopener\" target=\"_blank\"><\/p>\n<p>\nMarkku Aro Apu-lehdess\u00e4:\n<\/p>\n<p class=\"section-date\">\n        <strong class=\"article-section\" data-section=\"kotimaa\"><br \/>\n            kotimaa<br \/>\n        <\/strong><br \/>\n        14.1. 15:25\n    <\/p>\n<p>Apu: Markku Arolta suorat sanat Dannyn keikoista\n    <\/p>\n<p itemprop=\"description\" class=\"subtitle \">\n    Onko Frederik saanut Markku Arosta seuraajan Dannyn kritisoijaksi?\n<\/p>\n<p>        <\/a><\/p>\n<p>                <img decoding=\"async\" src=\"https:\/\/www.europesays.com\/fi\/wp-content\/uploads\/2026\/01\/2003833.webp.jpeg\" width=\"576\" height=\"720\" alt=\"Danny ja Markku Aro ovat joutuneet tukkanuottasille.\" loading=\"lazy\" \/>            <\/p>\n<p>\n            Danny ja Markku Aro ovat joutuneet tukkanuottasille.<br \/>\n            Timo Korhonen\n        <\/p>\n<p>N\u00e4in kommentoi Danny<\/p>\n<p class=\"article-content article-content-width !bg-background\">Nyt Danny ottaa kantaa Markun lausuntoihin. <a href=\"https:\/\/www.tanssiin.fi\/nyt-puhuu-tylytetty-danny-markku-voisit-neuvoa-myos\/\" target=\"_blank\" rel=\"nofollow noopener\">Tanssiin.fi -sivusto uutisoi,<\/a> ett\u00e4 he tavoittivat Dannyn lomaltaan Thaimaasta.<\/p>\n<p class=\"article-content article-content-width !bg-background\">Kuten kaikki tied\u00e4mme, musiikkineuvos loukkasi polvens\u00e4 ik\u00e4v\u00e4sti jo toistakymment\u00e4 vuotta sitten Kanarialla.<\/p>\n<p class=\"article-content article-content-width !bg-background\">Kolmesti leikatun polven vuoksi Danny ei voi en\u00e4\u00e4 vet\u00e4\u00e4 vauhdikkaita show-numeroita.<\/p>\n<p class=\"article-content article-content-width !bg-background\">\u2013 Markulle sanoisin, ett\u00e4 ole itse se muutos, jonka haluat maailmassa n\u00e4hd\u00e4. \u00c4l\u00e4 rakenna el\u00e4m\u00e4\u00e4 pelk\u00e4n omaisuuden varaan, jos voit ty\u00f6n kautta palvella muita, h\u00e4n kommentoi haastattelussa.<\/p>\n<p class=\"article-content article-content-width !bg-background\">Danny viittaa samalla my\u00f6s esimerkiksi &#8221;Walesin tiikeri&#8221; , joka esiintyy yh\u00e4 85-vuotiaana.<\/p>\n<p class=\"article-content article-content-width !bg-background\">\u2013 Itsekunnioitukseni toimii viel\u00e4, koska yhteisty\u00f6kumppanini tekiv\u00e4t minusta riitt\u00e4v\u00e4n hyv\u00e4n. Markku voisit siis my\u00f6s neuvoa kansainv\u00e4lisi\u00e4 kollegoitamme lopettamaan, jos haluat. Mutta tied\u00e4n, ett\u00e4 todellinen voima henkil\u00f6iss\u00e4 ei ole varallisuudessa vaan henkisiss\u00e4 voimavaroissa, Danny jys\u00e4ytt\u00e4\u00e4.<\/p>\n<p>        <a itemprop=\"url\" href=\"https:\/\/www.seiska.fi\/kotimaa\/oho-mika-ero-talta-helmi-loukasmaki-nayttaa-nyt\/2036004\" rel=\"nofollow noopener\" target=\"_blank\"><\/p>\n<p>\nOho, mik\u00e4 ero!\n<\/p>\n<p class=\"section-date\">\n        <strong class=\"article-section\" data-section=\"kotimaa\"><br \/>\n            kotimaa<br \/>\n        <\/strong><br \/>\n        3.1. 12:00\n    <\/p>\n<p>Oho, mik\u00e4 ero! T\u00e4lt\u00e4 Helmi Loukasm\u00e4ki n\u00e4ytt\u00e4\u00e4 nyt\n    <\/p>\n<p itemprop=\"description\" class=\"subtitle \">\n    Dannyn avustajan uusin look ly\u00f6 \u00e4llik\u00e4ll\u00e4.\n<\/p>\n<p>        <\/a><\/p>\n","protected":false},"excerpt":{"rendered":"Seiskan arkisto Markun arvostelevat kommentit saivat Dannyn ottamaan kantaa asiaan. Seiska kertoi eilen laulaja ik\u00e4v\u00e4ns\u00e4vyisist\u00e4 kommenteista musiikkineuvos eli&hellip;\n","protected":false},"author":2,"featured_media":142625,"comment_status":"","ping_status":"","sticky":false,"template":"","format":"standard","meta":{"footnotes":""},"categories":[130],"tags":[8967,137,33,31,30,11419,5376,47,32,15618,109],"class_list":{"0":"post-143631","1":"post","2":"type-post","3":"status-publish","4":"format-standard","5":"has-post-thumbnail","7":"category-viihde","8":"tag-danny","9":"tag-entertainment","10":"tag-fi","11":"tag-finland","12":"tag-finnish","13":"tag-ilkka-lipsanen","14":"tag-markku-aro","15":"tag-musiikki","16":"tag-suomi","17":"tag-tom-jones","18":"tag-viihde"},"share_on_mastodon":{"url":"https:\/\/pubeurope.com\/@fi\/115902708662321734","error":""},"_links":{"self":[{"href":"https:\/\/www.europesays.com\/fi\/wp-json\/wp\/v2\/posts\/143631","targetHints":{"allow":["GET"]}}],"collection":[{"href":"https:\/\/www.europesays.com\/fi\/wp-json\/wp\/v2\/posts"}],"about":[{"href":"https:\/\/www.europesays.com\/fi\/wp-json\/wp\/v2\/types\/post"}],"author":[{"embeddable":true,"href":"https:\/\/www.europesays.com\/fi\/wp-json\/wp\/v2\/users\/2"}],"replies":[{"embeddable":true,"href":"https:\/\/www.europesays.com\/fi\/wp-json\/wp\/v2\/comments?post=143631"}],"version-history":[{"count":0,"href":"https:\/\/www.europesays.com\/fi\/wp-json\/wp\/v2\/posts\/143631\/revisions"}],"wp:featuredmedia":[{"embeddable":true,"href":"https:\/\/www.europesays.com\/fi\/wp-json\/wp\/v2\/media\/142625"}],"wp:attachment":[{"href":"https:\/\/www.europesays.com\/fi\/wp-json\/wp\/v2\/media?parent=143631"}],"wp:term":[{"taxonomy":"category","embeddable":true,"href":"https:\/\/www.europesays.com\/fi\/wp-json\/wp\/v2\/categories?post=143631"},{"taxonomy":"post_tag","embeddable":true,"href":"https:\/\/www.europesays.com\/fi\/wp-json\/wp\/v2\/tags?post=143631"}],"curies":[{"name":"wp","href":"https:\/\/api.w.org\/{rel}","templated":true}]}}