{"id":143632,"date":"2026-01-16T03:44:07","date_gmt":"2026-01-16T03:44:07","guid":{"rendered":"https:\/\/www.europesays.com\/fi\/143632\/"},"modified":"2026-01-16T03:44:07","modified_gmt":"2026-01-16T03:44:07","slug":"asuntojen-vuokrat-kaantyivat-viimein-laskuun-myos-turussa","status":"publish","type":"post","link":"https:\/\/www.europesays.com\/fi\/143632\/","title":{"rendered":"Asuntojen vuokrat k\u00e4\u00e4ntyiv\u00e4t viimein laskuun my\u00f6s Turussa"},"content":{"rendered":"<p class=\"faktanvinjetti\">Viisi nostoa artikkelista<\/p>\n<p class=\"fakta\">Vapaarahoitteisten vuokra-asuntojen markkinat ovat nyt ylitarjonnan puolella, ja vuokrat ovat laskeneet koko maassa.<\/p>\n<p class=\"fakta\">Turussa vuokrattavia asuntoja on ollut pitk\u00e4\u00e4n tyhjill\u00e4\u00e4n, mutta vuokrat alkoivat pudota vasta vuoden viimeisell\u00e4 nelj\u00e4nneksell\u00e4.<\/p>\n<p class=\"fakta\">Institutionaaliset vuokranantajat tarjoavat mieluummin lahjakortteja ja muita etuja kuin suoria vuokranalennuksia.<\/p>\n<p class=\"fakta\">Uusien rakennuskohteiden aloittaminen on vaikeutunut, sill\u00e4 kustannusten nousu tekee taloudellisesta yht\u00e4l\u00f6st\u00e4 haastavan.<\/p>\n<p class=\"fakta\">ARA-vuokrat jatkavat nousua, sill\u00e4 niiss\u00e4 kustannukset m\u00e4\u00e4rittelev\u00e4t vuokrahinnan eik\u00e4 markkinatilanne.<\/p>\n<p class=\"faktanviite\">Tiivistelm\u00e4n teossa on hy\u00f6dynnetty teko\u00e4ly\u00e4, mutta sen on tarkastanut ihminen.<\/p>\n","protected":false},"excerpt":{"rendered":"Viisi nostoa artikkelista Vapaarahoitteisten vuokra-asuntojen markkinat ovat nyt ylitarjonnan puolella, ja vuokrat ovat laskeneet koko maassa. Turussa vuokrattavia&hellip;\n","protected":false},"author":2,"featured_media":143633,"comment_status":"","ping_status":"","sticky":false,"template":"","format":"standard","meta":{"footnotes":""},"categories":[76],"tags":[79,77,33,31,30,32,78],"class_list":{"0":"post-143632","1":"post","2":"type-post","3":"status-publish","4":"format-standard","5":"has-post-thumbnail","7":"category-talous","8":"tag-business","9":"tag-economy","10":"tag-fi","11":"tag-finland","12":"tag-finnish","13":"tag-suomi","14":"tag-talous"},"share_on_mastodon":{"url":"https:\/\/pubeurope.com\/@fi\/115902720513330306","error":""},"_links":{"self":[{"href":"https:\/\/www.europesays.com\/fi\/wp-json\/wp\/v2\/posts\/143632","targetHints":{"allow":["GET"]}}],"collection":[{"href":"https:\/\/www.europesays.com\/fi\/wp-json\/wp\/v2\/posts"}],"about":[{"href":"https:\/\/www.europesays.com\/fi\/wp-json\/wp\/v2\/types\/post"}],"author":[{"embeddable":true,"href":"https:\/\/www.europesays.com\/fi\/wp-json\/wp\/v2\/users\/2"}],"replies":[{"embeddable":true,"href":"https:\/\/www.europesays.com\/fi\/wp-json\/wp\/v2\/comments?post=143632"}],"version-history":[{"count":0,"href":"https:\/\/www.europesays.com\/fi\/wp-json\/wp\/v2\/posts\/143632\/revisions"}],"wp:featuredmedia":[{"embeddable":true,"href":"https:\/\/www.europesays.com\/fi\/wp-json\/wp\/v2\/media\/143633"}],"wp:attachment":[{"href":"https:\/\/www.europesays.com\/fi\/wp-json\/wp\/v2\/media?parent=143632"}],"wp:term":[{"taxonomy":"category","embeddable":true,"href":"https:\/\/www.europesays.com\/fi\/wp-json\/wp\/v2\/categories?post=143632"},{"taxonomy":"post_tag","embeddable":true,"href":"https:\/\/www.europesays.com\/fi\/wp-json\/wp\/v2\/tags?post=143632"}],"curies":[{"name":"wp","href":"https:\/\/api.w.org\/{rel}","templated":true}]}}