{"id":143634,"date":"2026-01-16T03:45:07","date_gmt":"2026-01-16T03:45:07","guid":{"rendered":"https:\/\/www.europesays.com\/fi\/143634\/"},"modified":"2026-01-16T03:45:07","modified_gmt":"2026-01-16T03:45:07","slug":"yhdysvaltain-mukaan-iran-oli-aikeissa-teloittaa-800-ihmista","status":"publish","type":"post","link":"https:\/\/www.europesays.com\/fi\/143634\/","title":{"rendered":"Yhdysvaltain mukaan Iran oli aikeissa teloittaa 800 ihmist\u00e4"},"content":{"rendered":"<p><strong class=\"typography-bold\">Tiistaina Iran ilmoitti aloittavansa mielenosoittajien teloittamiset.<\/strong><\/p>\n<p>Valkoisen talon mukaan Iran aikoi teloittaa keskiviikkona 800 ihmist\u00e4 ennen teloitussuunnitelmien hylk\u00e4\u00e4mist\u00e4.<\/p>\n<p>Valkoisen talon lehdist\u00f6sihteeri <strong class=\"typography-bold\">Karoline Leavitt <\/strong>kertoi asiasta lehdist\u00f6tilaisuudessa torstaina.<\/p>\n<p>Leavittin mukaan Yhdysvaltain presidentti <strong class=\"typography-bold\">Donald Trump<\/strong> teki Iranille selv\u00e4ksi, ett\u00e4 jos tappaminen jatkuu, seuraukset ovat vakavia.<\/p>\n<p>Iran sanoi tiistaina aloittavansa pian mielenosoittajien teloitukset. Torstain vastaisena y\u00f6n\u00e4 julkaistussa Fox Newsin haastattelussa Iranin ulkoministeri kuitenkin totesi, ett\u00e4 teloituksia ei olisi en\u00e4\u00e4 suunnitteilla.<\/p>\n<p>Trump seuraa tilannetta\u00a0<\/p>\n<p>Yhdysvaltalaislehti Wall Street Journalin viranomaisl\u00e4hteiden mukaan Trump seuraa toistaiseksi Iranin tilannetta ennen kuin p\u00e4\u00e4tt\u00e4\u00e4 mahdollisesta iskusta.<\/p>\n<p>L\u00e4hteiden mukaan Trumpille on kerrottu, ett\u00e4 laajamittaiset iskut Iraniin tuskin kaataisivat maan hallintoa, vaan voisivat sen sijaan laukaista laajemman konfliktin.<\/p>\n<p>Valkoisen talon mukaan Trump pit\u00e4\u00e4 &#8221;kaikki vaihtoehdot p\u00f6yd\u00e4ll\u00e4&#8221; Iranin suhteen.<\/p>\n<p>Yhdysvaltojen liittolaiset taivuttelivat<\/p>\n<p>Yhdysvaltojen liittolaiset Persianlahdella taivuttelivat Yhdysvaltain presidentti Donald Trumpin olemaan hy\u00f6kk\u00e4\u00e4m\u00e4tt\u00e4 Iraniin, kertoo uutistoimisto AFP:n l\u00e4hde.<\/p>\n<p>Saudil\u00e4hteen mukaan Saudi Arabia, Qatar ja Oman johtivat kiivaiksi ja pitkiksi kuvailtuja keskusteluja.<\/p>\n<p>Trump saatiin l\u00e4hteen mukaan vakuutettua siit\u00e4, ett\u00e4 Iranille kannattaa antaa viel\u00e4 mahdollisuus. My\u00f6s toinen l\u00e4hde on vahvistanut keskustelut.<\/p>\n<p><strong class=\"typography-bold\">Lue my\u00f6s: <\/strong><a class=\"cursor-pointer underline\" data-testid=\"internal-link\" role=\"link\" data-sentry-element=\"Link\" data-sentry-component=\"InternalLink\" data-sentry-source-file=\"InternalLink.tsx\" href=\"https:\/\/www.mtvuutiset.fi\/artikkeli\/yhdysvalloilta-uusia-pakotteita-iranin-viranomaisille-protestien-tukahduttamisesta\/9283002\" rel=\"nofollow noopener\" target=\"_blank\"><strong class=\"typography-bold\">USA rankaisee Irania protestien tukahduttamisesta \u2013 netti ollut poikki jo viikon<\/strong><\/a><\/p>\n","protected":false},"excerpt":{"rendered":"Tiistaina Iran ilmoitti aloittavansa mielenosoittajien teloittamiset. Valkoisen talon mukaan Iran aikoi teloittaa keskiviikkona 800 ihmist\u00e4 ennen teloitussuunnitelmien hylk\u00e4\u00e4mist\u00e4.&hellip;\n","protected":false},"author":2,"featured_media":143635,"comment_status":"","ping_status":"","sticky":false,"template":"","format":"standard","meta":{"footnotes":""},"categories":[14],"tags":[22,23,26,27,33,31,30,17,24,25,28,29,15,18,21,32,19,20,56,16,59,60,61],"class_list":{"0":"post-143634","1":"post","2":"type-post","3":"status-publish","4":"format-standard","5":"has-post-thumbnail","7":"category-ulkomaat","8":"tag-breaking-news","9":"tag-breakingnews","10":"tag-featured-news","11":"tag-featurednews","12":"tag-fi","13":"tag-finland","14":"tag-finnish","15":"tag-headlines","16":"tag-latest-news","17":"tag-latestnews","18":"tag-main-news","19":"tag-mainnews","20":"tag-news","21":"tag-otsikot","22":"tag-paauutiset","23":"tag-suomi","24":"tag-top-stories","25":"tag-topstories","26":"tag-ulkomaat","27":"tag-uutiset","28":"tag-world","29":"tag-world-news","30":"tag-worldnews"},"share_on_mastodon":{"url":"https:\/\/pubeurope.com\/@fi\/115902724443930808","error":""},"_links":{"self":[{"href":"https:\/\/www.europesays.com\/fi\/wp-json\/wp\/v2\/posts\/143634","targetHints":{"allow":["GET"]}}],"collection":[{"href":"https:\/\/www.europesays.com\/fi\/wp-json\/wp\/v2\/posts"}],"about":[{"href":"https:\/\/www.europesays.com\/fi\/wp-json\/wp\/v2\/types\/post"}],"author":[{"embeddable":true,"href":"https:\/\/www.europesays.com\/fi\/wp-json\/wp\/v2\/users\/2"}],"replies":[{"embeddable":true,"href":"https:\/\/www.europesays.com\/fi\/wp-json\/wp\/v2\/comments?post=143634"}],"version-history":[{"count":0,"href":"https:\/\/www.europesays.com\/fi\/wp-json\/wp\/v2\/posts\/143634\/revisions"}],"wp:featuredmedia":[{"embeddable":true,"href":"https:\/\/www.europesays.com\/fi\/wp-json\/wp\/v2\/media\/143635"}],"wp:attachment":[{"href":"https:\/\/www.europesays.com\/fi\/wp-json\/wp\/v2\/media?parent=143634"}],"wp:term":[{"taxonomy":"category","embeddable":true,"href":"https:\/\/www.europesays.com\/fi\/wp-json\/wp\/v2\/categories?post=143634"},{"taxonomy":"post_tag","embeddable":true,"href":"https:\/\/www.europesays.com\/fi\/wp-json\/wp\/v2\/tags?post=143634"}],"curies":[{"name":"wp","href":"https:\/\/api.w.org\/{rel}","templated":true}]}}