{"id":143636,"date":"2026-01-16T03:46:10","date_gmt":"2026-01-16T03:46:10","guid":{"rendered":"https:\/\/www.europesays.com\/fi\/143636\/"},"modified":"2026-01-16T03:46:10","modified_gmt":"2026-01-16T03:46:10","slug":"olli-rehnin-mahdollisuudet-ekp-nimitykseen-heikkenivat-parlamentin-haastattelussa","status":"publish","type":"post","link":"https:\/\/www.europesays.com\/fi\/143636\/","title":{"rendered":"Olli Rehnin mahdollisuudet EKP-nimitykseen heikkeniv\u00e4t parlamentin haastattelussa"},"content":{"rendered":"<p>Nimitykset|EU-parlamentin suurin ryhm\u00e4 EPP ei antanut tukeaan Rehnille.<\/p>\n<p>15.1. 17:09<\/p>\n<p>Lue tiivistelm\u00e4<\/p>\n<p class=\"article-body mb-nof-24 px-nof-16 sndp-summary-bullet-point-font\">Suomen Pankin p\u00e4\u00e4johtaja Olli Rehnin mahdollisuudet Euroopan keskuspankin varap\u00e4\u00e4johtajaksi ovat heikentyneet EU-parlamentin talousvaliokuntakuulemisen j\u00e4lkeen.<\/p>\n<p class=\"article-body mb-nof-24 px-nof-16 sndp-summary-bullet-point-font\">Valiokunta suosittelee teht\u00e4v\u00e4\u00e4n Latvian keskuspankin p\u00e4\u00e4johtajaa M\u0101rti\u0146\u0161 Kaz\u0101ksia tai Portugalin keskuspankin entist\u00e4 p\u00e4\u00e4johtajaa M\u00e1rio Centenoa.<\/p>\n<p class=\"article-body mb-nof-24 px-nof-16 sndp-summary-bullet-point-font\">Parlamentin suurin ryhm\u00e4 EPP eli Euroopan kansanpuolue ei antanut tukeaan Rehnille vaan kannatti Kaz\u0101ksia.<\/p>\n<p class=\"article-body mb-nof-24 px-nof-16 sndp-summary-bullet-point-font\">Lopullisen p\u00e4\u00e4t\u00f6ksen tekev\u00e4t euroryhm\u00e4n valtiovarainministerit ensi maanantaina.<\/p>\n<p class=\"article-body mb-nof-24 px-nof-16\">Euroopan keskuspankin EKP:n varap\u00e4\u00e4johtajaehdokkaat haastatellut EU-parlamentin talousvaliokunta ei innostunut Suomen hallituksen ehdokkaasta, nykyisest\u00e4 Suomen Pankin p\u00e4\u00e4johtajasta <a class=\"font-bold underline-offset-[0.12em] [text-decoration:var(--person-link-text-decoration)] ![text-decoration-color:var(--person-link-text-decoration-color)]\" href=\"https:\/\/www.hs.fi\/haku\/?query=Olli%20Rehnist%C3%A4\" rel=\"nofollow noopener\" target=\"_blank\">Olli Rehnist\u00e4<\/a>.<\/p>\n<p class=\"article-body mb-nof-24 px-nof-16\">Valiokunta suosittelee keskiviikon et\u00e4haastattelujen perusteella teht\u00e4v\u00e4\u00e4n joko Latvian keskuspankin nykyist\u00e4 p\u00e4\u00e4johtajaa <a class=\"font-bold underline-offset-[0.12em] [text-decoration:var(--person-link-text-decoration)] ![text-decoration-color:var(--person-link-text-decoration-color)]\" href=\"https:\/\/www.hs.fi\/haku\/?query=M%C4%81rti%C5%86%C5%A1%20Kaz%C4%81ksia\" rel=\"nofollow noopener\" target=\"_blank\">M\u0101rti\u0146\u0161 Kaz\u0101ksia<\/a> tai Portugalin keskuspankin entist\u00e4 p\u00e4\u00e4johtajaa <a class=\"font-bold underline-offset-[0.12em] [text-decoration:var(--person-link-text-decoration)] ![text-decoration-color:var(--person-link-text-decoration-color)]\" href=\"https:\/\/www.hs.fi\/haku\/?query=M%C3%A1rio%20Centenoa\" rel=\"nofollow noopener\" target=\"_blank\">M\u00e1rio Centenoa<\/a>.<\/p>\n<p class=\"article-body mb-nof-24 px-nof-16\">Parlamentin kanta on suositus tulevana maanantaina koolla oleville euroryhm\u00e4n valtiovarainministereille, jotka tekev\u00e4t varap\u00e4\u00e4johtajasta esityksen Eurooppa-neuvostolle eli EU-maiden johtajien huippukokoukselle.<\/p>\n<p class=\"article-body mb-nof-24 px-nof-16\">Rehnin peli ei siis ole viel\u00e4 t\u00e4ysin pelattu, koska parlamentin kanta ei sido ministerineuvostoa.<\/p>\n<p class=\"article-body mb-nof-24 px-nof-16\">Rehnin mahdollisuuksia heikent\u00e4\u00e4 silti se, ett\u00e4 HS:lle kerrotun mukaan h\u00e4n ei saanut kannatusta parlamentin suurimmalta ryhm\u00e4lt\u00e4 EPP:lt\u00e4 eli Euroopan kansanpuolueelta ja muilta oikeistopuolueilta.<\/p>\n<p class=\"article-body mb-nof-24 px-nof-16\">Sen sijaan EPP-l\u00e4iset tukivat Latvian ehdokasta Kaz\u0101ksia, joka <a class=\"underline underline-offset-[0.12em] [text-decoration-thickness:var(--generic-link-underline-thickness)] [text-decoration-color:var(--generic-link-underline-color)] [text-decoration-skip-ink:var(--generic-link-underline-skip-ink)] break-words\" href=\"https:\/\/www.politico.eu\/article\/latvia-martins-kazaks-governor-european-central-bank-ecb-executive-board\/\" rel=\"nofollow noopener\" target=\"_blank\">itse kertoi <\/a>Politico-uutismedian haastattelussa vaatimattomasti olevansa paras henkil\u00f6 teht\u00e4v\u00e4\u00e4n.<\/p>\n<p class=\"article-body mb-nof-24 px-nof-16\">Kaz\u0101ksia luonnehditaan teknokraatiksi ja uusliberalistisen talouspolitiikan kannattajaksi.<\/p>\n<p class=\"article-body mb-nof-24 px-nof-16\">Rehnin arvioidaan olleen parlamentin haastattelun j\u00e4lkeen \u201djaetulla kolmannella sijalla\u201d yhdess\u00e4 Kroatian ehdokkaan <a class=\"font-bold underline-offset-[0.12em] [text-decoration:var(--person-link-text-decoration)] ![text-decoration-color:var(--person-link-text-decoration-color)]\" href=\"https:\/\/www.hs.fi\/haku\/?query=Boris%20Vuj%C4%8Di%C4%87in\" rel=\"nofollow noopener\" target=\"_blank\">Boris Vuj\u010di\u0107in<\/a> kanssa.<\/p>\n<p class=\"article-body mb-nof-24 px-nof-16\">EKP:n johtokunnassa on kuusi j\u00e4sent\u00e4: p\u00e4\u00e4johtajan ja varap\u00e4\u00e4johtajan lis\u00e4ksi johtokuntaan kuuluu nelj\u00e4 muuta j\u00e4sent\u00e4.<\/p>\n<p class=\"article-body mb-nof-24 px-nof-16\">HS:lle arvioidaan, ett\u00e4 EKP:n varap\u00e4\u00e4johtajan nimitys kytkeytyy pohjimmiltaan isompaan kuvioon eli siihen, ett\u00e4 l\u00e4hiaikoina my\u00f6s p\u00e4\u00e4johtajan paikka on aukeamassa.<\/p>\n<p class=\"article-body mb-nof-24 px-nof-16\">Nykyinen p\u00e4\u00e4johtaja <a class=\"font-bold underline-offset-[0.12em] [text-decoration:var(--person-link-text-decoration)] ![text-decoration-color:var(--person-link-text-decoration-color)]\" href=\"https:\/\/www.hs.fi\/haku\/?query=Christine%20Lagarde\" rel=\"nofollow noopener\" target=\"_blank\">Christine Lagarde<\/a> v\u00e4istyy p\u00e4\u00e4johtajan paikalta vuonna 2027, ja jo nyt on spekuloitu, ett\u00e4 seuraaja tulisi joko Espanjasta tai Saksasta. Yhten\u00e4 nimen\u00e4 esill\u00e4 on ollut muun muassa Saksan keskuspankin nykyinen johtaja <a class=\"font-bold underline-offset-[0.12em] [text-decoration:var(--person-link-text-decoration)] ![text-decoration-color:var(--person-link-text-decoration-color)]\" href=\"https:\/\/www.hs.fi\/haku\/?query=Joachim%20Nagel\" rel=\"nofollow noopener\" target=\"_blank\">Joachim Nagel<\/a>.<\/p>\n<p class=\"article-body mb-nof-24 px-nof-16\">Suuret euromaat voivat puntaroida, ett\u00e4 varap\u00e4\u00e4johtajaa ei voi valita Portugalista, jos p\u00e4\u00e4johtajan paikkaa t\u00e4hd\u00e4t\u00e4\u00e4n espanjalaiselle ehdokkaalle \u2013 ja vastaavasti esimerkiksi saksalaiselle p\u00e4\u00e4johtajalle olisi hyv\u00e4 olla vastapainoksi joku muu kuin pohjoiseurooppalainen varap\u00e4\u00e4johtaja.<\/p>\n","protected":false},"excerpt":{"rendered":"Nimitykset|EU-parlamentin suurin ryhm\u00e4 EPP ei antanut tukeaan Rehnille. 15.1. 17:09 Lue tiivistelm\u00e4 Suomen Pankin p\u00e4\u00e4johtaja Olli Rehnin mahdollisuudet&hellip;\n","protected":false},"author":2,"featured_media":143637,"comment_status":"","ping_status":"","sticky":false,"template":"","format":"standard","meta":{"footnotes":""},"categories":[12],"tags":[22,23,26,27,33,31,30,17,46,24,25,28,29,15,18,21,32,19,20,16],"class_list":{"0":"post-143636","1":"post","2":"type-post","3":"status-publish","4":"format-standard","5":"has-post-thumbnail","7":"category-suomi","8":"tag-breaking-news","9":"tag-breakingnews","10":"tag-featured-news","11":"tag-featurednews","12":"tag-fi","13":"tag-finland","14":"tag-finnish","15":"tag-headlines","16":"tag-helsingin-sanomat","17":"tag-latest-news","18":"tag-latestnews","19":"tag-main-news","20":"tag-mainnews","21":"tag-news","22":"tag-otsikot","23":"tag-paauutiset","24":"tag-suomi","25":"tag-top-stories","26":"tag-topstories","27":"tag-uutiset"},"share_on_mastodon":{"url":"https:\/\/pubeurope.com\/@fi\/115902728417491137","error":""},"_links":{"self":[{"href":"https:\/\/www.europesays.com\/fi\/wp-json\/wp\/v2\/posts\/143636","targetHints":{"allow":["GET"]}}],"collection":[{"href":"https:\/\/www.europesays.com\/fi\/wp-json\/wp\/v2\/posts"}],"about":[{"href":"https:\/\/www.europesays.com\/fi\/wp-json\/wp\/v2\/types\/post"}],"author":[{"embeddable":true,"href":"https:\/\/www.europesays.com\/fi\/wp-json\/wp\/v2\/users\/2"}],"replies":[{"embeddable":true,"href":"https:\/\/www.europesays.com\/fi\/wp-json\/wp\/v2\/comments?post=143636"}],"version-history":[{"count":0,"href":"https:\/\/www.europesays.com\/fi\/wp-json\/wp\/v2\/posts\/143636\/revisions"}],"wp:featuredmedia":[{"embeddable":true,"href":"https:\/\/www.europesays.com\/fi\/wp-json\/wp\/v2\/media\/143637"}],"wp:attachment":[{"href":"https:\/\/www.europesays.com\/fi\/wp-json\/wp\/v2\/media?parent=143636"}],"wp:term":[{"taxonomy":"category","embeddable":true,"href":"https:\/\/www.europesays.com\/fi\/wp-json\/wp\/v2\/categories?post=143636"},{"taxonomy":"post_tag","embeddable":true,"href":"https:\/\/www.europesays.com\/fi\/wp-json\/wp\/v2\/tags?post=143636"}],"curies":[{"name":"wp","href":"https:\/\/api.w.org\/{rel}","templated":true}]}}