{"id":143660,"date":"2026-01-16T04:37:08","date_gmt":"2026-01-16T04:37:08","guid":{"rendered":"https:\/\/www.europesays.com\/fi\/143660\/"},"modified":"2026-01-16T04:37:08","modified_gmt":"2026-01-16T04:37:08","slug":"machado-luovutti-nobel-palkintonsa-trumpille-mtv-uutiset","status":"publish","type":"post","link":"https:\/\/www.europesays.com\/fi\/143660\/","title":{"rendered":"Machado luovutti Nobel-palkintonsa Trumpille, | MTV Uutiset"},"content":{"rendered":"<p><strong class=\"typography-bold\">Machado arvioi torstaina suljettujen ovien takana pidetty\u00e4 tapaamista my\u00f6nteisesti.<\/strong><\/p>\n<p>Venezuelan oppositiojohtaja <strong class=\"typography-bold\">Maria Corina Machado<\/strong> kertoo, ett\u00e4 h\u00e4n on luovuttanut viime vuonna saamansa Nobelin rauhanpalkinnon Yhdysvaltain presidentti <strong class=\"typography-bold\">Donald Trumpille<\/strong>.<\/p>\n<p>Machado, 58, kertoi asiasta toimittajille sen j\u00e4lkeen, kun h\u00e4n oli tavannut Trumpin Valkoisessa talossa Suomen aikaa my\u00f6h\u00e4\u00e4n torstaina. Kyseess\u00e4 oli kaksikon ensimm\u00e4inen tapaaminen.<\/p>\n<p>Tapaamisen j\u00e4lkeen Trump <a class=\"underline\" data-testid=\"external-link\" href=\"https:\/\/truthsocial.com\/@realDonaldTrump\/posts\/115902023696178994\" rel=\"noopener noreferrer nofollow\" data-sentry-component=\"ExternalLink\" data-sentry-source-file=\"ExternalLink.tsx\" target=\"_blank\">hehkutti<\/a> omistamassaan Truth Social -viestipalvelussa Machadon p\u00e4\u00e4t\u00f6st\u00e4 luovuttaa Nobel-palkinto.<\/p>\n<p>\u2013\u2009Maria antoi minulle Nobelin rauhanpalkintonsa tekem\u00e4st\u00e4ni ty\u00f6st\u00e4. Mik\u00e4 hieno osoitus keskin\u00e4isest\u00e4 kunnioituksesta, Trump kirjoitti.<\/p>\n<p>Lis\u00e4ksi Trump luonnehti Machadoa upeaksi ja sanoo, ett\u00e4 t\u00e4m\u00e4n tapaaminen oli suuri kunnia.<\/p>\n<p>Trump antoi viime viikolla ymm\u00e4rt\u00e4\u00e4, ett\u00e4 Machado saattaisi antaa Nobel-palkintonsa h\u00e4nelle tapaamisen yhteydess\u00e4. Trump on sanonut ansaitsevansa Nobelin rauhanpalkinnon.<\/p>\n<p>Machado sanoi pyrkineens\u00e4 eleell\u00e4\u00e4n tunnustamaan Trumpin &#8221;ainutlaatuisen sitoutumisen&#8221; Venezuelan vapaustaisteluun.<\/p>\n<p>Tuoreeltaan ei ollut selv\u00e4\u00e4, pitik\u00f6 Trump palkinnon itsell\u00e4\u00e4n tapaamisen j\u00e4lkeen. Norjan Nobel-komitea on sanonut, ettei palkintoja ole mahdollista siirt\u00e4\u00e4 toiselle.<\/p>\n<p>Machado arvioi torstain suljettujen ovien takana pidetty\u00e4 tapaamista my\u00f6nteisesti.<\/p>\n<p>\u2013\u2009Me luotamme presidentti Trumpin tuovan Venezuelaan vapauden, h\u00e4n sanoi.<\/p>\n<p>\u2013\u2009Presidentti Trump tuntee Venezuelan tilanteen ja v\u00e4litt\u00e4\u00e4 venezuelalaisten k\u00e4rsimyksist\u00e4, Machado jatkoi.<\/p>\n<p><strong class=\"typography-bold\">Venezuelan \u00f6ljylains\u00e4\u00e4d\u00e4nt\u00f6\u00f6n uudistuksia<\/strong><\/p>\n<p>Venezuelan v\u00e4liaikainen presidentti <strong class=\"typography-bold\">Delcy Rodriguez<\/strong>, 56, vuorostaan sanoi aikovansa uudistaa maan \u00f6ljysektoria koskevaa lains\u00e4\u00e4d\u00e4nt\u00f6\u00e4.<\/p>\n<p>Rodriguez kertoi maan parlamentille torstaina, ett\u00e4 muun muassa fossiilisia polttoaineita koskevaa lakia tullaan uudistamaan. Laki rajoittaa ulkomaisten tahojen osallistumista kansallistettujen luonnonvarojen hy\u00f6dynt\u00e4miseen.<\/p>\n<p>Muutokset koskisivat my\u00f6s niin sanottuja saarron vastaisia s\u00e4\u00e4nn\u00f6ksi\u00e4, jotka antavat hallitukselle v\u00e4lineit\u00e4 torjua vuodesta 2019 voimassa olleita Yhdysvaltojen Venezuelaa vastaan kohdistamia pakotteita.<\/p>\n<p>Trump on v\u00e4itt\u00e4nyt Venezuelan olevan Yhdysvaltojen hallinnassa sen j\u00e4lkeen, kun Yhdysvallat sieppasi maata itsevaltaisesti johtaneen presidentin Nicolas Maduron. Yhdysvallat on sanonut suunnittelevansa Venezuelan \u00f6ljyntuotannon haltuunottoa.<\/p>\n<p><strong class=\"typography-bold\">Rodriguez: Emme pelk\u00e4\u00e4 vuoropuhelua<\/strong><\/p>\n<p>Rodriguez sanoi my\u00f6s, ettei Venezuela pelk\u00e4\u00e4 k\u00e4yd\u00e4 vuoropuhelua Yhdysvaltojen kanssa.<\/p>\n<p>\u2013\u2009Tied\u00e4mme heid\u00e4n olevan hyvin voimakkaita, tied\u00e4mme heid\u00e4n olevan ydinmahti, h\u00e4n sanoi.<\/p>\n<p>\u2013\u2009Me emme pelk\u00e4\u00e4 heid\u00e4n kohtaamistaan diplomatian ja poliittisen vuoropuhelun keinoin, h\u00e4n jatkoi.<\/p>\n<p>Rodriguez kertoi parlamentille pyyt\u00e4neens\u00e4 Yhdysvaltoja kunnioittamaan Maduroa, jota Yhdysvallat syytt\u00e4\u00e4 muun muassa huume- ja aserikoksista. Maduro on kiist\u00e4nyt syyllisyytens\u00e4.<\/p>\n<p><strong class=\"typography-bold\">Machado j\u00e4tetty sivuun<\/strong><\/p>\n<p>Rodriguez oli varapresidentti Maduron hallinnossa ja siepatun presidentin \u00e4\u00e4nek\u00e4s tukija. Trump on kuitenkin sopinut tekev\u00e4ns\u00e4 yhteisty\u00f6t\u00e4 Rodriguezin kanssa, kunhan Venezuelan hallitus noudattaa Yhdysvaltojen linjaa, erityisesti maan valtavien \u00f6ljyvarantojen hy\u00f6dynt\u00e4misen osalta.<\/p>\n<p>Rodriguez on vaikeassa v\u00e4liss\u00e4, kun h\u00e4n yritt\u00e4\u00e4 t\u00e4ytt\u00e4\u00e4 Trumpin vaatimuksia ottamatta kuitenkaan liikaa et\u00e4isyytt\u00e4 Maduron uskollisiin tukijoihin, joiden hallussa ovat Venezuelan turvallisuusjoukot ja puolisotilaalliset joukot.<\/p>\n<p>Trump on toistaiseksi j\u00e4tt\u00e4nyt oppositiojohtaja Machadon sivuun Maduron j\u00e4lkeisest\u00e4 siirtym\u00e4vaiheesta Venezuelassa. Trump on perustellut t\u00e4t\u00e4 v\u00e4itt\u00e4m\u00e4ll\u00e4, ettei Machadolla ole riitt\u00e4v\u00e4\u00e4 arvovaltaa maassaan.<\/p>\n<p><strong class=\"typography-bold\">Lue my\u00f6s: <\/strong><a class=\"cursor-pointer underline\" data-testid=\"internal-link\" role=\"link\" data-sentry-element=\"Link\" data-sentry-component=\"InternalLink\" data-sentry-source-file=\"InternalLink.tsx\" href=\"https:\/\/www.mtvuutiset.fi\/artikkeli\/venezuelalainen-oppositiojohtaja-machado-aikoo-palata-kotiin-mahdollisimman-pian\/9278302\" rel=\"nofollow noopener\" target=\"_blank\"><strong class=\"typography-bold\">Venezuelalainen oppositiojohtaja Machado aikoo palata kotiin mahdollisimman pian<\/strong><\/a><\/p>\n","protected":false},"excerpt":{"rendered":"Machado arvioi torstaina suljettujen ovien takana pidetty\u00e4 tapaamista my\u00f6nteisesti. Venezuelan oppositiojohtaja Maria Corina Machado kertoo, ett\u00e4 h\u00e4n on&hellip;\n","protected":false},"author":2,"featured_media":143661,"comment_status":"","ping_status":"","sticky":false,"template":"","format":"standard","meta":{"footnotes":""},"categories":[14],"tags":[22,23,26,27,33,31,30,17,24,25,28,29,15,18,21,32,19,20,56,16,59,60,61],"class_list":{"0":"post-143660","1":"post","2":"type-post","3":"status-publish","4":"format-standard","5":"has-post-thumbnail","7":"category-ulkomaat","8":"tag-breaking-news","9":"tag-breakingnews","10":"tag-featured-news","11":"tag-featurednews","12":"tag-fi","13":"tag-finland","14":"tag-finnish","15":"tag-headlines","16":"tag-latest-news","17":"tag-latestnews","18":"tag-main-news","19":"tag-mainnews","20":"tag-news","21":"tag-otsikot","22":"tag-paauutiset","23":"tag-suomi","24":"tag-top-stories","25":"tag-topstories","26":"tag-ulkomaat","27":"tag-uutiset","28":"tag-world","29":"tag-world-news","30":"tag-worldnews"},"share_on_mastodon":{"url":"https:\/\/pubeurope.com\/@fi\/115902928922848413","error":""},"_links":{"self":[{"href":"https:\/\/www.europesays.com\/fi\/wp-json\/wp\/v2\/posts\/143660","targetHints":{"allow":["GET"]}}],"collection":[{"href":"https:\/\/www.europesays.com\/fi\/wp-json\/wp\/v2\/posts"}],"about":[{"href":"https:\/\/www.europesays.com\/fi\/wp-json\/wp\/v2\/types\/post"}],"author":[{"embeddable":true,"href":"https:\/\/www.europesays.com\/fi\/wp-json\/wp\/v2\/users\/2"}],"replies":[{"embeddable":true,"href":"https:\/\/www.europesays.com\/fi\/wp-json\/wp\/v2\/comments?post=143660"}],"version-history":[{"count":0,"href":"https:\/\/www.europesays.com\/fi\/wp-json\/wp\/v2\/posts\/143660\/revisions"}],"wp:featuredmedia":[{"embeddable":true,"href":"https:\/\/www.europesays.com\/fi\/wp-json\/wp\/v2\/media\/143661"}],"wp:attachment":[{"href":"https:\/\/www.europesays.com\/fi\/wp-json\/wp\/v2\/media?parent=143660"}],"wp:term":[{"taxonomy":"category","embeddable":true,"href":"https:\/\/www.europesays.com\/fi\/wp-json\/wp\/v2\/categories?post=143660"},{"taxonomy":"post_tag","embeddable":true,"href":"https:\/\/www.europesays.com\/fi\/wp-json\/wp\/v2\/tags?post=143660"}],"curies":[{"name":"wp","href":"https:\/\/api.w.org\/{rel}","templated":true}]}}