{"id":143662,"date":"2026-01-16T04:38:10","date_gmt":"2026-01-16T04:38:10","guid":{"rendered":"https:\/\/www.europesays.com\/fi\/143662\/"},"modified":"2026-01-16T04:38:10","modified_gmt":"2026-01-16T04:38:10","slug":"lumilinna-romahti-ruotsissa-11-vuotias-poika-kuoli","status":"publish","type":"post","link":"https:\/\/www.europesays.com\/fi\/143662\/","title":{"rendered":"Lumilinna romahti Ruotsissa, 11-vuotias poika kuoli"},"content":{"rendered":"<p>Tragedia sattui Ruotsissa.<\/p>\n<p>15.1. 18:47<\/p>\n<p class=\"article-body mb-nof-24 px-nof-16\">Lumionnettomuudessa vakavasti loukkaantunut ruotsalaispoika on kuollut. 11-vuotias poika oli ollut maanantaina leikkim\u00e4ss\u00e4 koulun pihalla Nordanstigin kunnassa, kun lumiluola romahti h\u00e4nen p\u00e4\u00e4lleen.<\/p>\n<p class=\"article-body mb-nof-24 px-nof-16\">Tragediasta kirjoitti muun muassa <a class=\"underline underline-offset-[0.12em] [text-decoration-thickness:var(--generic-link-underline-thickness)] [text-decoration-color:var(--generic-link-underline-color)] [text-decoration-skip-ink:var(--generic-link-underline-skip-ink)] break-words\" href=\"https:\/\/www.aftonbladet.se\/nyheter\/a\/6qzKB3\/pojken-som-skadades-i-snoolyckan-har-avlidit\" rel=\"nofollow noopener\" target=\"_blank\">Aftonbladet<\/a>.<\/p>\n<p class=\"article-body mb-nof-24 px-nof-16\">Lue lis\u00e4\u00e4: <a class=\"underline underline-offset-[0.12em] [text-decoration-thickness:var(--generic-link-underline-thickness)] [text-decoration-color:var(--generic-link-underline-color)] [text-decoration-skip-ink:var(--generic-link-underline-skip-ink)] break-words\" href=\"https:\/\/www.is.fi\/kotimaa\/art-2000011751320.html\" rel=\"nofollow noopener\" target=\"_blank\">Espoo varoittaa vanhempia lumikasojen vaaroista<\/a><\/p>\n<p class=\"article-body mb-nof-24 px-nof-16\">Poika vietiin ambulanssihelikopterilla Uppsalan yliopistolliseen sairaalaan tehohoitoon. Torstaina iltap\u00e4iv\u00e4ll\u00e4 sairaala ilmoitti pojan kuolleen.<\/p>\n<p class=\"article-body mb-nof-24 px-nof-16\">Pojan koulu on tarjonnut kriisiapua sek\u00e4 opettajille ett\u00e4 oppilaille.<\/p>\n<p class=\"article-body mb-nof-24 px-nof-16\">\u2013\u2009Kyseess\u00e4 on \u00e4\u00e4rimm\u00e4isen valitettava ja traaginen tapahtuma, Nordanstigin kunnan opetusjohtaja <a class=\"font-bold underline-offset-[0.12em] [text-decoration:var(--person-link-text-decoration)] ![text-decoration-color:var(--person-link-text-decoration-color)]\" href=\"https:\/\/www.is.fi\/haku\/?query=Ulrika%20Segervald\" rel=\"nofollow noopener\" target=\"_blank\">Ulrika Segervald<\/a> kertoi Aftonbladetille.<\/p>\n<p class=\"article-body mb-nof-24 px-nof-16\">Poliisi tutkii onnettomuuden syyt\u00e4, ja my\u00f6s kunta tutkii tapausta tahollaan.<\/p>\n<p class=\"article-body mb-nof-24 px-nof-16\">Suomessa Espoon kaupunki varoitti juuri torstaina vanhempia lumikasojen vaaroista. Kaupunki varoitti, ett\u00e4 koulujen, taloyhti\u00f6iden ja muiden pihojen suuret lumikasat voivat sortua yll\u00e4tt\u00e4en ja haudata leikkiv\u00e4t lapset alleen.<\/p>\n<p class=\"article-body mb-nof-24 px-nof-16\">Tilanne muuttuu erityisen vaaralliseksi silloin, kun lumikasoja m\u00f6yhit\u00e4\u00e4n kauhakuormaajalla tai muulla raskaalla kalustolla. Jos joku on juuri silloin esimerkiksi lumiluolassa, riski j\u00e4\u00e4d\u00e4 koneen alle tai hautautua lumeen on Espoon kaupungin mukaan todellinen.<\/p>\n","protected":false},"excerpt":{"rendered":"Tragedia sattui Ruotsissa. 15.1. 18:47 Lumionnettomuudessa vakavasti loukkaantunut ruotsalaispoika on kuollut. 11-vuotias poika oli ollut maanantaina leikkim\u00e4ss\u00e4 koulun&hellip;\n","protected":false},"author":2,"featured_media":143663,"comment_status":"","ping_status":"","sticky":false,"template":"","format":"standard","meta":{"footnotes":""},"categories":[12],"tags":[22,23,26,27,33,31,30,17,34,24,25,28,29,15,18,21,32,19,20,16],"class_list":{"0":"post-143662","1":"post","2":"type-post","3":"status-publish","4":"format-standard","5":"has-post-thumbnail","7":"category-suomi","8":"tag-breaking-news","9":"tag-breakingnews","10":"tag-featured-news","11":"tag-featurednews","12":"tag-fi","13":"tag-finland","14":"tag-finnish","15":"tag-headlines","16":"tag-ilta-sanomat","17":"tag-latest-news","18":"tag-latestnews","19":"tag-main-news","20":"tag-mainnews","21":"tag-news","22":"tag-otsikot","23":"tag-paauutiset","24":"tag-suomi","25":"tag-top-stories","26":"tag-topstories","27":"tag-uutiset"},"share_on_mastodon":{"url":"https:\/\/pubeurope.com\/@fi\/115902932942127129","error":""},"_links":{"self":[{"href":"https:\/\/www.europesays.com\/fi\/wp-json\/wp\/v2\/posts\/143662","targetHints":{"allow":["GET"]}}],"collection":[{"href":"https:\/\/www.europesays.com\/fi\/wp-json\/wp\/v2\/posts"}],"about":[{"href":"https:\/\/www.europesays.com\/fi\/wp-json\/wp\/v2\/types\/post"}],"author":[{"embeddable":true,"href":"https:\/\/www.europesays.com\/fi\/wp-json\/wp\/v2\/users\/2"}],"replies":[{"embeddable":true,"href":"https:\/\/www.europesays.com\/fi\/wp-json\/wp\/v2\/comments?post=143662"}],"version-history":[{"count":0,"href":"https:\/\/www.europesays.com\/fi\/wp-json\/wp\/v2\/posts\/143662\/revisions"}],"wp:featuredmedia":[{"embeddable":true,"href":"https:\/\/www.europesays.com\/fi\/wp-json\/wp\/v2\/media\/143663"}],"wp:attachment":[{"href":"https:\/\/www.europesays.com\/fi\/wp-json\/wp\/v2\/media?parent=143662"}],"wp:term":[{"taxonomy":"category","embeddable":true,"href":"https:\/\/www.europesays.com\/fi\/wp-json\/wp\/v2\/categories?post=143662"},{"taxonomy":"post_tag","embeddable":true,"href":"https:\/\/www.europesays.com\/fi\/wp-json\/wp\/v2\/tags?post=143662"}],"curies":[{"name":"wp","href":"https:\/\/api.w.org\/{rel}","templated":true}]}}