{"id":143664,"date":"2026-01-16T04:39:10","date_gmt":"2026-01-16T04:39:10","guid":{"rendered":"https:\/\/www.europesays.com\/fi\/143664\/"},"modified":"2026-01-16T04:39:10","modified_gmt":"2026-01-16T04:39:10","slug":"tanskassa-tyrmistyttiin-valkoisen-talon-lausunnosta-koskien-gronlantia","status":"publish","type":"post","link":"https:\/\/www.europesays.com\/fi\/143664\/","title":{"rendered":"Tanskassa tyrmistyttiin Valkoisen talon lausunnosta koskien Gr\u00f6nlantia"},"content":{"rendered":"<p>Tanskassa koettiin, ett\u00e4 Yhdysvallat on sy\u00f6nyt sanansa heti huippukokousta seuraavana p\u00e4iv\u00e4n\u00e4.<\/p>\n<p>Lue tiivistelm\u00e4<\/p>\n<p class=\"article-body mb-nof-24 px-nof-16 sndp-summary-bullet-point-font\">Tanskassa raivostuttiin Valkoisen talon tiedottajan Karoline Leavittin lausunnosta, jonka mukaan Tanska ja Yhdysvallat sopivat ty\u00f6ryhm\u00e4st\u00e4 Gr\u00f6nlannin hankkimiseksi.<\/p>\n<p class=\"article-body mb-nof-24 px-nof-16 sndp-summary-bullet-point-font\">Tanskan ulkoministeri Lars L\u00f6kke Rasmussen kiisti v\u00e4itteen ja sanoi, ett\u00e4 ty\u00f6ryhm\u00e4 perustettiin etsim\u00e4\u00e4n yhteist\u00e4 tiet\u00e4 eteenp\u00e4in kunnioittaen Tanskan punaisia viivoja.<\/p>\n<p class=\"article-body mb-nof-24 px-nof-16 sndp-summary-bullet-point-font\">Tanskan parlamentin j\u00e4sen Aaja Chemnitz sanoi, ett\u00e4 Yhdysvaltoihin on vaikea luottaa, kun yhteisty\u00f6kumppani tulkitsee sovittuja asioita t\u00e4ysin eri tavalla.<\/p>\n<p class=\"article-body mb-nof-24 px-nof-16\">Tanskassa on raivostuttu Valkoisen talon torstaisesta lehdist\u00f6tilaisuudesta.<\/p>\n<p class=\"article-body mb-nof-24 px-nof-16\">Erityisesti tiedottaja <a class=\"font-bold underline-offset-[0.12em] [text-decoration:var(--person-link-text-decoration)] ![text-decoration-color:var(--person-link-text-decoration-color)]\" href=\"https:\/\/www.is.fi\/haku\/?query=Karoline%20Leavittin\" rel=\"nofollow noopener\" target=\"_blank\">Karoline Leavittin<\/a> yksi toteamus keskiviikon huippukokouksesta sai tanskalaisten tunteet kiehumaan.<\/p>\n<p class=\"article-body mb-nof-24 px-nof-16\">\u2013\u2009Tuossa tapaamisessa osapuolet sopivat perustavansa ty\u00f6ryhm\u00e4n, joka jatkaa teknisi\u00e4 keskusteluja Gr\u00f6nlannin hankkimisesta. Minulle kerrottiin, ett\u00e4 n\u00e4it\u00e4 keskusteluja k\u00e4yd\u00e4\u00e4n 2\u20133 viikon v\u00e4lein, Leavitt sanoi viitaten keskiviikon tapaamiseen, jossa Gr\u00f6nlannin ja Tanskan ulkoministerit tapasivat Yhdysvaltain ulkoministerin <a class=\"font-bold underline-offset-[0.12em] [text-decoration:var(--person-link-text-decoration)] ![text-decoration-color:var(--person-link-text-decoration-color)]\" href=\"https:\/\/www.is.fi\/haku\/?query=Marco%20Rubion\" rel=\"nofollow noopener\" target=\"_blank\">Marco Rubion<\/a> ja varapresidentin <a class=\"font-bold underline-offset-[0.12em] [text-decoration:var(--person-link-text-decoration)] ![text-decoration-color:var(--person-link-text-decoration-color)]\" href=\"https:\/\/www.is.fi\/haku\/?query=J.%20D.%20Vancen\" rel=\"nofollow noopener\" target=\"_blank\">J. D. Vancen<\/a>.<\/p>\n<p class=\"article-body mb-nof-24 px-nof-16\">Tulkinta on t\u00e4ysin erilainen kuin Tanskan ulkoministeri <a class=\"font-bold underline-offset-[0.12em] [text-decoration:var(--person-link-text-decoration)] ![text-decoration-color:var(--person-link-text-decoration-color)]\" href=\"https:\/\/www.is.fi\/haku\/?query=Lars%20L%C3%B6kke%20Rasmussen\" rel=\"nofollow noopener\" target=\"_blank\">Lars L\u00f6kke Rasmussen<\/a> kertoi keskiviikkona keskustelujen j\u00e4lkeen. Rasmussenin mukaan sovittiin &#8221;korkean tason&#8221; ty\u00f6ryhm\u00e4n perustamisesta selvitt\u00e4m\u00e4\u00e4n, voidaanko l\u00f6yt\u00e4\u00e4 yhteinen tie eteenp\u00e4in Gr\u00f6nlannin tilanteessa kunnioittaen Tanskan punaisia viivoja.<\/p>\n<p class=\"article-body mb-nof-24 px-nof-16\">Lue lis\u00e4\u00e4: <a class=\"underline underline-offset-[0.12em] [text-decoration-thickness:var(--generic-link-underline-thickness)] [text-decoration-color:var(--generic-link-underline-color)] [text-decoration-skip-ink:var(--generic-link-underline-skip-ink)] break-words\" href=\"https:\/\/www.is.fi\/ulkomaat\/art-2000011752762.html\" rel=\"nofollow noopener\" target=\"_blank\">Valkoinen talo kommentoi Gr\u00f6nlannin tilannetta \u2013 \u201dEi vaikuta\u201d<\/a><\/p>\n<p><img decoding=\"async\" src=\"https:\/\/www.europesays.com\/fi\/wp-content\/uploads\/2026\/01\/1768510150_707_468.jpg\" alt=\"Valkoisen talon tiedottajan Karoline Leavittin sanat tyrmistyttiv\u00e4t Tanskassa.\" class=\"_Img_1rerz_1\" style=\"aspect-ratio:1.5011727912431587\" loading=\"eager\"\/><\/p>\n<p class=\"article-picture-caption\">Valkoisen talon tiedottajan Karoline Leavittin sanat tyrmistyttiv\u00e4t Tanskassa. Kuva:\u00a0Will Oliver \/ EPA<\/p>\n<p class=\"article-body mb-nof-24 px-nof-16\">Tanskan parlamentin j\u00e4sen <a class=\"font-bold underline-offset-[0.12em] [text-decoration:var(--person-link-text-decoration)] ![text-decoration-color:var(--person-link-text-decoration-color)]\" href=\"https:\/\/www.is.fi\/haku\/?query=Aaja%20Chemnitz\" rel=\"nofollow noopener\" target=\"_blank\">Aaja Chemnitz<\/a> piti Leavittin lausuntoa t\u00e4ysin surrealistisena.<\/p>\n<p class=\"article-body mb-nof-24 px-nof-16\">\u2013\u2009Se ei ollut sit\u00e4, mist\u00e4 sovittiin keskiviikkona. Juuri t\u00e4m\u00e4n takia on vaikeaa, jos yhteisty\u00f6kumppanin kanssa ei voi luottaa siihen, mist\u00e4 on sovittu. Se tarkoittaa, ett\u00e4 luottamus ei ole kovin korkealla, Chemnitz sanoi uutistoimisto Ritzaun mukaan.<\/p>\n<p class=\"article-body mb-nof-24 px-nof-16\">\u2013\u2009On h\u00e4pe\u00e4llist\u00e4, ett\u00e4 on vaikeuksia luottaa kumppaniin, jonka kanssa oli juuri kokoustettu ja sovittu asioista. Ja sitten vastapuoli tulkitsee asiaa t\u00e4ysin eri tavalla, Chemnitz lis\u00e4si.<\/p>\n<p class=\"article-body mb-nof-24 px-nof-16\">H\u00e4nen mukaansa Yhdysvalloille on ilmoitettu \u201dtuhansia kertoja tuhansin eri tavoin, ett\u00e4 sellaista ei voi ostaa, joka ei ole kaupan\u201d.<\/p>\n<p class=\"article-body mb-nof-24 px-nof-16\">Chemnitz jatkoi ihmettely\u00e4 viel\u00e4 omalla Facebook-tilill\u00e4\u00e4n.<\/p>\n<p class=\"article-body mb-nof-24 px-nof-16\">\u2013\u2009Hullua! Ty\u00f6ryhm\u00e4 perustettiin k\u00e4sittelem\u00e4\u00e4n jotain t\u00e4ysin muuta. Mik\u00e4 sirkus, Chemnitz kirjoitti.<\/p>\n<p class=\"article-body mb-nof-24 px-nof-16\">BT-lehden politiikan analyytikko <a class=\"font-bold underline-offset-[0.12em] [text-decoration:var(--person-link-text-decoration)] ![text-decoration-color:var(--person-link-text-decoration-color)]\" href=\"https:\/\/www.is.fi\/haku\/?query=Henrik%20Qvortrup\" rel=\"nofollow noopener\" target=\"_blank\">Henrik Qvortrup<\/a> piti lausuntoa m\u00e4rk\u00e4n\u00e4 r\u00e4ttin\u00e4 p\u00e4in pl\u00e4si\u00e4.<\/p>\n<p class=\"article-body mb-nof-24 px-nof-16\">\u2013\u2009Kaikki olikin liian hyv\u00e4\u00e4 ollakseen totta. Nyt on uusi tilanne, jossa Trump sanoo, ett\u00e4 Rasmussenin tapa tulkita asia oli v\u00e4\u00e4rink\u00e4sitys. T\u00e4m\u00e4 oli kylm\u00e4 suihku niskaan, Qvortrup sanoi <a class=\"underline underline-offset-[0.12em] [text-decoration-thickness:var(--generic-link-underline-thickness)] [text-decoration-color:var(--generic-link-underline-color)] [text-decoration-skip-ink:var(--generic-link-underline-skip-ink)] break-words\" href=\"https:\/\/www.bt.dk\/udland\/live-opbrud-i-verden?directpost=10853975\" rel=\"nofollow noopener\" target=\"_blank\">BT:lle<\/a>.<\/p>\n<p class=\"article-body mb-nof-24 px-nof-16\">Konservatiivipuolueen puheenjohtaja <a class=\"font-bold underline-offset-[0.12em] [text-decoration:var(--person-link-text-decoration)] ![text-decoration-color:var(--person-link-text-decoration-color)]\" href=\"https:\/\/www.is.fi\/haku\/?query=Mona%20Juul\" rel=\"nofollow noopener\" target=\"_blank\">Mona Juul<\/a> pohti, ett\u00e4 Leavittin lausunto ei ollut \u201dlainkaan rauhoittava\u201d.<\/p>\n<p class=\"article-body mb-nof-24 px-nof-16\">\u2013\u2009Nyt t\u00e4ytyy pysy\u00e4 diplomaattisilla raiteilla. Meid\u00e4n t\u00e4ytyy jatkaa sotilaallisen l\u00e4sn\u00e4olon laajentamista Gr\u00f6nlannissa yhdess\u00e4 Naton kanssa. Meid\u00e4n t\u00e4ytyy jatkaa yhten\u00e4isyyden osoittamista muiden liittolaistemme kanssa, Juul kirjoitti pikaviestipalvelu X:ss\u00e4.<\/p>\n<p class=\"article-body mb-nof-24 px-nof-16\">Oppositiossa olevan kansanpuolueen puheenjohtaja <a class=\"font-bold underline-offset-[0.12em] [text-decoration:var(--person-link-text-decoration)] ![text-decoration-color:var(--person-link-text-decoration-color)]\" href=\"https:\/\/www.is.fi\/haku\/?query=Morten%20Messerschidt\" rel=\"nofollow noopener\" target=\"_blank\">Morten Messerschidt<\/a> sanoi, ett\u00e4 Tanska meni Yhdysvaltain ansaan.<\/p>\n<p class=\"article-body mb-nof-24 px-nof-16\">\u2013\u2009Trumpin mukaan Rasmussen on ollut mukana perustamassa ty\u00f6ryhm\u00e4\u00e4 Gr\u00f6nlannin hankkimisesta. Varoitin, ett\u00e4 Rasmussen oli matkalla leijonan kitaan, ja hallitus hypp\u00e4si suoraan ansaan, Messerschmidt kirjoitti X-tilill\u00e4\u00e4n.<\/p>\n<p class=\"article-body mb-nof-24 px-nof-16\">Rasmussen itse kommentoi asiaa Tanskan <a class=\"underline underline-offset-[0.12em] [text-decoration-thickness:var(--generic-link-underline-thickness)] [text-decoration-color:var(--generic-link-underline-color)] [text-decoration-skip-ink:var(--generic-link-underline-skip-ink)] break-words\" href=\"https:\/\/nyheder.tv2.dk\/live\/2025-01-06-kampen-om-groenlands-fremtid\" rel=\"nofollow noopener\" target=\"_blank\">TV2:lle<\/a>. H\u00e4nen mukaansa mist\u00e4\u00e4n Leavittin sanomasta ei ole sovittu.<\/p>\n<p class=\"article-body mb-nof-24 px-nof-16\">\u2013\u2009Voin viitata vain siihen, josta keskiviikkona sovittiin. Olin mukana kokouksessa, ja siell\u00e4 sovitun takana seison. Jos amerikkalaisilla on neuvotteluissa jokin toinen intohimo, niin silloin neuvotteluista tulevat hyvin, hyvin lyhyet, Rasmussen painotti.<\/p>\n<p class=\"article-body mb-nof-24 px-nof-16\">Rasmussenin mukaan Valkoisen talon viesti osoittaa, ett\u00e4 Gr\u00f6nlanti-neuvotteluista tulevat \u201deritt\u00e4in vaikeat\u201d.<\/p>\n<p><img decoding=\"async\" src=\"https:\/\/www.europesays.com\/fi\/wp-content\/uploads\/2026\/01\/1768538350_662_468.jpg\" alt=\"Tanskan ulkoministeri Lars L\u00f6kke Rasmussen (vas.) ja Gr\u00f6nlannun ulkoministeri Vivian Motzfeldt kertoivat keskiviikkona t\u00e4ysin eri viesti\u00e4 kuin Valkoinen talo torstaina.\" class=\"_Img_1rerz_1\" style=\"aspect-ratio:1.5\" loading=\"eager\"\/><\/p>\n<p class=\"article-picture-caption\">Tanskan ulkoministeri Lars L\u00f6kke Rasmussen (vas.) ja Gr\u00f6nlannun ulkoministeri Vivian Motzfeldt kertoivat keskiviikkona t\u00e4ysin eri viesti\u00e4 kuin Valkoinen talo torstaina. Kuva:\u00a0Shawn Thew \/ EPA<\/p>\n<p class=\"article-body mb-nof-24 px-nof-16\">H\u00e4n lis\u00e4si, ett\u00e4 Gr\u00f6nlannin siirtyminen Yhdysvaltain hallintaan on t\u00e4ysin poissuljettu vaihtoehto.<\/p>\n<p class=\"article-body mb-nof-24 px-nof-16\">\u2013\u2009Sit\u00e4 ei haluta Tanskassa, sit\u00e4 ei haluta Gr\u00f6nlannissa ja lis\u00e4ksi se on kansainv\u00e4listen s\u00e4\u00e4nt\u00f6jen vastaista, Rasmussen painotti.<\/p>\n<p class=\"article-body mb-nof-24 px-nof-16\">Leavitt my\u00f6s sanoi, ett\u00e4 Gr\u00f6nlannissa olevat eurooppalaiset joukot eiv\u00e4t vaikuta \u201dmill\u00e4\u00e4n tavalla\u201d Trumpin tavoitteeseen Gr\u00f6nlannin hankkimisesta.<\/p>\n","protected":false},"excerpt":{"rendered":"Tanskassa koettiin, ett\u00e4 Yhdysvallat on sy\u00f6nyt sanansa heti huippukokousta seuraavana p\u00e4iv\u00e4n\u00e4. Lue tiivistelm\u00e4 Tanskassa raivostuttiin Valkoisen talon tiedottajan&hellip;\n","protected":false},"author":2,"featured_media":143665,"comment_status":"","ping_status":"","sticky":false,"template":"","format":"standard","meta":{"footnotes":""},"categories":[5],"tags":[22,23,26,27,33,31,30,17,34,24,25,28,29,15,18,21,32,19,20,16],"class_list":{"0":"post-143664","1":"post","2":"type-post","3":"status-publish","4":"format-standard","5":"has-post-thumbnail","7":"category-otsikot","8":"tag-breaking-news","9":"tag-breakingnews","10":"tag-featured-news","11":"tag-featurednews","12":"tag-fi","13":"tag-finland","14":"tag-finnish","15":"tag-headlines","16":"tag-ilta-sanomat","17":"tag-latest-news","18":"tag-latestnews","19":"tag-main-news","20":"tag-mainnews","21":"tag-news","22":"tag-otsikot","23":"tag-paauutiset","24":"tag-suomi","25":"tag-top-stories","26":"tag-topstories","27":"tag-uutiset"},"share_on_mastodon":{"url":"https:\/\/pubeurope.com\/@fi\/115902936682973028","error":""},"_links":{"self":[{"href":"https:\/\/www.europesays.com\/fi\/wp-json\/wp\/v2\/posts\/143664","targetHints":{"allow":["GET"]}}],"collection":[{"href":"https:\/\/www.europesays.com\/fi\/wp-json\/wp\/v2\/posts"}],"about":[{"href":"https:\/\/www.europesays.com\/fi\/wp-json\/wp\/v2\/types\/post"}],"author":[{"embeddable":true,"href":"https:\/\/www.europesays.com\/fi\/wp-json\/wp\/v2\/users\/2"}],"replies":[{"embeddable":true,"href":"https:\/\/www.europesays.com\/fi\/wp-json\/wp\/v2\/comments?post=143664"}],"version-history":[{"count":0,"href":"https:\/\/www.europesays.com\/fi\/wp-json\/wp\/v2\/posts\/143664\/revisions"}],"wp:featuredmedia":[{"embeddable":true,"href":"https:\/\/www.europesays.com\/fi\/wp-json\/wp\/v2\/media\/143665"}],"wp:attachment":[{"href":"https:\/\/www.europesays.com\/fi\/wp-json\/wp\/v2\/media?parent=143664"}],"wp:term":[{"taxonomy":"category","embeddable":true,"href":"https:\/\/www.europesays.com\/fi\/wp-json\/wp\/v2\/categories?post=143664"},{"taxonomy":"post_tag","embeddable":true,"href":"https:\/\/www.europesays.com\/fi\/wp-json\/wp\/v2\/tags?post=143664"}],"curies":[{"name":"wp","href":"https:\/\/api.w.org\/{rel}","templated":true}]}}