{"id":143670,"date":"2026-01-16T04:54:08","date_gmt":"2026-01-16T04:54:08","guid":{"rendered":"https:\/\/www.europesays.com\/fi\/143670\/"},"modified":"2026-01-16T04:54:08","modified_gmt":"2026-01-16T04:54:08","slug":"emmerdale-amelia-spencerin-hahmo-herattaa-tunteita-nayttelija-daisy-campbell-vastaa-kritiikkiin","status":"publish","type":"post","link":"https:\/\/www.europesays.com\/fi\/143670\/","title":{"rendered":"Emmerdale: Amelia Spencerin hahmo her\u00e4tt\u00e4\u00e4 tunteita \u2013 N\u00e4yttelij\u00e4 Daisy Campbell vastaa kritiikkiin"},"content":{"rendered":"<p>            ITV\/Shutterstock\/All Over Press\n        <\/p>\n<p class=\"subtitle \">Er\u00e4\u00e4n hahmon k\u00e4yt\u00f6s ajoi brittikatsojat raivon partaalle.<\/p>\n<p class=\"article-content article-content-width !bg-background\">Emmerdale-draamasarjassa on viime aikoina k\u00e4sitelty perhev\u00e4kivaltaan liittyv\u00e4\u00e4 juonikuviota, jonka keski\u00f6ss\u00e4 ovat Belle Dingle () ja Tom (). V\u00e4lirikon j\u00e4lkeen ja Belle\u00e4 manipuloidakseen Tom aloitti suhteen Amelian kanssa.<\/p>\n<p class=\"article-content article-content-width !bg-background\">Brittikatsojia suututtanut hahmo on Amelia Spencer, joka on ollut Tomin puolella, vaikka Belle varoitteli miehen v\u00e4kivaltaisuudesta.<\/p>\n<p>        <a itemprop=\"url\" href=\"https:\/\/www.seiska.fi\/katso\/emmerdalen-juonipaljastukset-tom-joutuu-tilille-teoistaan\/2033465\" rel=\"nofollow noopener\" target=\"_blank\"><\/p>\n<p>\nEmmerdalen juonipaljastukset\n<\/p>\n<p class=\"section-date\">\n        <strong class=\"article-section\" data-section=\"katso\"><br \/>\n            katso<br \/>\n        <\/strong><br \/>\n        7.1. 05:15\n    <\/p>\n<p>Emmerdalen juonipaljastukset: Tom joutuu tilille teoistaan\n    <\/p>\n<p itemprop=\"description\" class=\"subtitle \">\n    Ensi viikon Emmerdalessa Ruby ja Cain ovat kiusaantuneita Moiran edess\u00e4, Kim yritt\u00e4\u00e4 hankkiutua eroon Willist\u00e4 ja verkko Tomin ymp\u00e4rill\u00e4 kiristyy.\n<\/p>\n<p>        <\/a><\/p>\n<p>Kaikista \u00e4rsytt\u00e4vin hahmo?<\/p>\n<p class=\"article-content article-content-width !bg-background\">Ameliaa esitt\u00e4\u00e4 Emmerdalessa parikymppinen . Daisy aloitti Amelian roolissa s\u00f6p\u00f6n\u00e4 pikkutytt\u00f6n\u00e4 vuonna 2011 ollessaan vasta 8-vuotias ja on varttunut sarjan parissa aikuiseksi.<\/p>\n<p class=\"article-content article-content-width !bg-background\"> Sosiaalisessa mediassa on kritisoitu Ameliaa t\u00e4m\u00e4n viimeaikaisen k\u00e4yt\u00f6ksen vuoksi muun muassa \u201dtyhm\u00e4ksi\u201d sek\u00e4 \u201dkaikista \u00e4rsytt\u00e4vimm\u00e4ksi hahmoksi\u201d. <\/p>\n<p>                <img decoding=\"async\" src=\"https:\/\/www.europesays.com\/fi\/wp-content\/uploads\/2026\/01\/2047415.webp.jpeg\" width=\"576\" height=\"274\" title=\"Daisy Campbellin esitt\u00e4m\u00e4 Amelia on saanut osakseen kritiikki\u00e4.\" alt=\"Amelia Spencer (Daisy Campbell)\" loading=\"lazy\" \/>            <\/p>\n<p>\n            Daisy Campbellin esitt\u00e4m\u00e4 Amelia on saanut osakseen kritiikki\u00e4.<br \/>\n            ITV\/Shutterstock\/All Over Press\n        <\/p>\n<p class=\"article-content article-content-width !bg-background\"><a href=\"https:\/\/www.leeds-live.co.uk\/news\/celebs-tv\/emmerdales-most-infuriating-villager-star-30052486\" target=\"_blank\" rel=\"nofollow noopener\">\u2013 H\u00e4nen t\u00e4ytyy olla kaikista raivostuttavin hahmo ohjelmassa, siteerataan er\u00e4st\u00e4 nettikommentoijaa Leeds Liven -jutussa.<\/a><\/p>\n<p class=\"article-content article-content-width !bg-background\">\u2013 Voisin heitt\u00e4\u00e4 jotain telkkaria p\u00e4in. Amelia, kuinka \u00e4rsytt\u00e4v\u00e4\u00e4, toinen jatkaa, Leeds .<\/p>\n<p class=\"article-content article-content-width !bg-background\"> \u2013\u00a0H\u00e4nen hahmonsa on muuttunut niin ilke\u00e4ksi viime aikoina, kommentoi  Emmerdale Superfans -sivulla Facebookissa.<\/p>\n<p class=\"article-content article-content-width !bg-background\">Amelialle l\u00f6ytyy kuitenkin my\u00f6s ymm\u00e4rryst\u00e4.<\/p>\n<p class=\"article-content article-content-width !bg-background\">\u2013 Olen pahoillani Amelian puolesta. H\u00e4nen \u00e4itins\u00e4 on kuollut, is\u00e4 kadonnut ja is\u00e4puoli vankilassa. Samson ei halua tutustua tytt\u00e4reens\u00e4 ja Amelia on menett\u00e4nyt kotinsa. Ei ihme, ett\u00e4 h\u00e4n etsii ep\u00e4toivoisesti rakkautta, sanoo puolestaan\u00a0 Emmerdalen Facebookissa.<\/p>\n<p>        <a itemprop=\"url\" href=\"https:\/\/www.seiska.fi\/katso\/emmerdale-ennennakematon-kaanne\/2037595\" rel=\"nofollow noopener\" target=\"_blank\"><\/p>\n<p>\nEmmerdale\n<\/p>\n<p class=\"section-date\">\n        <strong class=\"article-section\" data-section=\"katso\"><br \/>\n            katso<br \/>\n        <\/strong><br \/>\n        5.1. 16:15\n    <\/p>\n<p>Emmerdale: Ennenn\u00e4kem\u00e4t\u00f6n k\u00e4\u00e4nne\n    <\/p>\n<p itemprop=\"description\" class=\"subtitle \">\n    Brittikatsojat p\u00e4\u00e4sev\u00e4t 5.1. todistamaan saippuaoopperahistoriaa.\n<\/p>\n<p>        <\/a><\/p>\n<p>Todellinen lurjus on Tom<\/p>\n<p class=\"article-content article-content-width !bg-background\"><a href=\"https:\/\/www.mirror.co.uk\/tv\/tv-news\/emmerdales-amelia-spencer-actress-responds-33789319#google_vignette\" target=\"_blank\" rel=\"nofollow noopener\">Daisy Campbell ottaa kantaa suuttuneiden fanien kommentointiin The Mirrorin jutussa.\u00a0<\/a><\/p>\n<p class=\"article-content article-content-width !bg-background\">H\u00e4n muistuttaa, ett\u00e4 Amelian ja Tomin v\u00e4lill\u00e4 on 10 vuoden ik\u00e4ero.<\/p>\n<p class=\"article-content article-content-width !bg-background\">\u2013 Kun ajattelen Ameliaa, niin h\u00e4n ei ole koskaan ollut onnellinen. H\u00e4nell\u00e4 on aina surullisia juonenk\u00e4\u00e4nteit\u00e4 ja h\u00e4n on aina ollut hyvin haavoittuvainen. Luulen, ett\u00e4 Tom saa h\u00e4net k\u00e4ytt\u00e4ytym\u00e4\u00e4n niin kuin haluaa. Amelia ei n\u00e4e sit\u00e4 juuri nyt, koska Tom on vanhempi mies, Daisy Campbell kuvailee The Mirrorille.<\/p>\n<p>                <img decoding=\"async\" src=\"https:\/\/www.europesays.com\/fi\/wp-content\/uploads\/2026\/01\/2047446.webp.jpeg\" width=\"576\" height=\"274\" title=\"Amelia n\u00e4kee v\u00e4l\u00e4hdyksi\u00e4 Tomin oikeasta luonteesta.\" alt=\"Tom King, Amelia Spencer, Emmerdale\" loading=\"lazy\" \/>            <\/p>\n<p>\n            Amelia n\u00e4kee v\u00e4l\u00e4hdyksi\u00e4 Tomin oikeasta luonteesta.<br \/>\n            ITV\n        <\/p>\n<p class=\"article-content article-content-width !bg-background\"> Ik\u00e4ero voi usein vaikuttaa suhteen dynamiikkaan.\u00a0<\/p>\n<p class=\"article-content article-content-width !bg-background\">\u2013 Tied\u00e4th\u00e4n millaista on, kun olet nuorempi ja seurustelet jonkun kanssa, joka on kaksi vuotta vanhempi. Amelia n\u00e4kee h\u00e4net miehen\u00e4 ja jonakuna, joka voi suojella h\u00e4nt\u00e4, eik\u00e4 h\u00e4n oikeastaan huomaa tuota v\u00e4kivaltaista puolta, Daisy kertoo The Mirrorille.<\/p>\n<p class=\"article-content article-content-width !bg-background\"> Suomessa nyt meneill\u00e4\u00e4n olevat juonenk\u00e4\u00e4nteet n\u00e4htiin Isossa-Britanniassa jo yli vuosi sitten. Tomin todellinen luonne alkaa paljastumaan Amelialle pian Suomen jaksoissakin.<\/p>\n<p>        <a itemprop=\"url\" href=\"https:\/\/www.seiska.fi\/katso\/emmerdalessa-murheellinen-juonenkaanne-nayttelijatkin-itkivat\/2033806\" rel=\"nofollow noopener\" target=\"_blank\"><\/p>\n<p>\nTraaginen juonenk\u00e4\u00e4nne\n<\/p>\n<p class=\"section-date\">\n        <strong class=\"article-section\" data-section=\"katso\"><br \/>\n            katso<br \/>\n        <\/strong><br \/>\n        3.1. 13:15\n    <\/p>\n<p>Emmerdalessa murheellinen juonenk\u00e4\u00e4nne \u2013 n\u00e4yttelij\u00e4tkin itkiv\u00e4t\n    <\/p>\n<p itemprop=\"description\" class=\"subtitle \">\n    Suosikkisarjassa piipahtaa piakkoin edesmennyt hahmo.\n<\/p>\n<p>        <\/a><\/p>\n<p class=\"italic m-italic article-content article-content-width !bg-background\">Emmerdale MTV3:lla maanantaista perjantaihin.<\/p>\n<p>        <a itemprop=\"url\" href=\"https:\/\/www.seiska.fi\/katso\/emmerdaleen-ilmestyy-ilkea-pahis-tytarkin-vihaa\/2025347\" rel=\"nofollow noopener\" target=\"_blank\"><\/p>\n<p>\nEmmerdaleen uusi hahmo\n<\/p>\n<p class=\"section-date\">\n        <strong class=\"article-section\" data-section=\"katso\"><br \/>\n            katso<br \/>\n        <\/strong><br \/>\n        29.12.2025 06:15\n    <\/p>\n<p>Emmerdaleen ilmestyy ilke\u00e4 pahis \u2013 tyt\u00e4rkin vihaa\n    <\/p>\n<p itemprop=\"description\" class=\"subtitle \">\n    Suosikkisarjaan saapuu per\u00e4ti kaksi uutta hahmoa.\n<\/p>\n<p>        <\/a><\/p>\n","protected":false},"excerpt":{"rendered":"ITV\/Shutterstock\/All Over Press Er\u00e4\u00e4n hahmon k\u00e4yt\u00f6s ajoi brittikatsojat raivon partaalle. Emmerdale-draamasarjassa on viime aikoina k\u00e4sitelty perhev\u00e4kivaltaan liittyv\u00e4\u00e4 juonikuviota,&hellip;\n","protected":false},"author":2,"featured_media":143671,"comment_status":"","ping_status":"","sticky":false,"template":"","format":"standard","meta":{"footnotes":""},"categories":[133],"tags":[3891,24603,1192,4659,15297,1182,1186,1183,137,33,31,30,101,905,32,206,156,109],"class_list":{"0":"post-143670","1":"post","2":"type-post","3":"status-publish","4":"format-standard","5":"has-post-thumbnail","7":"category-televisiot","8":"tag-amelia-spencer","9":"tag-daisy-campbell","10":"tag-draamasarja","11":"tag-emmerdale","12":"tag-emmerdale-amelia","13":"tag-emmerdale-belle","14":"tag-emmerdale-juonipaljastukset","15":"tag-emmerdale-tom-king","16":"tag-entertainment","17":"tag-fi","18":"tag-finland","19":"tag-finnish","20":"tag-ihmissuhteet","21":"tag-mtv3","22":"tag-suomi","23":"tag-televisiot","24":"tag-tv","25":"tag-viihde"},"share_on_mastodon":{"url":"https:\/\/pubeurope.com\/@fi\/115902995772175693","error":""},"_links":{"self":[{"href":"https:\/\/www.europesays.com\/fi\/wp-json\/wp\/v2\/posts\/143670","targetHints":{"allow":["GET"]}}],"collection":[{"href":"https:\/\/www.europesays.com\/fi\/wp-json\/wp\/v2\/posts"}],"about":[{"href":"https:\/\/www.europesays.com\/fi\/wp-json\/wp\/v2\/types\/post"}],"author":[{"embeddable":true,"href":"https:\/\/www.europesays.com\/fi\/wp-json\/wp\/v2\/users\/2"}],"replies":[{"embeddable":true,"href":"https:\/\/www.europesays.com\/fi\/wp-json\/wp\/v2\/comments?post=143670"}],"version-history":[{"count":0,"href":"https:\/\/www.europesays.com\/fi\/wp-json\/wp\/v2\/posts\/143670\/revisions"}],"wp:featuredmedia":[{"embeddable":true,"href":"https:\/\/www.europesays.com\/fi\/wp-json\/wp\/v2\/media\/143671"}],"wp:attachment":[{"href":"https:\/\/www.europesays.com\/fi\/wp-json\/wp\/v2\/media?parent=143670"}],"wp:term":[{"taxonomy":"category","embeddable":true,"href":"https:\/\/www.europesays.com\/fi\/wp-json\/wp\/v2\/categories?post=143670"},{"taxonomy":"post_tag","embeddable":true,"href":"https:\/\/www.europesays.com\/fi\/wp-json\/wp\/v2\/tags?post=143670"}],"curies":[{"name":"wp","href":"https:\/\/api.w.org\/{rel}","templated":true}]}}