{"id":143675,"date":"2026-01-16T05:02:09","date_gmt":"2026-01-16T05:02:09","guid":{"rendered":"https:\/\/www.europesays.com\/fi\/143675\/"},"modified":"2026-01-16T05:02:09","modified_gmt":"2026-01-16T05:02:09","slug":"piritta-hagman-talo-myynnissa-jo-viisi-vuotta","status":"publish","type":"post","link":"https:\/\/www.europesays.com\/fi\/143675\/","title":{"rendered":"Piritta Hagman: talo myynniss\u00e4 jo viisi vuotta"},"content":{"rendered":"<p class=\"subtitle \">Piritta Hagman on myynyt Porissa sijaitsevaa omakotitaloaan jo viisi vuotta, ja nyt hinta on romahtanut alkuper\u00e4isest\u00e4 pyyntihinnasta. Talomyynnist\u00e4 voi tulla Piritalle merkitt\u00e4v\u00e4 taloudellinen tappio.<\/p>\n<p class=\"article-content article-content-width !bg-background\">Missimaailmasta tuttu kaunotar\u00a0 osti omakotitalon Porista vuonna 2019.<\/p>\n<p class=\"font-weight-bold m-font-weight-bold article-content article-content-width !bg-background\">Videolla kerrataan Piritta Hagmanin rakkausel\u00e4m\u00e4n kiemuroita.<\/p>\n<p class=\"article-content article-content-width !bg-background\">Seiskan tietojen mukaan Pirittaa vetiv\u00e4t Poriin rakkausasiat, jotka sittemmin kariutuivat.\u00a0Ennen Poriin muuttoa h\u00e4n oli eronnut ex-kiekkoilija .<\/p>\n<p class=\"article-content article-content-width !bg-background\">Tarkoituksena oli aloittaa uusi el\u00e4m\u00e4 lapsuudenmaisemissa kolmen lapsensa kanssa Niklaksen j\u00e4\u00e4dess\u00e4 Helsinkiin. H\u00e4n on kertonut aiheesta muun muassa <a href=\"https:\/\/www.is.fi\/viihde\/art-2000006324977.html\" target=\"_blank\" rel=\"nofollow noopener\">Ilta-Sanomille<\/a> antamassaan haastattelussa.<\/p>\n<p>                <img decoding=\"async\" src=\"https:\/\/www.europesays.com\/fi\/wp-content\/uploads\/2026\/01\/2046101.webp.jpeg\" width=\"576\" height=\"524\" alt=\"Piritta Hagman on myynyt Porin taloaan jo viiden vuoden ajan. H\u00e4nelle on tulossa talosaagasta mahdollisesti isot tappiot.\" loading=\"lazy\" \/>            <\/p>\n<p>\n            Piritta Hagman on myynyt Porin taloaan jo viiden vuoden ajan. H\u00e4nelle on tulossa talosaagasta mahdollisesti isot tappiot.<br \/>\n            Panu H\u00f6rkk\u00f6\n        <\/p>\n<p class=\"article-content article-content-width !bg-background\">Lopulta perhe jakaantui kahtia, sill\u00e4 kaksi vanhinta lasta jatkoivat asumistaan Helsingiss\u00e4, mutta Piritta ja kuopus muuttivat siit\u00e4 huolimatta Poriin.<\/p>\n<p class=\"article-content article-content-width !bg-background\">Yht\u00e4l\u00f6 ei kuitenkaan toiminut, sill\u00e4 sisarukset kaipasivat toisiaan. Lopulta Piritta muutti takaisin p\u00e4\u00e4kaupunkiin ja laittoi Porin talonsa myyntiin vuonna 2021.<\/p>\n<p class=\"article-content article-content-width !bg-background\">Viel\u00e4 tuolloin Piritta ei tiennyt, ett\u00e4 Porin omakotitalosta tulisi h\u00e4nelle vuosien riippakivi.<\/p>\n<p>        <a itemprop=\"url\" href=\"https:\/\/www.seiska.fi\/kotimaa\/piritta-hagman-muuttouutisia\/2002753\" rel=\"nofollow noopener\" target=\"_blank\"><\/p>\n<p>\nPiritta Hagman\n<\/p>\n<p class=\"section-date\">\n        <strong class=\"article-section\" data-section=\"kotimaa\"><br \/>\n            kotimaa<br \/>\n        <\/strong><br \/>\n        24.11.2025 20:21\n    <\/p>\n<p>Piritta Hagman: Muuttouutisia!\n    <\/p>\n<p itemprop=\"description\" class=\"subtitle \">\n    Piritta avautuu vaikeasta p\u00e4\u00e4t\u00f6ksest\u00e4\u00e4n.\n<\/p>\n<p>        <\/a><\/p>\n<p>Porin kallein talo<\/p>\n<p class=\"article-content article-content-width !bg-background\">Alun perin Piritta pulitti 292 neli\u00f6n luksuslukaalista per\u00e4ti 462 000 euroa.<\/p>\n<p class=\"article-content article-content-width !bg-background\">Seiskan tietojen mukaan talo oli Porin kallein v\u00e4litt\u00e4j\u00e4n kahteen vuoteen myym\u00e4 talo.<\/p>\n<p>                <img decoding=\"async\" src=\"https:\/\/www.europesays.com\/fi\/wp-content\/uploads\/2026\/01\/2046088.webp.jpeg\" width=\"576\" height=\"274\" alt=\"Piritta Hagmanin luksuslukaalissa riitt\u00e4\u00e4 neli\u00f6it\u00e4. Nyt talon hinta on tippunut jo 163 000 eurolla siit\u00e4, mit\u00e4 Piritta itse talostaan pulitti.\" loading=\"lazy\" \/>            <\/p>\n<p>\n            Piritta Hagmanin luksuslukaalissa riitt\u00e4\u00e4 neli\u00f6it\u00e4. Nyt talon hinta on tippunut jo 163 000 eurolla siit\u00e4, mit\u00e4 Piritta itse talostaan pulitti.<br \/>\n            Panu H\u00f6rkk\u00f6\n        <\/p>\n<p class=\"article-content article-content-width !bg-background\">Paikalliset h\u00e4mm\u00e4steliv\u00e4t talokauppoja, sill\u00e4 luksuslukaali on rakennettu kaupungin 1 715 neli\u00f6n vuokratontille. Vuokratontin vuosivuokra on 1 800 euroa.<\/p>\n<p class=\"article-content article-content-width !bg-background\">Lis\u00e4ksi talossa on suora s\u00e4hk\u00f6l\u00e4mmitys, joka nostaa l\u00e4hes 300 neli\u00f6n talon asumiskuluja roimasti, etenkin nykyisill\u00e4 s\u00e4hk\u00f6n hinnoilla. Piritta on ilmoittanut talon s\u00e4hk\u00f6nkulutuksen olevan vuodessa 30 000 kilowattia. S\u00e4hk\u00f6sopimuksesta riippuen, se tarkoittaa noin 180\u2013320 euron kuukausittaista s\u00e4hk\u00f6laskua.<\/p>\n<p>        <a itemprop=\"url\" href=\"https:\/\/www.seiska.fi\/kotimaa\/mita-kavi-piritta-hagmanin-taneli-hevoselle\/1275490\" rel=\"nofollow noopener\" target=\"_blank\"><\/p>\n<p class=\"section-date\">\n        <strong class=\"article-section\" data-section=\"kotimaa\"><br \/>\n            kotimaa<br \/>\n        <\/strong><br \/>\n        20.2.2024 11:26\n    <\/p>\n<p>Mit\u00e4 k\u00e4vi Piritta Hagmanin Taneli-hevoselle?\n    <\/p>\n<p itemprop=\"description\" class=\"subtitle \">\n    Piritta Hagman kertoo, miten Tanelin kanssa k\u00e4vi.\n<\/p>\n<p>        <\/a><\/p>\n<p>Isot tappiot<\/p>\n<p class=\"article-content article-content-width !bg-background\">Kun Piritta laittoi talonsa myyntiin viisi vuotta sitten, h\u00e4n pyysi talosta 480 000 euroa.\u00a0Mik\u00e4li kaupat olisivat tuolla hinnalla toteutuneet, h\u00e4n olisi tehnyt 20 000 euroa voittoa.<\/p>\n<p class=\"article-content article-content-width !bg-background\">Porilaiset eiv\u00e4t kuitenkaan innostuneet talosta, ja pian hintaa sorvattiin alasp\u00e4in, 450 000 euroon.<\/p>\n<p class=\"article-content article-content-width !bg-background\">Vuonna 2022 taloa myytiin 420 000 eurolla ja vuonna 2023 hintaa oli j\u00e4lleen laskettu, t\u00e4ll\u00e4 kertaa 395 000 euroon.<\/p>\n<p>                <img decoding=\"async\" src=\"https:\/\/www.europesays.com\/fi\/wp-content\/uploads\/2026\/01\/2046093.webp.jpeg\" width=\"576\" height=\"672\" alt=\"Susivalmentaja Lassi Tuovi ja Piritta Hagman ovat seurustelleet jo muutaman vuoden.\" loading=\"lazy\" \/>            <\/p>\n<p>\n            Susivalmentaja Lassi Tuovi ja Piritta Hagman ovat seurustelleet jo muutaman vuoden.<br \/>\n            Panu H\u00f6rkk\u00f6\n        <\/p>\n<p class=\"article-content article-content-width !bg-background\">Nyt taloa on myyty jo viisi vuotta, ja hinta on j\u00e4lleen laskenut. T\u00e4ll\u00e4 kertaa siit\u00e4 pyydet\u00e4\u00e4n 299 000 euroa.<\/p>\n<p class=\"article-content article-content-width !bg-background\">Mik\u00e4li Piritta k\u00e4ttelisi talokaupat tuolla hinnalla, h\u00e4nelle tulisi 163 000 euroa tappiota.<\/p>\n<p class=\"article-content article-content-width !bg-background\">Talosaagan pituutta kuvaa hyvin se, ett\u00e4 myyntiprosessin aikana Suomessa on vaihtunut presidentti ja Pirittakin on ehtinyt rakastua jo useampaan kertaan.<\/p>\n<p class=\"article-content article-content-width !bg-background\">H\u00e4nen nykyisin seurustelukumppaninsa on koripallojoukkue Susijengin p\u00e4\u00e4valmentaja , jonka kanssa Piritta on pit\u00e4nyt yht\u00e4 jo muutaman vuoden ajan.<\/p>\n<p>        <a itemprop=\"url\" href=\"https:\/\/www.seiska.fi\/kotimaa\/suomalaisturisti-yllattyi-piritta-ja-niklas-hagman-yhteisella-perhelomalla-turkissa-kuvat\/1341806\" rel=\"nofollow noopener\" target=\"_blank\"><\/p>\n<p class=\"section-date\">\n        <strong class=\"article-section\" data-section=\"kotimaa\"><br \/>\n            kotimaa<br \/>\n        <\/strong><br \/>\n        6.5.2024 13:50\n    <\/p>\n<p>Suomalaisturisti yll\u00e4ttyi: Piritta ja Niklas Hagman yhteisell\u00e4 perhelomalla Turkissa \u2013 kuvat!\n    <\/p>\n<p itemprop=\"description\" class=\"subtitle \">\n    Ex-julkkispariskunta nauttii parhaillaan lastensa kanssa kev\u00e4isest\u00e4 Turkista.\n<\/p>\n<p>        <\/a><\/p>\n","protected":false},"excerpt":{"rendered":"Piritta Hagman on myynyt Porissa sijaitsevaa omakotitaloaan jo viisi vuotta, ja nyt hinta on romahtanut alkuper\u00e4isest\u00e4 pyyntihinnasta. Talomyynnist\u00e4&hellip;\n","protected":false},"author":2,"featured_media":143676,"comment_status":"","ping_status":"","sticky":false,"template":"","format":"standard","meta":{"footnotes":""},"categories":[76],"tags":[79,77,33,31,30,7201,18755,14826,6366,10005,16895,2787,1240,32,1901,78],"class_list":{"0":"post-143675","1":"post","2":"type-post","3":"status-publish","4":"format-standard","5":"has-post-thumbnail","7":"category-talous","8":"tag-business","9":"tag-economy","10":"tag-fi","11":"tag-finland","12":"tag-finnish","13":"tag-kiekkoilija","14":"tag-lassi-tuovi","15":"tag-missi","16":"tag-niklas-hagman","17":"tag-omakotitalo","18":"tag-piritta-hagman","19":"tag-pori","20":"tag-raha","21":"tag-suomi","22":"tag-susijengi","23":"tag-talous"},"share_on_mastodon":{"url":"https:\/\/pubeurope.com\/@fi\/115903027273174985","error":""},"_links":{"self":[{"href":"https:\/\/www.europesays.com\/fi\/wp-json\/wp\/v2\/posts\/143675","targetHints":{"allow":["GET"]}}],"collection":[{"href":"https:\/\/www.europesays.com\/fi\/wp-json\/wp\/v2\/posts"}],"about":[{"href":"https:\/\/www.europesays.com\/fi\/wp-json\/wp\/v2\/types\/post"}],"author":[{"embeddable":true,"href":"https:\/\/www.europesays.com\/fi\/wp-json\/wp\/v2\/users\/2"}],"replies":[{"embeddable":true,"href":"https:\/\/www.europesays.com\/fi\/wp-json\/wp\/v2\/comments?post=143675"}],"version-history":[{"count":0,"href":"https:\/\/www.europesays.com\/fi\/wp-json\/wp\/v2\/posts\/143675\/revisions"}],"wp:featuredmedia":[{"embeddable":true,"href":"https:\/\/www.europesays.com\/fi\/wp-json\/wp\/v2\/media\/143676"}],"wp:attachment":[{"href":"https:\/\/www.europesays.com\/fi\/wp-json\/wp\/v2\/media?parent=143675"}],"wp:term":[{"taxonomy":"category","embeddable":true,"href":"https:\/\/www.europesays.com\/fi\/wp-json\/wp\/v2\/categories?post=143675"},{"taxonomy":"post_tag","embeddable":true,"href":"https:\/\/www.europesays.com\/fi\/wp-json\/wp\/v2\/tags?post=143675"}],"curies":[{"name":"wp","href":"https:\/\/api.w.org\/{rel}","templated":true}]}}