{"id":143681,"date":"2026-01-16T05:05:08","date_gmt":"2026-01-16T05:05:08","guid":{"rendered":"https:\/\/www.europesays.com\/fi\/143681\/"},"modified":"2026-01-16T05:05:08","modified_gmt":"2026-01-16T05:05:08","slug":"tampereelle-tulee-lukiolinja-johon-tampereella-koulunsa-kayneet-nuoret-eivat-paase-mista-on-kyse","status":"publish","type":"post","link":"https:\/\/www.europesays.com\/fi\/143681\/","title":{"rendered":"Tampereelle tulee lukiolinja, johon Tampereella koulunsa k\u00e4yneet nuoret eiv\u00e4t p\u00e4\u00e4se \u2013 mist\u00e4 on kyse?"},"content":{"rendered":"<p>Lukio englanniksi, maataloustuet, keilailu ja tuoksut. T\u00e4ss\u00e4 Aamupodin aiheet t\u00e4ll\u00e4 viikolla.<\/p>\n<p class=\"article-body mb-nof-24 px-nof-16\">Aamulehti<\/p>\n<p class=\"article-body mb-nof-24 px-nof-16\">Aamupodi iskee j\u00e4lleen p\u00f6yt\u00e4\u00e4n viikon puhuttavimmat aiheet. Mit\u00e4 pit\u00e4isi ajatella t\u00e4ysin englanninkielisest\u00e4 lukiolinjasta, joka <a class=\"underline underline-offset-[0.12em] [text-decoration-thickness:var(--generic-link-underline-thickness)] [text-decoration-color:var(--generic-link-underline-color)] [text-decoration-skip-ink:var(--generic-link-underline-skip-ink)] break-words\" href=\"https:\/\/www.aamulehti.fi\/tampere\/art-2000011743023.html\" rel=\"nofollow noopener\" target=\"_blank\">alkaa Tampereen Pyynikin lukiossa<\/a> elokuussa 2026? Kenelle se on tarkoitettu ja onko sille tarvetta?<\/p>\n<p class=\"article-body mb-nof-24 px-nof-16\">Aamulehti <a class=\"underline underline-offset-[0.12em] [text-decoration-thickness:var(--generic-link-underline-thickness)] [text-decoration-color:var(--generic-link-underline-color)] [text-decoration-skip-ink:var(--generic-link-underline-skip-ink)] break-words\" href=\"https:\/\/www.aamulehti.fi\/talous\/art-2000011733748.html\" rel=\"nofollow noopener\" target=\"_blank\">listasi<\/a> Pirkanmaan suurimmat maataloustukien saajat vuonna 2024. Yksi heist\u00e4 on kurulainen <a class=\"font-bold underline-offset-[0.12em] [text-decoration:var(--person-link-text-decoration)] ![text-decoration-color:var(--person-link-text-decoration-color)]\" href=\"https:\/\/www.aamulehti.fi\/haku\/?query=Mikko%20Rasi\" rel=\"nofollow noopener\" target=\"_blank\">Mikko Rasi<\/a>, joka sai tukia 440\u202f000 euroa. Aamulehden <a class=\"underline underline-offset-[0.12em] [text-decoration-thickness:var(--generic-link-underline-thickness)] [text-decoration-color:var(--generic-link-underline-color)] [text-decoration-skip-ink:var(--generic-link-underline-skip-ink)] break-words\" href=\"https:\/\/www.aamulehti.fi\/talous\/art-2000011258361.html\" rel=\"nofollow noopener\" target=\"_blank\">jutussa<\/a> h\u00e4n avaa maatalousyritt\u00e4j\u00e4n arkea ja tulonmuodostusta. Mit\u00e4 mielt\u00e4 raati on maataloustuista?<\/p>\n<p class=\"article-body mb-nof-24 px-nof-16\">Keilailun ymp\u00e4rill\u00e4 ry\u00f6ps\u00e4hti kiivas keskustelu, kun squashpelaaja <a class=\"font-bold underline-offset-[0.12em] [text-decoration:var(--person-link-text-decoration)] ![text-decoration-color:var(--person-link-text-decoration-color)]\" href=\"https:\/\/www.aamulehti.fi\/haku\/?query=Emilia%20Soini\" rel=\"nofollow noopener\" target=\"_blank\">Emilia Soini<\/a> <a class=\"underline underline-offset-[0.12em] [text-decoration-thickness:var(--generic-link-underline-thickness)] [text-decoration-color:var(--generic-link-underline-color)] [text-decoration-skip-ink:var(--generic-link-underline-skip-ink)] break-words\" href=\"https:\/\/www.aamulehti.fi\/urheilu\/art-2000011735305.html\" rel=\"nofollow noopener\" target=\"_blank\">lytt\u00e4si<\/a> keilaajien saamat urheilija-apurahat ja v\u00e4itti, ett\u00e4 keilailu ei ole edes urheilulaji. Onko keilailu huippu-urheilua ja pit\u00e4isik\u00f6 sit\u00e4 tukea?<\/p>\n<p class=\"article-body mb-nof-24 px-nof-16\">Lis\u00e4ksi keskustellaan <a class=\"underline underline-offset-[0.12em] [text-decoration-thickness:var(--generic-link-underline-thickness)] [text-decoration-color:var(--generic-link-underline-color)] [text-decoration-skip-ink:var(--generic-link-underline-skip-ink)] break-words\" href=\"https:\/\/www.aamulehti.fi\/moro\/art-2000011733200.html\" rel=\"nofollow noopener\" target=\"_blank\">Koskikeskuksessa puhjenneesta tuoksukohusta<\/a>.<\/p>\n<p class=\"article-body mb-nof-24 px-nof-16\">Kuuntele uusin jakso alta (kuunneltavissa my\u00f6s esimerkiksi <a class=\"underline underline-offset-[0.12em] [text-decoration-thickness:var(--generic-link-underline-thickness)] [text-decoration-color:var(--generic-link-underline-color)] [text-decoration-skip-ink:var(--generic-link-underline-skip-ink)] break-words font-bold\" href=\"https:\/\/open.spotify.com\/show\/6wy7wah5Sj2ichX3qvEomf\" rel=\"nofollow noopener\" target=\"_blank\">Spotifyssa<\/a>):<\/p>\n<p>Jakson aiheet:<\/p>\n<p class=\"article-body mb-nof-24 px-nof-16\">01:40: Uusi englanninkielinen lukiolinja Tampereella<\/p>\n<p class=\"article-body mb-nof-24 px-nof-16\">11:26: Maataloustuet \u2013 kyll\u00e4 vai ei?<\/p>\n<p class=\"article-body mb-nof-24 px-nof-16\">21:20: Keilauksen apurahakohu<\/p>\n<p class=\"article-body mb-nof-24 px-nof-16\">33:40: Koskikeskuksen tuoksukohu<\/p>\n<p class=\"article-body mb-nof-24 px-nof-16\">\u00c4\u00e4ness\u00e4 ovat toimittaja <a class=\"font-bold underline-offset-[0.12em] [text-decoration:var(--person-link-text-decoration)] ![text-decoration-color:var(--person-link-text-decoration-color)]\" href=\"https:\/\/www.aamulehti.fi\/haku\/?query=Ilari%20Lepp%C3%A4niemi\" rel=\"nofollow noopener\" target=\"_blank\">Ilari Lepp\u00e4niemi<\/a>, uutisp\u00e4\u00e4llikk\u00f6 <a class=\"font-bold underline-offset-[0.12em] [text-decoration:var(--person-link-text-decoration)] ![text-decoration-color:var(--person-link-text-decoration-color)]\" href=\"https:\/\/www.aamulehti.fi\/haku\/?query=Saara%20Tunturi\" rel=\"nofollow noopener\" target=\"_blank\">Saara Tunturi<\/a>, liven tuottaja <a class=\"font-bold underline-offset-[0.12em] [text-decoration:var(--person-link-text-decoration)] ![text-decoration-color:var(--person-link-text-decoration-color)]\" href=\"https:\/\/www.aamulehti.fi\/haku\/?query=Roosa%20Vanhanen\" rel=\"nofollow noopener\" target=\"_blank\">Roosa Vanhanen<\/a> ja liven ja kuvan p\u00e4\u00e4llikk\u00f6 <a class=\"font-bold underline-offset-[0.12em] [text-decoration:var(--person-link-text-decoration)] ![text-decoration-color:var(--person-link-text-decoration-color)]\" href=\"https:\/\/www.aamulehti.fi\/haku\/?query=Tuukka%20V%C3%A4lim%C3%A4ki\" rel=\"nofollow noopener\" target=\"_blank\">Tuukka V\u00e4lim\u00e4ki<\/a>.<\/p>\n<p class=\"article-body mb-nof-24 px-nof-16\">Aamupodi on Aamulehden perjantaisin ilmestyv\u00e4 viikkopodcast. Kaikki jaksot l\u00f6ytyv\u00e4t Aamulehden sivuilta ja uutissovelluksesta sek\u00e4 my\u00f6s <a class=\"underline underline-offset-[0.12em] [text-decoration-thickness:var(--generic-link-underline-thickness)] [text-decoration-color:var(--generic-link-underline-color)] [text-decoration-skip-ink:var(--generic-link-underline-skip-ink)] break-words\" href=\"https:\/\/www.supla.fi\/podcast\/aamupodi\" rel=\"nofollow noopener\" target=\"_blank\">Suplasta<\/a>, <a class=\"underline underline-offset-[0.12em] [text-decoration-thickness:var(--generic-link-underline-thickness)] [text-decoration-color:var(--generic-link-underline-color)] [text-decoration-skip-ink:var(--generic-link-underline-skip-ink)] break-words\" href=\"https:\/\/open.spotify.com\/show\/6wy7wah5Sj2ichX3qvEomf\" rel=\"nofollow noopener\" target=\"_blank\">Spotifysta<\/a> ja <a class=\"underline underline-offset-[0.12em] [text-decoration-thickness:var(--generic-link-underline-thickness)] [text-decoration-color:var(--generic-link-underline-color)] [text-decoration-skip-ink:var(--generic-link-underline-skip-ink)] break-words\" href=\"https:\/\/podcasts.apple.com\/fi\/podcast\/aamupodi\/id1785006665\" rel=\"nofollow noopener\" target=\"_blank\">Apple Podcasteista<\/a>.<\/p>\n","protected":false},"excerpt":{"rendered":"Lukio englanniksi, maataloustuet, keilailu ja tuoksut. T\u00e4ss\u00e4 Aamupodin aiheet t\u00e4ll\u00e4 viikolla. Aamulehti Aamupodi iskee j\u00e4lleen p\u00f6yt\u00e4\u00e4n viikon puhuttavimmat&hellip;\n","protected":false},"author":2,"featured_media":143682,"comment_status":"","ping_status":"","sticky":false,"template":"","format":"standard","meta":{"footnotes":""},"categories":[5],"tags":[157,22,23,26,27,33,31,30,17,24,25,28,29,15,18,21,32,19,20,16],"class_list":{"0":"post-143681","1":"post","2":"type-post","3":"status-publish","4":"format-standard","5":"has-post-thumbnail","7":"category-otsikot","8":"tag-aamulehti","9":"tag-breaking-news","10":"tag-breakingnews","11":"tag-featured-news","12":"tag-featurednews","13":"tag-fi","14":"tag-finland","15":"tag-finnish","16":"tag-headlines","17":"tag-latest-news","18":"tag-latestnews","19":"tag-main-news","20":"tag-mainnews","21":"tag-news","22":"tag-otsikot","23":"tag-paauutiset","24":"tag-suomi","25":"tag-top-stories","26":"tag-topstories","27":"tag-uutiset"},"share_on_mastodon":{"url":"https:\/\/pubeurope.com\/@fi\/115903038906448951","error":""},"_links":{"self":[{"href":"https:\/\/www.europesays.com\/fi\/wp-json\/wp\/v2\/posts\/143681","targetHints":{"allow":["GET"]}}],"collection":[{"href":"https:\/\/www.europesays.com\/fi\/wp-json\/wp\/v2\/posts"}],"about":[{"href":"https:\/\/www.europesays.com\/fi\/wp-json\/wp\/v2\/types\/post"}],"author":[{"embeddable":true,"href":"https:\/\/www.europesays.com\/fi\/wp-json\/wp\/v2\/users\/2"}],"replies":[{"embeddable":true,"href":"https:\/\/www.europesays.com\/fi\/wp-json\/wp\/v2\/comments?post=143681"}],"version-history":[{"count":0,"href":"https:\/\/www.europesays.com\/fi\/wp-json\/wp\/v2\/posts\/143681\/revisions"}],"wp:featuredmedia":[{"embeddable":true,"href":"https:\/\/www.europesays.com\/fi\/wp-json\/wp\/v2\/media\/143682"}],"wp:attachment":[{"href":"https:\/\/www.europesays.com\/fi\/wp-json\/wp\/v2\/media?parent=143681"}],"wp:term":[{"taxonomy":"category","embeddable":true,"href":"https:\/\/www.europesays.com\/fi\/wp-json\/wp\/v2\/categories?post=143681"},{"taxonomy":"post_tag","embeddable":true,"href":"https:\/\/www.europesays.com\/fi\/wp-json\/wp\/v2\/tags?post=143681"}],"curies":[{"name":"wp","href":"https:\/\/api.w.org\/{rel}","templated":true}]}}