{"id":143686,"date":"2026-01-16T05:20:08","date_gmt":"2026-01-16T05:20:08","guid":{"rendered":"https:\/\/www.europesays.com\/fi\/143686\/"},"modified":"2026-01-16T05:20:08","modified_gmt":"2026-01-16T05:20:08","slug":"etta-on-yksi-umk-kisaajista","status":"publish","type":"post","link":"https:\/\/www.europesays.com\/fi\/143686\/","title":{"rendered":"Etta on yksi UMK-kisaajista"},"content":{"rendered":"<p>Vuoden 2026 Uuden musiikin kilpailun seitsem\u00e4n kilpailijaa on julkistettu. He ovat <strong>Etta<\/strong>, <strong>Linda<\/strong> <strong>Lampenius<\/strong> &amp; <strong>Pete Parkkonen<\/strong>, <strong>Komiat<\/strong>, <strong>Sinikka Monte<\/strong>, <strong>Antti Paalanen<\/strong>, <strong>CHACHI<\/strong> ja <strong>KIKI<\/strong>.<\/p>\n<p>Lue my\u00f6s: <a href=\"https:\/\/www.como.fi\/uutiset\/umk-kisaajat-paljastuivat-ilmeisesti-ennakkoon-onko-kyseessa-tympeaa-laskelmointia-vai-ehta-moka\/\" title=\"UMK-kisaajat paljastuivat ilmeisesti ennakkoon \u2013 tympe\u00e4\u00e4 laskelmointia vai ehta moka?\" class=\"underline-custom !font-montserrat !font-bold !underline-offset-4 !decoration-4 !decoration-red-600 !text-md\" rel=\"nofollow noopener\" target=\"_blank\">UMK-kisaajat paljastuivat ilmeisesti ennakkoon \u2013 tympe\u00e4\u00e4 laskelmointia vai ehta moka?<\/a><\/p>\n<p>Kappaleet julkistetaan arkip\u00e4ivisin yksi kerrallaan alkaen t\u00e4st\u00e4 p\u00e4iv\u00e4st\u00e4 15. tammikuuta. Ensimm\u00e4inen niist\u00e4 on nyt julkaistu ja se on Etan kappale Million Dollar Smile.<\/p>\n<p>\u2013 Kappaleen teemana on lapsuuden kipu ja haasteet, sis\u00e4inen lapsi sek\u00e4 \u00e4idin rohkaisevat lauseet, kerrotaan UMK:n somejulkaisussa.<\/p>\n<p>Etta ei ole koskaan halunnut hakea UMK:hon \u201cv\u00e4kisin\u201d. Kappaleen piti olla juuri sopiva. UMK tuntuu Etan mukaan t\u00e4ydelliselt\u00e4 hetkelt\u00e4 k\u00e4\u00e4nt\u00e4\u00e4 uusi sivu, kerrotaan somejulkaisussa.<\/p>\n<p>\u2013 Mulla ei oo en\u00e4\u00e4 pelkoa j\u00e4ljell\u00e4. On vaan palo. Ja haluun n\u00e4ytt\u00e4\u00e4 suomalaisille kuka m\u00e4 oon oikeesti. Etta toivoo, ett\u00e4 Million dollar smile osuu ihmisten syd\u00e4meen juuri siksi, mit\u00e4 se h\u00e4nelle itselleen merkitsee, kertoo Etta.<\/p>\n<p><a href=\"https:\/\/www.instagram.com\/reel\/DThPfAgjZG2\/?utm_source=ig_web_copy_link&amp;igsh=MzRlODBiNWFlZA==\" target=\"_blank\" rel=\"noreferrer noopener nofollow\">P\u00e4tk\u00e4 Etan UMK-kappaleesta l\u00f6ytyy t\u00e4\u00e4lt\u00e4<\/a> ja t\u00e4st\u00e4 alta.<\/p>\n<p>Kappale on saanut t\u00e4llaisen vastaanoton<\/p>\n<p>Somejulkaisuun on tullut jo paljon kommentteja Etan UMK-kappaleesta.<\/p>\n<p>\u2013 Aivan v*tun kova biisi, voittajamateriaalia, kehuu joku.<\/p>\n<p>\u2013 Tykk\u00e4sin heti ensikuuntelusta, ja on tullut kuunneltua t\u00e4n\u00e4\u00e4n jo useamman kerran, kertoo yksi.<\/p>\n<p>\u2013 Yll\u00e4tti kyll\u00e4. Ei ehk\u00e4 ihan voittaja, mutta radiosoittoa tulee varmasti saamaan hyvin, toteaa er\u00e4s.<\/p>\n<p>\u2013 Ei oo euroviisuissa p\u00e4rj\u00e4\u00e4v\u00e4, kertoo joku. <\/p>\n<p>Suuri osa kommentoijista tuntuu pit\u00e4v\u00e4n Etan kappaleesta.<\/p>\n<p>Lue my\u00f6s: <a href=\"https:\/\/www.como.fi\/tilaa-comon-uutiskirje\/\" title=\"Tilaa Comon uutiskirje ja tied\u00e4t mist\u00e4 kahvitauolla puhutaan! Nappaa kotimaan tv-vinkit ja puheenaiheet suoraan s\u00e4hk\u00f6postiin t\u00e4st\u00e4.\" class=\"underline-custom !font-montserrat !font-bold !underline-offset-4 !decoration-4 !decoration-red-600 !text-md\" rel=\"nofollow noopener\" target=\"_blank\">Tilaa Comon uutiskirje ja tied\u00e4t mist\u00e4 kahvitauolla puhutaan! Nappaa kotimaan tv-vinkit ja puheenaiheet suoraan s\u00e4hk\u00f6postiin t\u00e4st\u00e4.<\/a><\/p>\n<p>\t\t\t\t<script async src=\"\/\/www.instagram.com\/embed.js\"><\/script><\/p>\n","protected":false},"excerpt":{"rendered":"Vuoden 2026 Uuden musiikin kilpailun seitsem\u00e4n kilpailijaa on julkistettu. He ovat Etta, Linda Lampenius &amp; Pete Parkkonen, Komiat,&hellip;\n","protected":false},"author":2,"featured_media":143687,"comment_status":"","ping_status":"","sticky":false,"template":"","format":"standard","meta":{"footnotes":""},"categories":[133],"tags":[137,24480,33,31,30,32,206,156,906,109],"class_list":{"0":"post-143686","1":"post","2":"type-post","3":"status-publish","4":"format-standard","5":"has-post-thumbnail","7":"category-televisiot","8":"tag-entertainment","9":"tag-etta","10":"tag-fi","11":"tag-finland","12":"tag-finnish","13":"tag-suomi","14":"tag-televisiot","15":"tag-tv","16":"tag-umk","17":"tag-viihde"},"share_on_mastodon":{"url":"https:\/\/pubeurope.com\/@fi\/115903097897466736","error":""},"_links":{"self":[{"href":"https:\/\/www.europesays.com\/fi\/wp-json\/wp\/v2\/posts\/143686","targetHints":{"allow":["GET"]}}],"collection":[{"href":"https:\/\/www.europesays.com\/fi\/wp-json\/wp\/v2\/posts"}],"about":[{"href":"https:\/\/www.europesays.com\/fi\/wp-json\/wp\/v2\/types\/post"}],"author":[{"embeddable":true,"href":"https:\/\/www.europesays.com\/fi\/wp-json\/wp\/v2\/users\/2"}],"replies":[{"embeddable":true,"href":"https:\/\/www.europesays.com\/fi\/wp-json\/wp\/v2\/comments?post=143686"}],"version-history":[{"count":0,"href":"https:\/\/www.europesays.com\/fi\/wp-json\/wp\/v2\/posts\/143686\/revisions"}],"wp:featuredmedia":[{"embeddable":true,"href":"https:\/\/www.europesays.com\/fi\/wp-json\/wp\/v2\/media\/143687"}],"wp:attachment":[{"href":"https:\/\/www.europesays.com\/fi\/wp-json\/wp\/v2\/media?parent=143686"}],"wp:term":[{"taxonomy":"category","embeddable":true,"href":"https:\/\/www.europesays.com\/fi\/wp-json\/wp\/v2\/categories?post=143686"},{"taxonomy":"post_tag","embeddable":true,"href":"https:\/\/www.europesays.com\/fi\/wp-json\/wp\/v2\/tags?post=143686"}],"curies":[{"name":"wp","href":"https:\/\/api.w.org\/{rel}","templated":true}]}}