{"id":143688,"date":"2026-01-16T05:24:09","date_gmt":"2026-01-16T05:24:09","guid":{"rendered":"https:\/\/www.europesays.com\/fi\/143688\/"},"modified":"2026-01-16T05:24:09","modified_gmt":"2026-01-16T05:24:09","slug":"gaalatuomio-wilma-murto-asteli-yllattavassa-seurassa-punaiselle-matolle","status":"publish","type":"post","link":"https:\/\/www.europesays.com\/fi\/143688\/","title":{"rendered":"Gaalatuomio: Wilma Murto asteli yll\u00e4tt\u00e4v\u00e4ss\u00e4 seurassa punaiselle matolle"},"content":{"rendered":"<p>IS perkaa Urheilugaalan t\u00e4rkeimm\u00e4t hetket.<\/p>\n<p class=\"article-body mb-nof-24 px-nof-16\">Suomalaisen urheilun kerma kokoontui torstaina Helsinkiin Veikkaus-areenaan viett\u00e4m\u00e4\u00e4n Urheilugaalaa. Paikalla ollut toimittaja <a class=\"font-bold underline-offset-[0.12em] [text-decoration:var(--person-link-text-decoration)] ![text-decoration-color:var(--person-link-text-decoration-color)]\" href=\"https:\/\/www.is.fi\/haku\/?query=Juho%20Niemist%C3%B6\" rel=\"nofollow noopener\" target=\"_blank\">Juho Niemist\u00f6<\/a> ja toimittaja <a class=\"font-bold underline-offset-[0.12em] [text-decoration:var(--person-link-text-decoration)] ![text-decoration-color:var(--person-link-text-decoration-color)]\" href=\"https:\/\/www.is.fi\/haku\/?query=Juuso%20Savilaakso\" rel=\"nofollow noopener\" target=\"_blank\">Juuso Savilaakso<\/a> jakavat tuomioita illan tapahtumista.<\/p>\n<p>Juho Niemist\u00f6T\u00e4hti<\/p>\n<p class=\"article-body mb-nof-24 px-nof-16\">Koripallo putsasi p\u00f6yd\u00e4n Urheilugaalassa. <a class=\"font-bold underline-offset-[0.12em] [text-decoration:var(--person-link-text-decoration)] ![text-decoration-color:var(--person-link-text-decoration-color)]\" href=\"https:\/\/www.is.fi\/haku\/?query=Lassi%20Tuovi\" rel=\"nofollow noopener\" target=\"_blank\">Lassi Tuovi<\/a> valittiin Vuoden valmentajaksi, <a class=\"font-bold underline-offset-[0.12em] [text-decoration:var(--person-link-text-decoration)] ![text-decoration-color:var(--person-link-text-decoration-color)]\" href=\"https:\/\/www.is.fi\/haku\/?query=Miikka%20Muurinen\" rel=\"nofollow noopener\" target=\"_blank\">Miikka Muurinen<\/a> Vuoden nuoreksi urheilijaksi ja miesten koripallomaajoukkue Vuoden joukkueeksi. Lis\u00e4ksi kolmen parhaan joukossa olivat <a class=\"font-bold underline-offset-[0.12em] [text-decoration:var(--person-link-text-decoration)] ![text-decoration-color:var(--person-link-text-decoration-color)]\" href=\"https:\/\/www.is.fi\/haku\/?query=Lauri%20Markkanen\" rel=\"nofollow noopener\" target=\"_blank\">Lauri Markkanen<\/a> (toinen Vuoden urheilija -\u00e4\u00e4nestyksess\u00e4) ja <a class=\"font-bold underline-offset-[0.12em] [text-decoration:var(--person-link-text-decoration)] ![text-decoration-color:var(--person-link-text-decoration-color)]\" href=\"https:\/\/www.is.fi\/haku\/?query=Elias%20Valtosen\" rel=\"nofollow noopener\" target=\"_blank\">Elias Valtosen<\/a> ratkaisuheitto Serbiaa vastaan EM-kisoissa (toinen Vuoden syk\u00e4hdytt\u00e4vin urheiluhetki -\u00e4\u00e4nestyksess\u00e4).<\/p>\n<p>Puheenaihe<\/p>\n<p class=\"article-body mb-nof-24 px-nof-16\"><a class=\"font-bold underline-offset-[0.12em] [text-decoration:var(--person-link-text-decoration)] ![text-decoration-color:var(--person-link-text-decoration-color)]\" href=\"https:\/\/www.is.fi\/haku\/?query=Wilma%20Murto\" rel=\"nofollow noopener\" target=\"_blank\">Wilma Murto<\/a> ei saapunut Urheilugaalaan kihlattunsa kanssa. Sen sijaan Murto k\u00e4veli punaiselle matolle vierell\u00e4\u00e4n painonnostaja <a class=\"font-bold underline-offset-[0.12em] [text-decoration:var(--person-link-text-decoration)] ![text-decoration-color:var(--person-link-text-decoration-color)]\" href=\"https:\/\/www.is.fi\/haku\/?query=Saara%20Retulainen\" rel=\"nofollow noopener\" target=\"_blank\">Saara Retulainen<\/a>. Murron kihlatun poissaoloa ei toki voi pit\u00e4\u00e4 yll\u00e4tyksen\u00e4, sen verran visusti seiv\u00e4shyppyt\u00e4hden puoliso on pit\u00e4ytynyt poissa julkisuudesta \u2013 ymm\u00e4rrett\u00e4v\u00e4sti.<\/p>\n<p>Yll\u00e4tys<\/p>\n<p class=\"article-body mb-nof-24 px-nof-16\">Yksi vuoden nuoren urheilijan <a class=\"font-bold underline-offset-[0.12em] [text-decoration:var(--person-link-text-decoration)] ![text-decoration-color:var(--person-link-text-decoration-color)]\" href=\"https:\/\/www.is.fi\/haku\/?query=Miikka%20Muurisen\" rel=\"nofollow noopener\" target=\"_blank\">Miikka Muurisen<\/a> tavaramerkeist\u00e4, h\u00e4nen hiustyylins\u00e4, onkin vain kopio. Muurisen veli <a class=\"font-bold underline-offset-[0.12em] [text-decoration:var(--person-link-text-decoration)] ![text-decoration-color:var(--person-link-text-decoration-color)]\" href=\"https:\/\/www.is.fi\/haku\/?query=Miska%20Muurinen\" rel=\"nofollow noopener\" target=\"_blank\">Miska Muurinen<\/a>, joka luottaa samaan hiustyyliin, paljasti Urheilugaalan mediatilassa pidetyss\u00e4 haastattelussa, ett\u00e4 itse asiassa hiustyyli oli alun perin h\u00e4nen ideansa. Nuorten SM-tasolla koripalloa pelaava Miska Muurinen, 15, on kuin ilmetty kopio isoveljest\u00e4\u00e4n.<\/p>\n<p><img decoding=\"async\" src=\"https:\/\/www.europesays.com\/fi\/wp-content\/uploads\/2026\/01\/1768541048_110_468.jpg\" alt=\"Miikka Muurisen Vuoden nuori urheilija -palkinnon pokkasivat h\u00e4nen puolestaan \u00e4iti Jenni Laaksonen ja pikkuveli Miska Muurinen.\" class=\"_Img_1rerz_1\" style=\"aspect-ratio:1.5\" loading=\"eager\"\/><\/p>\n<p class=\"article-picture-caption\">Miikka Muurisen Vuoden nuori urheilija -palkinnon pokkasivat h\u00e4nen puolestaan \u00e4iti Jenni Laaksonen ja pikkuveli Miska Muurinen. Kuva:\u00a0Rio Gandara \/ HS<\/p>\n<p>Moka<\/p>\n<p class=\"article-body mb-nof-24 px-nof-16\">Gaalan toinen osuus ja samalla Yle TV2:n suora l\u00e4hetys alkoi kiusallisella esityksell\u00e4, kun <a class=\"font-bold underline-offset-[0.12em] [text-decoration:var(--person-link-text-decoration)] ![text-decoration-color:var(--person-link-text-decoration-color)]\" href=\"https:\/\/www.is.fi\/haku\/?query=Stepa\" rel=\"nofollow noopener\" target=\"_blank\">Stepa<\/a> esitti kappaleensa Muhammad Ali yhdess\u00e4 laulaja <a class=\"font-bold underline-offset-[0.12em] [text-decoration:var(--person-link-text-decoration)] ![text-decoration-color:var(--person-link-text-decoration-color)]\" href=\"https:\/\/www.is.fi\/haku\/?query=Ainan\" rel=\"nofollow noopener\" target=\"_blank\">Ainan<\/a> kanssa. Ei mit\u00e4\u00e4n pois kappaleelta, mutta urheiluteemaiset sanoitukset kuten \u201dmieless\u00e4 mestaruus\u201d ja \u201dvalmiina taisteluun\u201d kuulostivat t\u00e4ss\u00e4 yhteydess\u00e4 todella korneilta. Kaiken lis\u00e4ksi kappaleen sanat p\u00e4\u00e4ttyiv\u00e4t kiusallisen pitk\u00e4\u00e4n kest\u00e4neisiin \u201dAli, Ali\u201d -kannustushuutoihin (joita ainakin itse luulin \u201dMaali, maali\u201d -huudoiksi).<\/p>\n<p>Tyyli<\/p>\n<p class=\"article-body mb-nof-24 px-nof-16\">En ole ihan varma, onko siisti\u00e4 vai vaivaannuttavaa ottaa palkinto vastaan suoran et\u00e4yhteyden v\u00e4lityksell\u00e4. Joka tapauksessa vuoden esikuvalta, freestylehiiht\u00e4j\u00e4 <a class=\"font-bold underline-offset-[0.12em] [text-decoration:var(--person-link-text-decoration)] ![text-decoration-color:var(--person-link-text-decoration-color)]\" href=\"https:\/\/www.is.fi\/haku\/?query=Anni%20K%C3%A4r%C3%A4v%C3%A4lt%C3%A4\" rel=\"nofollow noopener\" target=\"_blank\">Anni K\u00e4r\u00e4v\u00e4lt\u00e4<\/a> oli tyylik\u00e4s temppu seurata palkintonsa jakamista et\u00e4yhteyden p\u00e4\u00e4st\u00e4 Yhdysvalloista, vaikka h\u00e4n olisi ihan hyvin voinut tyyty\u00e4 l\u00e4hett\u00e4m\u00e4\u00e4n videotervehdyksen. Lis\u00e4ksi liveyhteyden p\u00e4\u00e4ss\u00e4 oli ainakin ampumahiiht\u00e4j\u00e4 <a class=\"font-bold underline-offset-[0.12em] [text-decoration:var(--person-link-text-decoration)] ![text-decoration-color:var(--person-link-text-decoration-color)]\" href=\"https:\/\/www.is.fi\/haku\/?query=Suvi%20Minkkinen\" rel=\"nofollow noopener\" target=\"_blank\">Suvi Minkkinen<\/a>.<\/p>\n<p>Juuso SavilaaksoT\u00e4hti<\/p>\n<p class=\"article-body mb-nof-24 px-nof-16\">Ehk\u00e4 hieman tyls\u00e4 vastaus, mutta lopulta <a class=\"font-bold underline-offset-[0.12em] [text-decoration:var(--person-link-text-decoration)] ![text-decoration-color:var(--person-link-text-decoration-color)]\" href=\"https:\/\/www.is.fi\/haku\/?query=Harri%20Heli%C3%B6vaara\" rel=\"nofollow noopener\" target=\"_blank\">Harri Heli\u00f6vaara<\/a> oli gaalan t\u00e4hti. Vuoden urheilija -\u00e4\u00e4nestyksen tulos jakaa ymm\u00e4rrett\u00e4v\u00e4sti mielipiteit\u00e4, mutta ei anneta sen himment\u00e4\u00e4 Heli\u00f6vaaran t\u00e4htihetke\u00e4. Ensimm\u00e4isen\u00e4 tennispelaajana pystin voittaneen puhe teki selv\u00e4ksi, miten paljon palkinto merkitsee h\u00e4nelle ja koko tennisyhteis\u00f6lle ylip\u00e4\u00e4t\u00e4\u00e4n.<\/p>\n<p><img decoding=\"async\" src=\"https:\/\/www.europesays.com\/fi\/wp-content\/uploads\/2026\/01\/1768541049_127_468.jpg\" alt=\"Harri Heli\u00f6vaara vastaanotti Vuoden urheilija -palkinnon et\u00e4yhteyden avulla.\" class=\"_Img_1rerz_1\" style=\"aspect-ratio:1.7777777777777777\" loading=\"eager\"\/><\/p>\n<p class=\"article-picture-caption\">Harri Heli\u00f6vaara vastaanotti Vuoden urheilija -palkinnon et\u00e4yhteyden avulla. Kuva:\u00a0Rio Gandara \/ HS<\/p>\n<p>Puheenaihe<\/p>\n<p class=\"article-body mb-nof-24 px-nof-16\">Kenties eniten porua aiheutti maratonin MM-vitosen <a class=\"font-bold underline-offset-[0.12em] [text-decoration:var(--person-link-text-decoration)] ![text-decoration-color:var(--person-link-text-decoration-color)]\" href=\"https:\/\/www.is.fi\/haku\/?query=Alisa%20Vainion\" rel=\"nofollow noopener\" target=\"_blank\">Alisa Vainion<\/a> j\u00e4\u00e4minen seitsem\u00e4nneksi Vuoden urheilija -\u00e4\u00e4nestyksess\u00e4. Sensaatiomaisen kauden t\u00e4hd\u00e4nnyt ja suksinut <a class=\"font-bold underline-offset-[0.12em] [text-decoration:var(--person-link-text-decoration)] ![text-decoration-color:var(--person-link-text-decoration-color)]\" href=\"https:\/\/www.is.fi\/haku\/?query=Suvi%20Minkkinen\" rel=\"nofollow noopener\" target=\"_blank\">Suvi Minkkinen<\/a> oli kuudes ja <a class=\"font-bold underline-offset-[0.12em] [text-decoration:var(--person-link-text-decoration)] ![text-decoration-color:var(--person-link-text-decoration-color)]\" href=\"https:\/\/www.is.fi\/haku\/?query=Saga%20Vanninen\" rel=\"nofollow noopener\" target=\"_blank\">Saga Vanninen<\/a> puolestaan viides. <a class=\"font-bold underline-offset-[0.12em] [text-decoration:var(--person-link-text-decoration)] ![text-decoration-color:var(--person-link-text-decoration-color)]\" href=\"https:\/\/www.is.fi\/haku\/?query=Tuuli%20Pet%C3%A4j%C3%A4-Sir%C3%A9n\" rel=\"nofollow noopener\" target=\"_blank\">Tuuli Pet\u00e4j\u00e4-Sir\u00e9n<\/a> on edellinen naisurheilija, joka on valittu Vuoden urheilijaksi, ja t\u00e4m\u00e4 tapahtui vuonna 2012. Joko ensi vuonna olisi j\u00e4lleen naisurheilijan vuoro?<\/p>\n<p>Yll\u00e4tys<\/p>\n<p class=\"article-body mb-nof-24 px-nof-16\">Gaalailtaa juontaneen urheilutoimittajan <a class=\"font-bold underline-offset-[0.12em] [text-decoration:var(--person-link-text-decoration)] ![text-decoration-color:var(--person-link-text-decoration-color)]\" href=\"https:\/\/www.is.fi\/haku\/?query=Laura%20Arffmanin\" rel=\"nofollow noopener\" target=\"_blank\">Laura Arffmanin<\/a> mekon mysteeri ratkesi illan aikana. Viel\u00e4 punaisella matolla Arffman kertoi, ett\u00e4 mekon oli tarkoitus menn\u00e4 jonain vuonna jollekulle artistille UMK:hon, mutta h\u00e4n ei tiennyt, kenelle. Ilmeisesti mekko oli tosiasiassa p\u00e4\u00e4ssyt kilpailuun asti, sill\u00e4 vuonna 2016 UMK:ssa kilpaillut <a class=\"font-bold underline-offset-[0.12em] [text-decoration:var(--person-link-text-decoration)] ![text-decoration-color:var(--person-link-text-decoration-color)]\" href=\"https:\/\/www.is.fi\/haku\/?query=Ylona\" rel=\"nofollow noopener\" target=\"_blank\">Ylona <\/a>kommentoi sen olevan h\u00e4nen Arffmanin Instagram-julkaisussa.<\/p>\n<p class=\"article-body mb-nof-24 px-nof-16\">\u2013 Kiitos! M\u00e4 en osannut kertoa t\u00e4t\u00e4 tarinaa oikein, kun kysyttiin. Iso anteeksipyynt\u00f6 jo t\u00e4ss\u00e4 kohtaa, Arffman pahoitteli artistille.<\/p>\n<p><img decoding=\"async\" src=\"https:\/\/www.europesays.com\/fi\/wp-content\/uploads\/2026\/01\/1768541049_822_468.jpg\" alt=\"Laura Arffman punaisella matolla juontajakollegoidensa Antti-Jussi Sipil\u00e4n ja Riku Salmisen kanssa.\" class=\"_Img_1rerz_1\" style=\"aspect-ratio:1.7777777777777777\" loading=\"eager\"\/><\/p>\n<p class=\"article-picture-caption\">Laura Arffman punaisella matolla juontajakollegoidensa Antti-Jussi Sipil\u00e4n ja Riku Salmisen kanssa. Kuva:\u00a0Rio Gandara \/ HS<\/p>\n<p>Moka<\/p>\n<p class=\"article-body mb-nof-24 px-nof-16\">T\u00e4m\u00e4 saattoi menn\u00e4 monilta ohi. Olympiakomitean puheenjohtaja <a class=\"font-bold underline-offset-[0.12em] [text-decoration:var(--person-link-text-decoration)] ![text-decoration-color:var(--person-link-text-decoration-color)]\" href=\"https:\/\/www.is.fi\/haku\/?query=Petteri%20Kilpinen\" rel=\"nofollow noopener\" target=\"_blank\">Petteri Kilpinen<\/a> julkisti gaalan alkupuolella urheilijoita, joille jaetaan 10 000 euroa tukirahaa. Lavalla seissyt Kilpinen mainitsi yhteens\u00e4 yhdeks\u00e4n urheilijan nimet, mutta t\u00e4m\u00e4n aikana gaalassa tapahtui kiusallinen lapsus. Suurelle n\u00e4yt\u00f6lle heijastettiin nimitt\u00e4in j\u00e4\u00e4kiekkoilija <a class=\"font-bold underline-offset-[0.12em] [text-decoration:var(--person-link-text-decoration)] ![text-decoration-color:var(--person-link-text-decoration-color)]\" href=\"https:\/\/www.is.fi\/haku\/?query=Tinja%20Tapanin\" rel=\"nofollow noopener\" target=\"_blank\">Tinja Tapanin<\/a> kuva, vaikka Kilpinen ei koskaan edes maininnut h\u00e4nen nime\u00e4\u00e4n. Se j\u00e4\u00e4k\u00f6\u00f6n arvoitukseksi, saako Tapani kymppitonnistaan.<\/p>\n<p>Tyyli<\/p>\n<p class=\"article-body mb-nof-24 px-nof-16\">Koripalloj\u00e4tti <a class=\"font-bold underline-offset-[0.12em] [text-decoration:var(--person-link-text-decoration)] ![text-decoration-color:var(--person-link-text-decoration-color)]\" href=\"https:\/\/www.is.fi\/haku\/?query=Hanno%20M%C3%B6tt%C3%B6l%C3%A4\" rel=\"nofollow noopener\" target=\"_blank\">Hanno M\u00f6tt\u00f6l\u00e4<\/a> joutui kiusalliseen paikkaan, kun mikrofoni oli h\u00e4nelle selv\u00e4sti liian matala palkinnonjaon aikana. 209-senttinen M\u00f6tt\u00f6l\u00e4 otti tilanteen kuitenkin kunniakkaasti haltuun ja laittoi gaalav\u00e4en nauramaan manaamalla \u201dklassikoksi\u201d muodostunutta ongelmaa.<\/p>\n","protected":false},"excerpt":{"rendered":"IS perkaa Urheilugaalan t\u00e4rkeimm\u00e4t hetket. Suomalaisen urheilun kerma kokoontui torstaina Helsinkiin Veikkaus-areenaan viett\u00e4m\u00e4\u00e4n Urheilugaalaa. Paikalla ollut toimittaja Juho&hellip;\n","protected":false},"author":2,"featured_media":143689,"comment_status":"","ping_status":"","sticky":false,"template":"","format":"standard","meta":{"footnotes":""},"categories":[158],"tags":[33,31,30,34,159,32,160],"class_list":{"0":"post-143688","1":"post","2":"type-post","3":"status-publish","4":"format-standard","5":"has-post-thumbnail","7":"category-urheilu","8":"tag-fi","9":"tag-finland","10":"tag-finnish","11":"tag-ilta-sanomat","12":"tag-sports","13":"tag-suomi","14":"tag-urheilu"},"share_on_mastodon":{"url":"https:\/\/pubeurope.com\/@fi\/115903113731074754","error":""},"_links":{"self":[{"href":"https:\/\/www.europesays.com\/fi\/wp-json\/wp\/v2\/posts\/143688","targetHints":{"allow":["GET"]}}],"collection":[{"href":"https:\/\/www.europesays.com\/fi\/wp-json\/wp\/v2\/posts"}],"about":[{"href":"https:\/\/www.europesays.com\/fi\/wp-json\/wp\/v2\/types\/post"}],"author":[{"embeddable":true,"href":"https:\/\/www.europesays.com\/fi\/wp-json\/wp\/v2\/users\/2"}],"replies":[{"embeddable":true,"href":"https:\/\/www.europesays.com\/fi\/wp-json\/wp\/v2\/comments?post=143688"}],"version-history":[{"count":0,"href":"https:\/\/www.europesays.com\/fi\/wp-json\/wp\/v2\/posts\/143688\/revisions"}],"wp:featuredmedia":[{"embeddable":true,"href":"https:\/\/www.europesays.com\/fi\/wp-json\/wp\/v2\/media\/143689"}],"wp:attachment":[{"href":"https:\/\/www.europesays.com\/fi\/wp-json\/wp\/v2\/media?parent=143688"}],"wp:term":[{"taxonomy":"category","embeddable":true,"href":"https:\/\/www.europesays.com\/fi\/wp-json\/wp\/v2\/categories?post=143688"},{"taxonomy":"post_tag","embeddable":true,"href":"https:\/\/www.europesays.com\/fi\/wp-json\/wp\/v2\/tags?post=143688"}],"curies":[{"name":"wp","href":"https:\/\/api.w.org\/{rel}","templated":true}]}}