{"id":143694,"date":"2026-01-16T05:29:07","date_gmt":"2026-01-16T05:29:07","guid":{"rendered":"https:\/\/www.europesays.com\/fi\/143694\/"},"modified":"2026-01-16T05:29:07","modified_gmt":"2026-01-16T05:29:07","slug":"trumpin-nimittama-lahettilas-vitsaili-islannin-liittamisella-yhdysvaltoihin","status":"publish","type":"post","link":"https:\/\/www.europesays.com\/fi\/143694\/","title":{"rendered":"Trumpin nimitt\u00e4m\u00e4 l\u00e4hettil\u00e4s vitsaili Islannin liitt\u00e4misell\u00e4 Yhdysvaltoihin"},"content":{"rendered":"<p>Islanti|Billy Long pyysi kommenttejaan anteeksi Arctic Today -mediassa.<\/p>\n<p class=\"article-body mb-nof-24 px-nof-16\">Yhdysvaltojen mahdollinen tuleva Islannin-suurl\u00e4hettil\u00e4s on her\u00e4tt\u00e4nyt Islannissa paheksuntaa vitsailtuaan maan liitt\u00e4misell\u00e4 Yhdysvaltoihin. Aiheesta <a class=\"underline underline-offset-[0.12em] [text-decoration-thickness:var(--generic-link-underline-thickness)] [text-decoration-color:var(--generic-link-underline-color)] [text-decoration-skip-ink:var(--generic-link-underline-skip-ink)] break-words\" href=\"https:\/\/www.ruv.is\/frettir\/erlent\/2026-01-15-bidst-afsokunar-a-grini-um-ad-island-verdi-hluti-af-bandarikjunum-463862\" rel=\"nofollow noopener\" target=\"_blank\">kirjoittaa<\/a> muun muassa Islannin yleisradio R\u00daV.<\/p>\n<p class=\"article-body mb-nof-24 px-nof-16\">Politiikkaan keskittyv\u00e4 verkkojulkaisu Politico kertoi keskiviikkona <a class=\"underline underline-offset-[0.12em] [text-decoration-thickness:var(--generic-link-underline-thickness)] [text-decoration-color:var(--generic-link-underline-color)] [text-decoration-skip-ink:var(--generic-link-underline-skip-ink)] break-words\" href=\"https:\/\/www.politico.com\/newsletters\/inside-congress\/2026\/01\/14\/more-floor-meltdowns-threaten-funding-bills-00727023\" rel=\"nofollow noopener\" target=\"_blank\">uutiskirjeess\u00e4\u00e4n<\/a> <a class=\"font-bold underline-offset-[0.12em] [text-decoration:var(--person-link-text-decoration)] ![text-decoration-color:var(--person-link-text-decoration-color)]\" href=\"https:\/\/www.hs.fi\/haku\/?query=Billy%20Longin\" rel=\"nofollow noopener\" target=\"_blank\">Billy Longin<\/a> vitsailleen poliitikoiden kesken, ett\u00e4 Islannista tulee Yhdysvaltain 52. osavaltio ja h\u00e4nest\u00e4 sen kuvern\u00f6\u00f6ri.<\/p>\n<p class=\"article-body mb-nof-24 px-nof-16\">Long on entinen edustajainhuoneen j\u00e4sen. Presidentti <a class=\"font-bold underline-offset-[0.12em] [text-decoration:var(--person-link-text-decoration)] ![text-decoration-color:var(--person-link-text-decoration-color)]\" href=\"https:\/\/www.hs.fi\/haku\/?query=Donald%20Trumpin\" rel=\"nofollow noopener\" target=\"_blank\">Donald Trumpin<\/a> nimityst\u00e4 Islannin-l\u00e4hettil\u00e4\u00e4ksi ei ole vahvistettu senaatissa.<\/p>\n<p class=\"article-body mb-nof-24 px-nof-16\">Longin kommentit saivat tuhannet islantilaiset allekirjoittamaan <a class=\"underline underline-offset-[0.12em] [text-decoration-thickness:var(--generic-link-underline-thickness)] [text-decoration-color:var(--generic-link-underline-color)] [text-decoration-skip-ink:var(--generic-link-underline-skip-ink)] break-words\" href=\"https:\/\/island.is\/undirskriftalistar\/915fdb39-dad8-4b98-86a1-da6db479775c\" rel=\"nofollow noopener\" target=\"_blank\">vaatimuksen<\/a> Longin nimityksen torjumisesta. Islannin ulkoministeri\u00f6 kertoi <a class=\"underline underline-offset-[0.12em] [text-decoration-thickness:var(--generic-link-underline-thickness)] [text-decoration-color:var(--generic-link-underline-color)] [text-decoration-skip-ink:var(--generic-link-underline-skip-ink)] break-words\" href=\"https:\/\/www.theguardian.com\/world\/2026\/jan\/15\/anger-iceland-incoming-us-ambassador-52nd-state-joke\" rel=\"nofollow noopener\" target=\"_blank\">The Guardianille<\/a> vaatineensa Yhdysvaltain-l\u00e4hetyst\u00f6lt\u00e4 selityst\u00e4 tapaukselle.<\/p>\n<p class=\"article-body mb-nof-24 px-nof-16\">Long itse pyysi arktista aluetta seuraavan <a class=\"underline underline-offset-[0.12em] [text-decoration-thickness:var(--generic-link-underline-thickness)] [text-decoration-color:var(--generic-link-underline-color)] [text-decoration-skip-ink:var(--generic-link-underline-skip-ink)] break-words\" href=\"https:\/\/www.arctictoday.com\/trumps-iceland-ambassador-pick-apologizes-for-52nd-state-comment\/\" rel=\"nofollow noopener\" target=\"_blank\">Arctic Today<\/a> -median haastattelussa tapausta anteeksi.<\/p>\n<p class=\"article-body mb-nof-24 px-nof-16\">\u201dOdotan islantilaisten kanssa ty\u00f6skentely\u00e4 innolla, ja pyyd\u00e4n anteeksi, ett\u00e4 kommenttini otettiin tuolla tavalla. Vitsailin asiasta yst\u00e4vien kesken, siin\u00e4 ei ollut mit\u00e4\u00e4n vakavaa\u201d, h\u00e4n sanoi lehdelle.<\/p>\n<p class=\"article-body mb-nof-24 px-nof-16\">Longin mukaan tilanne liittyi siihen, ett\u00e4 h\u00e4n oli tuttaviensa kanssa vitsaillut ensin siit\u00e4, ett\u00e4 Trumpin nimitt\u00e4m\u00e4st\u00e4 Gr\u00f6nlannin-erityisedustajasta tulisi Gr\u00f6nlannin kuvern\u00f6\u00f6ri.<\/p>\n<p class=\"article-body mb-nof-24 px-nof-16\">Trump on viime aikoina uhkaillut j\u00e4lleen haluavansa saada Gr\u00f6nlannin osaksi Yhdysvaltoja. Gr\u00f6nlanti on Tanskalle kuuluva itsehallintoalue.<\/p>\n<p class=\"article-body mb-nof-24 px-nof-16\">Uhkailu on her\u00e4tt\u00e4nyt laajaa huolta paitsi Gr\u00f6nlannissa ja Tanskassa my\u00f6s muualla Euroopassa. Suomikin on ilmoittanut l\u00e4hett\u00e4v\u00e4ns\u00e4 Gr\u00f6nlantiin <a class=\"underline underline-offset-[0.12em] [text-decoration-thickness:var(--generic-link-underline-thickness)] [text-decoration-color:var(--generic-link-underline-color)] [text-decoration-skip-ink:var(--generic-link-underline-skip-ink)] break-words\" href=\"https:\/\/www.hs.fi\/maailma\/art-2000011752039.html\" rel=\"nofollow noopener\" target=\"_blank\">kaksi yhteysupseeria<\/a>.<\/p>\n<p class=\"article-body mb-nof-24 px-nof-16\">Gr\u00f6nlannin vieress\u00e4 sijaitsevalla Islannilla ei ole omaa armeijaa, vaan sen puolustamisesta vastaa Nato.<\/p>\n","protected":false},"excerpt":{"rendered":"Islanti|Billy Long pyysi kommenttejaan anteeksi Arctic Today -mediassa. Yhdysvaltojen mahdollinen tuleva Islannin-suurl\u00e4hettil\u00e4s on her\u00e4tt\u00e4nyt Islannissa paheksuntaa vitsailtuaan maan&hellip;\n","protected":false},"author":2,"featured_media":143695,"comment_status":"","ping_status":"","sticky":false,"template":"","format":"standard","meta":{"footnotes":""},"categories":[14],"tags":[22,23,26,27,33,31,30,17,46,24,25,28,29,15,18,21,32,19,20,56,16,59,60,61],"class_list":{"0":"post-143694","1":"post","2":"type-post","3":"status-publish","4":"format-standard","5":"has-post-thumbnail","7":"category-ulkomaat","8":"tag-breaking-news","9":"tag-breakingnews","10":"tag-featured-news","11":"tag-featurednews","12":"tag-fi","13":"tag-finland","14":"tag-finnish","15":"tag-headlines","16":"tag-helsingin-sanomat","17":"tag-latest-news","18":"tag-latestnews","19":"tag-main-news","20":"tag-mainnews","21":"tag-news","22":"tag-otsikot","23":"tag-paauutiset","24":"tag-suomi","25":"tag-top-stories","26":"tag-topstories","27":"tag-ulkomaat","28":"tag-uutiset","29":"tag-world","30":"tag-world-news","31":"tag-worldnews"},"share_on_mastodon":{"url":"https:\/\/pubeurope.com\/@fi\/115903133333559290","error":""},"_links":{"self":[{"href":"https:\/\/www.europesays.com\/fi\/wp-json\/wp\/v2\/posts\/143694","targetHints":{"allow":["GET"]}}],"collection":[{"href":"https:\/\/www.europesays.com\/fi\/wp-json\/wp\/v2\/posts"}],"about":[{"href":"https:\/\/www.europesays.com\/fi\/wp-json\/wp\/v2\/types\/post"}],"author":[{"embeddable":true,"href":"https:\/\/www.europesays.com\/fi\/wp-json\/wp\/v2\/users\/2"}],"replies":[{"embeddable":true,"href":"https:\/\/www.europesays.com\/fi\/wp-json\/wp\/v2\/comments?post=143694"}],"version-history":[{"count":0,"href":"https:\/\/www.europesays.com\/fi\/wp-json\/wp\/v2\/posts\/143694\/revisions"}],"wp:featuredmedia":[{"embeddable":true,"href":"https:\/\/www.europesays.com\/fi\/wp-json\/wp\/v2\/media\/143695"}],"wp:attachment":[{"href":"https:\/\/www.europesays.com\/fi\/wp-json\/wp\/v2\/media?parent=143694"}],"wp:term":[{"taxonomy":"category","embeddable":true,"href":"https:\/\/www.europesays.com\/fi\/wp-json\/wp\/v2\/categories?post=143694"},{"taxonomy":"post_tag","embeddable":true,"href":"https:\/\/www.europesays.com\/fi\/wp-json\/wp\/v2\/tags?post=143694"}],"curies":[{"name":"wp","href":"https:\/\/api.w.org\/{rel}","templated":true}]}}