{"id":143696,"date":"2026-01-16T05:30:13","date_gmt":"2026-01-16T05:30:13","guid":{"rendered":"https:\/\/www.europesays.com\/fi\/143696\/"},"modified":"2026-01-16T05:30:13","modified_gmt":"2026-01-16T05:30:13","slug":"suomen-kansalainen-pyrki-luvattomasti-maaston-kautta-venajalle-imatralla-etela-karjala","status":"publish","type":"post","link":"https:\/\/www.europesays.com\/fi\/143696\/","title":{"rendered":"Suomen kansalainen pyrki luvattomasti maaston kautta Ven\u00e4j\u00e4lle Imatralla | Etel\u00e4-Karjala"},"content":{"rendered":"<p class=\"aw-1gybjub aw-5vja16 kEtdKx kmuxyA yle__article__paragraph\">Henkil\u00f6 otettiin kiinni it\u00e4rajan esteaidan luona valvontaj\u00e4rjestelm\u00e4n tuottaman h\u00e4lytyksen perusteella.<\/p>\n<p><img decoding=\"async\" alt=\"Vasta valmistunutta raja-aitaa Imatran R\u00e4ikk\u00f6l\u00e4ss\u00e4.\" src=\"https:\/\/www.europesays.com\/fi\/wp-content\/uploads\/2026\/01\/39-152286468c7d3315296a.jpeg\" class=\"aw-1l9m598 hKVVvP\"\/><\/p>\n<p>Avaa kuvien katselu<\/p>\n<p>It\u00e4rajan esteaita Imatralla. Arkistokuva syyskuulta 2025. Kuva: Kare Lehtonen \/ Yle<\/p>\n<p class=\"aw-1gybjub aw-1p7kakr kEtdKx cEmitX yle__article__paragraph\">Kaakkois-Suomen rajavartiosto esti yhden ihmisen luvattoman rajanylityksen Suomesta Ven\u00e4j\u00e4lle varhain torstaiaamuna Imatralla.<\/p>\n<p class=\"aw-1gybjub aw-1p7kakr kEtdKx cEmitX yle__article__paragraph\">Henkil\u00f6 otettiin kiinni it\u00e4rajan esteaidan luona valvontaj\u00e4rjestelm\u00e4n tuottaman h\u00e4lytyksen perusteella. Henkil\u00f6 on Suomen kansalainen.<\/p>\n<p class=\"aw-1gybjub aw-1p7kakr kEtdKx cEmitX yle__article__paragraph\">Kaakkois-Suomen alueen rajavaltuutettu on ollut yhteydess\u00e4 Ven\u00e4j\u00e4n Viipurin alueen rajavaltuutettuun tapauksen johdosta.<\/p>\n<p class=\"aw-1gybjub aw-1p7kakr kEtdKx cEmitX yle__article__paragraph\">Kaakkois-Suomen rajavartiosto jatkaa tapauksen selvitt\u00e4mist\u00e4.<\/p>\n","protected":false},"excerpt":{"rendered":"Henkil\u00f6 otettiin kiinni it\u00e4rajan esteaidan luona valvontaj\u00e4rjestelm\u00e4n tuottaman h\u00e4lytyksen perusteella. Avaa kuvien katselu It\u00e4rajan esteaita Imatralla. Arkistokuva syyskuulta&hellip;\n","protected":false},"author":2,"featured_media":143697,"comment_status":"","ping_status":"","sticky":false,"template":"","format":"standard","meta":{"footnotes":""},"categories":[12],"tags":[22,23,1302,26,27,33,31,30,17,736,24604,71,24,25,28,29,15,18,21,4272,5465,32,19,20,546,16],"class_list":{"0":"post-143696","1":"post","2":"type-post","3":"status-publish","4":"format-standard","5":"has-post-thumbnail","7":"category-suomi","8":"tag-breaking-news","9":"tag-breakingnews","10":"tag-etela-karjala","11":"tag-featured-news","12":"tag-featurednews","13":"tag-fi","14":"tag-finland","15":"tag-finnish","16":"tag-headlines","17":"tag-imatra","18":"tag-kaakkois-suomi","19":"tag-kotimaa","20":"tag-latest-news","21":"tag-latestnews","22":"tag-main-news","23":"tag-mainnews","24":"tag-news","25":"tag-otsikot","26":"tag-paauutiset","27":"tag-rajavalvonta","28":"tag-rajavartiolaitos","29":"tag-suomi","30":"tag-top-stories","31":"tag-topstories","32":"tag-turvallisuus","33":"tag-uutiset"},"share_on_mastodon":{"url":"https:\/\/pubeurope.com\/@fi\/115903137287062317","error":""},"_links":{"self":[{"href":"https:\/\/www.europesays.com\/fi\/wp-json\/wp\/v2\/posts\/143696","targetHints":{"allow":["GET"]}}],"collection":[{"href":"https:\/\/www.europesays.com\/fi\/wp-json\/wp\/v2\/posts"}],"about":[{"href":"https:\/\/www.europesays.com\/fi\/wp-json\/wp\/v2\/types\/post"}],"author":[{"embeddable":true,"href":"https:\/\/www.europesays.com\/fi\/wp-json\/wp\/v2\/users\/2"}],"replies":[{"embeddable":true,"href":"https:\/\/www.europesays.com\/fi\/wp-json\/wp\/v2\/comments?post=143696"}],"version-history":[{"count":0,"href":"https:\/\/www.europesays.com\/fi\/wp-json\/wp\/v2\/posts\/143696\/revisions"}],"wp:featuredmedia":[{"embeddable":true,"href":"https:\/\/www.europesays.com\/fi\/wp-json\/wp\/v2\/media\/143697"}],"wp:attachment":[{"href":"https:\/\/www.europesays.com\/fi\/wp-json\/wp\/v2\/media?parent=143696"}],"wp:term":[{"taxonomy":"category","embeddable":true,"href":"https:\/\/www.europesays.com\/fi\/wp-json\/wp\/v2\/categories?post=143696"},{"taxonomy":"post_tag","embeddable":true,"href":"https:\/\/www.europesays.com\/fi\/wp-json\/wp\/v2\/tags?post=143696"}],"curies":[{"name":"wp","href":"https:\/\/api.w.org\/{rel}","templated":true}]}}