{"id":143698,"date":"2026-01-16T05:31:08","date_gmt":"2026-01-16T05:31:08","guid":{"rendered":"https:\/\/www.europesays.com\/fi\/143698\/"},"modified":"2026-01-16T05:31:08","modified_gmt":"2026-01-16T05:31:08","slug":"loppuunmyyty-avaus-ennen-ei-olisi-ollut","status":"publish","type":"post","link":"https:\/\/www.europesays.com\/fi\/143698\/","title":{"rendered":"Loppuunmyyty avaus \u2013 ennen ei olisi ollut"},"content":{"rendered":"<p>Kotimainen jalkapallokausi k\u00e4ynnistyy perjantaina HJK:n is\u00e4nn\u00f6idess\u00e4 IFK Mariehamnia kauden 2026 Liigacupin avausottelussa. Talin hallissa pelattava ottelu on HJK:n ilmoituksen mukaan loppuunmyyty.<\/p>\n<p>Toki Talin hallin yleis\u00f6kapasiteetti py\u00f6rii vain 500 katsojassa, joten ihan megaluokan yleis\u00f6tapahtumasta ei ole kyse. \u201dLoppuunmyytykin\u201d on hiukan harmaanjohtava termi, sill\u00e4 yht\u00e4\u00e4n p\u00e4\u00e4sylippua ei oikeasti ollut myynniss\u00e4 HJK:n kausikorttilaisten lunastettua katsomopaikat viimeist\u00e4 my\u00f6ten itselleen.<\/p>\n<p>Ihan merkitykset\u00f6nt\u00e4 tuon ottelun pelaaminen t\u00e4yden katsomon edess\u00e4 ei kuitenkaan ole. Ajassa ei tarvitse menn\u00e4 kovinkaan paljon taaksep\u00e4in, kun tammikuun puoliv\u00e4liss\u00e4 pelattu halliottelua olisi vaivautunut paikan p\u00e4\u00e4lle seuraamaan ehk\u00e4 juuri ja juuri kolminumeroiselle luvulle ylt\u00e4nyt m\u00e4\u00e4r\u00e4 katsojia. 500 on huomattavasti enemm\u00e4n, eik\u00e4 kukaan toki tied\u00e4 paljonko katsojia olisi paikan p\u00e4\u00e4lle ollut tulossa, jos kapasiteetti olisi antanut my\u00f6ten.<\/p>\n<p>Liigacup on toki eri asia kuin puhdas harjoitusottelu, mutta se ei yksist\u00e4\u00e4n \u2013 tuskin edes ensisijaisesti \u2013 selit\u00e4 sit\u00e4, miksi ottelu kiinnostaa niinkin paljon kuin se n\u00e4ytt\u00e4\u00e4 kiinnostavan. Enemm\u00e4n kyse on asenteiden muuttumisesta, jota voisi hyvin kutsua my\u00f6s kulttuuriksi.<\/p>\n<p>Pitk\u00e4\u00e4n sitke\u00e4n\u00e4 el\u00e4nyt k\u00e4sitys kotimaisesta jalkapallosta lajina, jolle voi korvaansa lotkauttaa joskus huhtikuun alussa ensimm\u00e4isen kerran ja vaipua talviuneen taas hyviss\u00e4 ajoin syksyll\u00e4, alkaa olla mennytt\u00e4. Jokainen Talin hallissa tiet\u00e4\u00e4 taatusti perjantaina, ett\u00e4 aikaa Veikkausliigakauden alkuun oin viel\u00e4 yli kaksi kuukautta, mutta nyky\u00e4\u00e4n kyse alkaa olla \u201dvain\u201d kahdesta kuukaudesta.<\/p>\n<p>Mit\u00e4 perjantaina on tarjolla?<\/p>\n<p>Muutos kotimaisessa jalkapallossa on viime vuosikymmenten aikana ollut iso siin\u00e4 mieless\u00e4, ett\u00e4 ty\u00f6 seuroissa jatkuu todella ymp\u00e4ri vuoden. Veikkausliigakauden 2025 p\u00e4\u00e4ttymisest\u00e4 on aikaa hiukan yli kaksi kuukautta ja jo vilkaisu siirtolistoihin kertoo sen, ett\u00e4 seuroissa ei ole t\u00e4t\u00e4 aikaa todellakaan nukuttu. T\u00e4h\u00e4n toki vaikuttaa sekin, ett\u00e4 Veikkausliiga on ammattilaissarja ja nyky\u00e4\u00e4n se on sit\u00e4 muutenkin kuin nimellisesti. Toimiston sen enemp\u00e4\u00e4 kuin harjoituskent\u00e4nk\u00e4\u00e4n ovea ei kauden j\u00e4lkeen sys\u00e4t\u00e4 takalukkoon, vaan toiminta jatkuu heti kohti uutta kautta.<\/p>\n<p>T\u00e4m\u00e4n my\u00f6t\u00e4 Liigacupin avaus ei ole varsinaisesti kauden avaus. Enemm\u00e4n se on alkavan kauden ensimm\u00e4inen esittelytilaisuus kannattajille ja kaikille jalkapallosta kiinnostuneille. Uusia pelaajia on mahdollisuus n\u00e4hd\u00e4 ensimm\u00e4isen kerran, joku testipelaaja tai muutamakin saattaa suorittaa my\u00f6s ensiesiintymisens\u00e4 ja vaikka nyt perjantaina HJK:n tapauksessa kyseess\u00e4 on p\u00e4\u00e4valmentaja <strong>Joonas Rantasen<\/strong> debyytti. <strong>Alfie Cicale<\/strong> ensi kertaa Klubin v\u00e4reiss\u00e4, <strong>Adam Larsson <\/strong>Gr\u00f6nvitt-paitaan palanneena\u2026 lista on pitk\u00e4 ja ulottuu aina IFK Mariehamnin uuden ilmeen mukaisen peliasun ensiesiintymiseen kent\u00e4ll\u00e4.<\/p>\n<p>T\u00e4m\u00e4 kaikki antaa my\u00f6s mahdollisuuden aloittaa spekuloinnit tulevasta ennen kuin lumet alkavat sulaa. Paljon ennen. On t\u00e4ysin selv\u00e4\u00e4, ett\u00e4 perjantain ottelu ei anna kovinkaan selke\u00e4\u00e4 kuvaa kummankaan joukkueen todellisesta iskukyvyst\u00e4 kauden mittaan, mutta keskustelunaiheita se antaa \u2013 pohjaa spekuloinnille j\u00e4lkipeleiss\u00e4, ty\u00f6paikan kahvip\u00f6yd\u00e4ss\u00e4 ja miss\u00e4 vain.<\/p>\n<p>T\u00e4ss\u00e4 onkin Liigacupin syvin merkitys. Jos vaihtoehtona on muutama harjoitusottelu \u201djotain-mik\u00e4-lienee\u201d -vastustajaa vastaan alkuvuonna ja p\u00e4\u00e4lle ehk\u00e4 sitten pari kansainv\u00e4list\u00e4 harjoitusottelua \u2013 kuten HJK:lla on t\u00e4n\u00e4 vuonnakin \u2013 \u201djossain maailmalla\u201d, niin kannattajilla on aika v\u00e4h\u00e4n mihin tarttua. Liigacup tuo joukkueen l\u00e4helle otteluissa, joissa vastustaja on tuttu ja tunnustettu. Kun lis\u00e4ksi pelataan viel\u00e4 pisteist\u00e4 ja koko kilpailun voitosta, asetelma on aika lailla toinen.<\/p>\n<p>T\u00e4m\u00e4 kaikki ei tietysti koske vain perjantain HJK:n ja IFK Mariehamnin kohtaamista. Ihan sama p\u00e4tee lauantain IF Gnistan \u2013 FC Interiin ja jokaiseen Liigacupin otteluun sen j\u00e4lkeen. Eik\u00e4 t\u00e4m\u00e4 j\u00e4\u00e4 harvojen herkuksi rajallisista yleis\u00f6kapasiteeteista huolimatta. Pohjaa spekuloinnille voi ime\u00e4 vaikka kotisohvalla, sill\u00e4 Ruutu n\u00e4ytt\u00e4\u00e4 j\u00e4lleen kaikki Liigacupin ottelutkin suorina l\u00e4hetyksin\u00e4.<\/p>\n","protected":false},"excerpt":{"rendered":"Kotimainen jalkapallokausi k\u00e4ynnistyy perjantaina HJK:n is\u00e4nn\u00f6idess\u00e4 IFK Mariehamnia kauden 2026 Liigacupin avausottelussa. Talin hallissa pelattava ottelu on HJK:n&hellip;\n","protected":false},"author":2,"featured_media":143699,"comment_status":"","ping_status":"","sticky":false,"template":"","format":"standard","meta":{"footnotes":""},"categories":[5],"tags":[22,23,26,27,33,31,30,17,24,25,28,29,15,18,21,32,19,20,16],"class_list":{"0":"post-143698","1":"post","2":"type-post","3":"status-publish","4":"format-standard","5":"has-post-thumbnail","7":"category-otsikot","8":"tag-breaking-news","9":"tag-breakingnews","10":"tag-featured-news","11":"tag-featurednews","12":"tag-fi","13":"tag-finland","14":"tag-finnish","15":"tag-headlines","16":"tag-latest-news","17":"tag-latestnews","18":"tag-main-news","19":"tag-mainnews","20":"tag-news","21":"tag-otsikot","22":"tag-paauutiset","23":"tag-suomi","24":"tag-top-stories","25":"tag-topstories","26":"tag-uutiset"},"share_on_mastodon":{"url":"https:\/\/pubeurope.com\/@fi\/115903141128516548","error":""},"_links":{"self":[{"href":"https:\/\/www.europesays.com\/fi\/wp-json\/wp\/v2\/posts\/143698","targetHints":{"allow":["GET"]}}],"collection":[{"href":"https:\/\/www.europesays.com\/fi\/wp-json\/wp\/v2\/posts"}],"about":[{"href":"https:\/\/www.europesays.com\/fi\/wp-json\/wp\/v2\/types\/post"}],"author":[{"embeddable":true,"href":"https:\/\/www.europesays.com\/fi\/wp-json\/wp\/v2\/users\/2"}],"replies":[{"embeddable":true,"href":"https:\/\/www.europesays.com\/fi\/wp-json\/wp\/v2\/comments?post=143698"}],"version-history":[{"count":0,"href":"https:\/\/www.europesays.com\/fi\/wp-json\/wp\/v2\/posts\/143698\/revisions"}],"wp:featuredmedia":[{"embeddable":true,"href":"https:\/\/www.europesays.com\/fi\/wp-json\/wp\/v2\/media\/143699"}],"wp:attachment":[{"href":"https:\/\/www.europesays.com\/fi\/wp-json\/wp\/v2\/media?parent=143698"}],"wp:term":[{"taxonomy":"category","embeddable":true,"href":"https:\/\/www.europesays.com\/fi\/wp-json\/wp\/v2\/categories?post=143698"},{"taxonomy":"post_tag","embeddable":true,"href":"https:\/\/www.europesays.com\/fi\/wp-json\/wp\/v2\/tags?post=143698"}],"curies":[{"name":"wp","href":"https:\/\/api.w.org\/{rel}","templated":true}]}}