{"id":143712,"date":"2026-01-16T05:55:07","date_gmt":"2026-01-16T05:55:07","guid":{"rendered":"https:\/\/www.europesays.com\/fi\/143712\/"},"modified":"2026-01-16T05:55:07","modified_gmt":"2026-01-16T05:55:07","slug":"puolustusvaliokunta-halytetty-pikavauhtia-koolle-tasta-on-kyse","status":"publish","type":"post","link":"https:\/\/www.europesays.com\/fi\/143712\/","title":{"rendered":"Puolustusvaliokunta h\u00e4lytetty pikavauhtia koolle \u2013 T\u00e4st\u00e4 on kyse"},"content":{"rendered":"<p>Eduskunnan puolustusvaliokunta on h\u00e4lytetty koolle ensi viikon tiistaiksi.<\/p>\n<p class=\"paragraph\">Paikalle tulee kuultavaksi puolustusministeri <a href=\"https:\/\/www.iltalehti.fi\/henkilot\/Antti H\u00e4kk\u00e4nen\" class=\"article-link-person-page\" rel=\"nofollow noopener\" target=\"_blank\">Antti H\u00e4kk\u00e4nen<\/a>.<\/p>\n<p class=\"paragraph\">Asiasta kertoo Iltalehdelle puolustusvaliokunnan puheenjohtaja <a href=\"https:\/\/www.iltalehti.fi\/henkilot\/Heikki Autto\" class=\"article-link-person-page\" rel=\"nofollow noopener\" target=\"_blank\">Heikki Autto<\/a>.<\/p>\n<p class=\"paragraph\">Asiasta uutisoi ensimm\u00e4isen\u00e4 <a href=\"https:\/\/www.is.fi\/politiikka\/art-2000011752731.html\" target=\"_blank\" rel=\"noopener nofollow\">Ilta-Sanomat<\/a>.<\/p>\n<p class=\"paragraph\">\u2013 T\u00e4ll\u00e4 hetkell\u00e4 maailmalla, Euroopassa sek\u00e4 Suomen l\u00e4hialueillakin on havaittavissa sellaisia kehityskulkuja, jotka voivat konkreettisesti vaikuttaa my\u00f6s Suomen osallistumiseen esimerkiksi osana Natoa ja my\u00f6s osana Ukrainaa tukevien maiden halukkaiden koalitiota, Heikki Autto avaa kokouksen syit\u00e4.<\/p>\n<p class=\"paragraph\">\u2013 Ja tietenkin yksi ajankohtainen aihe on Nato-liittolaisen Tanskan kutsu osallistua n\u00e4ihin harjoituksiin, joilla Tanska pyrkii vahvistamaan arktisen alueen turvallisuutta, Autto lis\u00e4\u00e4.<\/p>\n<p class=\"paragraph\">Suomi p\u00e4\u00e4tti torstaina l\u00e4hett\u00e4\u00e4 Tanskan pyynn\u00f6st\u00e4 kaksi yhteysupseeria Gr\u00f6nlantiin tutustumaan harjoitustoiminnan mahdollisuuksiin, puolustusministeri\u00f6 tiedotti.<\/p>\n<p class=\"paragraph\">Esill\u00e4 puolustusvaliokunnassa on Autton mukaan my\u00f6s Suomenlahden uudenvuodenaaton kaapelirikko ja siihen liittyv\u00e4 tutkinta.<\/p>\n<p>Askelmerkit selville<\/p>\n<p class=\"paragraph\">Ukrainaa tukevien maiden niin sanottu halukkaiden koalitio kokoontui alkuvuodesta Pariisissa. Suomesta paikalla oli tasavallan presidentti <a href=\"https:\/\/www.iltalehti.fi\/henkilot\/Alexander Stubb\" class=\"article-link-person-page\" rel=\"nofollow noopener\" target=\"_blank\">Alexander Stubb<\/a>.<\/p>\n<p class=\"paragraph\">Stubb <a href=\"https:\/\/www.iltalehti.fi\/ulkomaat\/0d5c8f5d-d28e-45e2-8b82-9aa446e2bc03\" rel=\"nofollow noopener\" target=\"_blank\">avasi tuolloin<\/a> j\u00e4rjestely\u00e4, jota Ukrainan tueksi rakennetaan. Siihen kuuluisivat muun muassa Yhdysvaltojen johdolla tapahtuva tulitauon valvonta ja monikansallinen halukkaiden koalition joukko, joka tukee Ukrainaa.<\/p>\n<p class=\"paragraph\">Stubb ei avannut tarkemmin Suomen tulevaa roolia monikansallisessa joukossa, mutta Suomi osallistuu siihen muodossa tai toisessa.<\/p>\n<p class=\"paragraph\">K\u00e4yt\u00e4nn\u00f6ss\u00e4 my\u00f6s Suomen osallistuminen joukkoon on tiistaina puolustusvaliokunnassa p\u00f6yd\u00e4ll\u00e4, Autto vahvistaa kysytt\u00e4ess\u00e4.<\/p>\n<p class=\"paragraph\">\u2013 Neuvottelujahan on nyt k\u00e4yty t\u00e4ss\u00e4 niin kuin joulun ja uudenvuoden aikaan. Kyll\u00e4 siell\u00e4 k\u00e4sitt\u00e4\u00e4kseni sellaista asiaa on, jota on hyv\u00e4 valiokunnan tietoon saattaa.<\/p>\n<p class=\"paragraph\">\u2013 Keskustellaan t\u00e4m\u00e4n hetken neuvottelujen vaiheesta. Tietysti siihen, ett\u00e4 aseet vaikenisivat Ukrainassa, on valitettavasti viel\u00e4 arvioni mukaan pitk\u00e4 matka. Ven\u00e4j\u00e4h\u00e4n ei ole indikoinut mill\u00e4\u00e4n tavalla sit\u00e4, ett\u00e4 he olisivat valmiit hy\u00f6kk\u00e4yssotaansa lopettamaan tai edes mahdollistamaan tulitauon. Mutta on t\u00e4rke\u00e4\u00e4, ett\u00e4 Ukrainaa tukevien maiden askelmerkit ovat selv\u00e4t tilanteessa, jos ja aikanaan kun aseet vaikenevat.<\/p>\n<p class=\"paragraph\">Kysytt\u00e4ess\u00e4, tuleeko p\u00f6yd\u00e4lle jo konkreettinen ehdotus siit\u00e4, miten Suomi tarvittaessa voi monikansallisiin joukkoihin osallistua, Autto vastaa, ett\u00e4 ainakin kuullaan, \u201dmiss\u00e4 vaiheessa neuvottelut kumppaneiden kanssa sek\u00e4 valmistelut Suomen osalta t\u00e4ll\u00e4 hetkell\u00e4 ovat\u201d.<\/p>\n<p>Trumpin pelko?<\/p>\n<p class=\"paragraph\"><a href=\"https:\/\/www.is.fi\/politiikka\/art-2000011752731.html\" target=\"_blank\" rel=\"noopener nofollow\">IS:n l\u00e4hteiden mukaan<\/a> Suomi haluaa auttaa Tanskaa Gr\u00f6nlannin kysymyksess\u00e4, mutta samalla valtiojohdossa kytee huoli siit\u00e4, aiheuttaisiko lis\u00e4sotilaiden l\u00e4hett\u00e4minen \u00e4rsytyst\u00e4 Yhdysvalloissa ja etenkin sen presidentiss\u00e4 <a href=\"https:\/\/www.iltalehti.fi\/henkilot\/Donald Trump\" class=\"article-link-person-page\" rel=\"nofollow noopener\" target=\"_blank\">Donald Trumpissa<\/a>.<\/p>\n<p class=\"paragraph\">Iltalehti kysyi Auttolta, jakaako Gr\u00f6nlannin tilanne ja sotilaiden l\u00e4hett\u00e4minen Suomen ulkopoliittista johtoa. H\u00e4n kiist\u00e4\u00e4 t\u00e4m\u00e4n tai kiert\u00e4\u00e4 asiaa vedoten  muodollisiin p\u00e4\u00e4t\u00f6ksiin.<\/p>\n<p class=\"paragraph\">H\u00e4n sanoo, ett\u00e4 Suomen ulkopoliittinen johto on tehnyt torstaina yksimielisesti p\u00e4\u00e4t\u00f6ksi\u00e4 Tasavallan presidentin ja ulko- ja turvallisuuspoliittisen ministerivaliokunnan yhteisess\u00e4 kokouksessa Tp-utvassa.<\/p>\n<p class=\"paragraph\">\u2013 Suomen sis\u00e4ll\u00e4 ei tietenk\u00e4\u00e4n ole mink\u00e4\u00e4nlaista sellaista erimielisyytt\u00e4 n\u00e4ist\u00e4 asioista. Ja t\u00e4ss\u00e4 vaiheessahan ei kyse ole siis mist\u00e4\u00e4n harjoitukseen osallistumisesta, vaan tutkitaan sit\u00e4, ett\u00e4 miten Suomi voisi tuoda lis\u00e4arvoa n\u00e4iss\u00e4 harjoituksissa.<\/p>\n<p class=\"paragraph\">\u2013 Ja totta kai Suomi on osallistunut my\u00f6s Naton rauhanajan teht\u00e4viin muualla arktisella alueella, siis konkreettisesti vaikka harjoittelemalla Norjassa, mutta my\u00f6s esimerkiksi turvaamalla Islannin ilmatilaa tai osallistumalla laivaston toimintaan Pohjanmerell\u00e4.<\/p>\n<p class=\"paragraph\">\u2013 T\u00e4llainen arktisen alueen toiminta ei ole Suomelle vierasta. Mutta Gr\u00f6nlanti toiminnan perusteena on Suomelle uusi ja siksi n\u00e4m\u00e4 yhteysupseerit nyt sinne l\u00e4hetet\u00e4\u00e4n.<\/p>\n<p>\u201dEi erityist\u00e4 painetta\u201d<\/p>\n<p class=\"paragraph\">Kysymykseen, mist\u00e4 suunnasta paine tuli kutsua valiokunta koolle kesken istuntotauon, esimerkiksi oppositiosta vai puheenjohtajalta itselt\u00e4\u00e4n, Autto vastaa, ettei ole mit\u00e4\u00e4n erityist\u00e4 painetta. Kyse on h\u00e4nen mukaansa ajankohtaisten tietojen saamisesta.<\/p>\n<p class=\"paragraph\">Uteluun siit\u00e4, huolettaako puolustusvaliokunnan j\u00e4seni\u00e4 USA:n presidentti Trumpin reaktio siihen, jos Tanskaan menee suomalaisia sotilaita, Autto vastaa, ett\u00e4 Trumpin kanssa ollaan samalla puolella siin\u00e4 mieless\u00e4, ett\u00e4 h\u00e4n kantaa huolta arktisen alueen turvallisuudesta kuten Suomi ja yhteinen liittolainen Tanskakin.<\/p>\n<p>Paljon on tapahtunut<\/p>\n<p class=\"paragraph\">Puolustusvaliokunnan varapuheenjohtaja, kansanedustaja <a href=\"https:\/\/www.iltalehti.fi\/henkilot\/Mikko Savola\" class=\"article-link-person-page\" rel=\"nofollow noopener\" target=\"_blank\">Mikko Savola<\/a> (kesk) sanoo Iltalehdelle, ett\u00e4 istuntotauolla on tapahtunut niin paljon asioita ulko- ja turvallisuupolitiikassa, ett\u00e4 valiokunnan puheenjohtajisto katsoi kokouksen tarpeelliseksi.<\/p>\n<p>Puolustusvaliokunnan puheenjohtaja Mikko Savola (kesk). Henri K\u00e4rkk\u00e4inen<\/p>\n<p class=\"paragraph\">\u2013 T\u00e4ss\u00e4 on paljon tapahtunut asioita: on tietysti Ukrainan tilanne, mik\u00e4 on hyv\u00e4 k\u00e4yd\u00e4 l\u00e4pi, sitten n\u00e4m\u00e4 kaapelirikkokysymykset ja tietysti t\u00e4m\u00e4 Gr\u00f6nlannin asia, Savola sanoo.<\/p>\n<p class=\"paragraph\">\u2013\u2009T\u00e4m\u00e4 on ennen kaikkea valiokunnan informoimista siit\u00e4, miss\u00e4 menn\u00e4\u00e4n.<\/p>\n<p class=\"paragraph\">Vastaavia kysymyksi\u00e4 k\u00e4ytiin my\u00f6s ulkoasiainvaliokunnan ylim\u00e4\u00e4r\u00e4isess\u00e4 kokouksessa l\u00e4pi jo aikaisemmin.<\/p>\n<p>Puheenjohtajille tieto hieman ennen julkaisua<\/p>\n<p class=\"paragraph\">Savola kertoo, ett\u00e4 Suomen p\u00e4\u00e4t\u00f6s l\u00e4hett\u00e4\u00e4 Gr\u00f6nlantiin kaksi yhteysupseeria tuli puolustusvaliokunnan puheenjohtajien tietoon hieman ennen asian julkaisua. Savola pit\u00e4\u00e4 yhteysupseerien l\u00e4hett\u00e4mist\u00e4 Gr\u00f6nlantiin symbolisena asiana.<\/p>\n<p class=\"paragraph\">\u2013\u2009En n\u00e4e, ett\u00e4 t\u00e4ss\u00e4 olisi mit\u00e4\u00e4n hankaluutta siin\u00e4, ett\u00e4 kaksi yhteysupseeria laitetaan ja on harjoitustoimintaa. Se on tietysti informatiivinen kysymys ja v\u00e4h\u00e4n symbolinen kysymys my\u00f6s, ett\u00e4 ollaan lippua n\u00e4ytt\u00e4m\u00e4ss\u00e4 siell\u00e4, Savola sanoo.<\/p>\n<p class=\"paragraph\">Savolan mukaan Naton l\u00e4sn\u00e4oloa vahvistetaan arktisella alueella ja Gr\u00f6nlannissa. Sen kautta Suomi ja Nato voivat n\u00e4ytt\u00e4\u00e4 Yhdysvalloille, ett\u00e4 arktisen alueen turvallisuuskysymys otetaan tosissaan.<\/p>\n<p class=\"paragraph\">Jos puhutaan laajemmasta suomalaisten joukkojen l\u00e4hett\u00e4misest\u00e4 sotaharjoitukseen Gr\u00f6nlantiin, niin n\u00e4etk\u00f6 sellaisen mahdollisena t\u00e4ss\u00e4?<\/p>\n<p class=\"paragraph\">\u2013\u2009T\u00e4ss\u00e4 oikeastaan kaikki on mahdollista. T\u00e4llainen harjoittelutoiminta pit\u00e4\u00e4 suunnitella hyvin. Varmaan nyt t\u00e4ss\u00e4 tulevat viikot ja kuukaudet n\u00e4ytt\u00e4v\u00e4t sen, miten sit\u00e4 l\u00e4sn\u00e4oloa Suomen osalta voidaan vahvistaa, Savola sanoo.<\/p>\n<p class=\"paragraph\">H\u00e4n muistuttaa arktisen alueen olevan laaja kokonaisuus ja Suomella on jo nyt paljon vastuuta pohjoisilla alueilla.<\/p>\n<p class=\"paragraph\">\u2013\u2009Kannattaa t\u00e4ss\u00e4kin mietti\u00e4, mihin on j\u00e4rkev\u00e4\u00e4 omia joukkoja laittaa ja miss\u00e4 on j\u00e4rkev\u00e4 harjoitella.<\/p>\n","protected":false},"excerpt":{"rendered":"Eduskunnan puolustusvaliokunta on h\u00e4lytetty koolle ensi viikon tiistaiksi. Paikalle tulee kuultavaksi puolustusministeri Antti H\u00e4kk\u00e4nen. Asiasta kertoo Iltalehdelle puolustusvaliokunnan&hellip;\n","protected":false},"author":2,"featured_media":143713,"comment_status":"","ping_status":"","sticky":false,"template":"","format":"standard","meta":{"footnotes":""},"categories":[14],"tags":[35,22,23,26,27,33,31,30,17,24,25,28,29,15,18,21,142,637,144,2535,32,19,20,2534,56,16,59,60,61],"class_list":{"0":"post-143712","1":"post","2":"type-post","3":"status-publish","4":"format-standard","5":"has-post-thumbnail","7":"category-ulkomaat","8":"tag-24h","9":"tag-breaking-news","10":"tag-breakingnews","11":"tag-featured-news","12":"tag-featurednews","13":"tag-fi","14":"tag-finland","15":"tag-finnish","16":"tag-headlines","17":"tag-latest-news","18":"tag-latestnews","19":"tag-main-news","20":"tag-mainnews","21":"tag-news","22":"tag-otsikot","23":"tag-paauutiset","24":"tag-poliitikot","25":"tag-politiikka","26":"tag-presidentti","27":"tag-puolustuspolitiikka","28":"tag-suomi","29":"tag-top-stories","30":"tag-topstories","31":"tag-turvallisuuspolitiikka","32":"tag-ulkomaat","33":"tag-uutiset","34":"tag-world","35":"tag-world-news","36":"tag-worldnews"},"share_on_mastodon":{"url":"https:\/\/pubeurope.com\/@fi\/115903235551208228","error":""},"_links":{"self":[{"href":"https:\/\/www.europesays.com\/fi\/wp-json\/wp\/v2\/posts\/143712","targetHints":{"allow":["GET"]}}],"collection":[{"href":"https:\/\/www.europesays.com\/fi\/wp-json\/wp\/v2\/posts"}],"about":[{"href":"https:\/\/www.europesays.com\/fi\/wp-json\/wp\/v2\/types\/post"}],"author":[{"embeddable":true,"href":"https:\/\/www.europesays.com\/fi\/wp-json\/wp\/v2\/users\/2"}],"replies":[{"embeddable":true,"href":"https:\/\/www.europesays.com\/fi\/wp-json\/wp\/v2\/comments?post=143712"}],"version-history":[{"count":0,"href":"https:\/\/www.europesays.com\/fi\/wp-json\/wp\/v2\/posts\/143712\/revisions"}],"wp:featuredmedia":[{"embeddable":true,"href":"https:\/\/www.europesays.com\/fi\/wp-json\/wp\/v2\/media\/143713"}],"wp:attachment":[{"href":"https:\/\/www.europesays.com\/fi\/wp-json\/wp\/v2\/media?parent=143712"}],"wp:term":[{"taxonomy":"category","embeddable":true,"href":"https:\/\/www.europesays.com\/fi\/wp-json\/wp\/v2\/categories?post=143712"},{"taxonomy":"post_tag","embeddable":true,"href":"https:\/\/www.europesays.com\/fi\/wp-json\/wp\/v2\/tags?post=143712"}],"curies":[{"name":"wp","href":"https:\/\/api.w.org\/{rel}","templated":true}]}}