{"id":143714,"date":"2026-01-16T05:56:09","date_gmt":"2026-01-16T05:56:09","guid":{"rendered":"https:\/\/www.europesays.com\/fi\/143714\/"},"modified":"2026-01-16T05:56:09","modified_gmt":"2026-01-16T05:56:09","slug":"poliisi-osti-kannabista-alaikaiselta-oulussa-kun-mies-jai-kiinni-kotoa-paljastui-lisaa-laittomuuksia-kotimaa","status":"publish","type":"post","link":"https:\/\/www.europesays.com\/fi\/143714\/","title":{"rendered":"Poliisi osti kannabista alaik\u00e4iselt\u00e4 Oulussa \u2013 kun mies j\u00e4i kiinni, kotoa paljastui lis\u00e4\u00e4 laittomuuksia | Kotimaa"},"content":{"rendered":"<p class=\"aw-1gybjub aw-5vja16 kEtdKx kmuxyA yle__article__paragraph\">Toistakymment\u00e4 vuotta poliisina ty\u00f6skennellyt mies j\u00e4i kiinni kannabiksen ostamisesta alaik\u00e4iselt\u00e4. <\/p>\n<p><img decoding=\"async\" alt=\"Oulun poliisiin uusi p\u00e4\u00e4asema Ruskonsel\u00e4n alueella. \" src=\"https:\/\/www.europesays.com\/fi\/wp-content\/uploads\/2026\/01\/39-141990667aafac45162b.jpeg\" class=\"aw-1l9m598 hKVVvP\"\/><\/p>\n<p>Avaa kuvien katselu<\/p>\n<p>Kuvituskuvassa Oulun p\u00e4\u00e4poliisiasema Ruskonsel\u00e4ll\u00e4. Kuva: Senaatti-kiinteist\u00f6t<\/p>\n<p class=\"aw-1gybjub aw-1p7kakr kEtdKx cEmitX yle__article__paragraph\">Oulun poliisilaitos on irtisanonut kokeneen vanhemman konstaapelin, joka tuomittiin huumeiden ostamisesta ja muista rikoksista. Asia selvisi Ylelle tietopyynn\u00f6ill\u00e4.<\/p>\n<p class=\"aw-1gybjub aw-1p7kakr kEtdKx cEmitX yle__article__paragraph\">Hein\u00e4kuussa 2024 vanhempi konstaapeli sopi tapaamisen Oulussa sijaitsevan kaupan luokse Telegram-viestisovelluksessa.<\/p>\n<p class=\"aw-1gybjub aw-1p7kakr kEtdKx cEmitX yle__article__paragraph\">Poliisimies kuului sovelluksessa ryhmiin, jossa myytiin muun muassa huumeita ja nuuskaa.<\/p>\n<p class=\"aw-1gybjub aw-1p7kakr kEtdKx cEmitX yle__article__paragraph\">Kaupan roskakatoksen takana mies kohtasi 17-vuotiaan oululaispojan.<\/p>\n<p class=\"aw-1gybjub aw-1p7kakr kEtdKx cEmitX yle__article__paragraph\">H\u00e4n osti pojalta pienen m\u00e4\u00e4r\u00e4n kannabista.<\/p>\n<p class=\"aw-1gybjub aw-1p7kakr kEtdKx cEmitX yle__article__paragraph\">Poliisimiehen kollegat saivat tiet\u00e4\u00e4 asiasta hyvin pian, sill\u00e4 poika j\u00e4i kiinni ja kaupat paljastuivat rikosjutun tutkinnan yhteydess\u00e4.<\/p>\n<p class=\"aw-1gybjub aw-1p7kakr kEtdKx cEmitX yle__article__paragraph\">Poliisin kotiin tehtiin kotietsint\u00e4 vain noin viikko kauppojen j\u00e4lkeen.<\/p>\n<p class=\"aw-1gybjub aw-1p7kakr kEtdKx cEmitX yle__article__paragraph\">Asunnolta l\u00f6ydettiin noin viisi grammaa kannabista, yli 130 huumausaineeksi luokiteltavaa Ksalol-tablettia, luvattomia patruunoita sek\u00e4 poliisilaitokselta viety kaasusumutin.<\/p>\n<p class=\"aw-1gybjub aw-1p7kakr kEtdKx cEmitX yle__article__paragraph\">Poliisilaitos pid\u00e4tti miehen virantoimituksesta. Keskusrikospoliisi aloitti asiasta esitutkinnan syytt\u00e4j\u00e4n johdolla.<\/p>\n<p>Poliisimies my\u00f6nsi tekonsa<\/p>\n<p class=\"aw-1gybjub aw-1p7kakr kEtdKx cEmitX yle__article__paragraph\">Kuulusteluissa mies my\u00f6nsi huumekaupat. H\u00e4nen mukaansa kannabis oli h\u00e4nen omaan k\u00e4ytt\u00f6\u00f6ns\u00e4.<\/p>\n<p class=\"aw-1gybjub aw-1p7kakr kEtdKx cEmitX yle__article__paragraph\">My\u00f6s huumaavaksi l\u00e4\u00e4keaineeksi luokitellut tabletit mies my\u00f6nsi ostaneensa omaan k\u00e4ytt\u00f6\u00f6n. H\u00e4n ei tosin muistanut, kenelt\u00e4 oli ne hankkinut.<\/p>\n<p class=\"aw-1gybjub aw-1p7kakr kEtdKx cEmitX yle__article__paragraph\">Esitutkinnassa l\u00e4\u00e4kkeisiin kiinnitettiin erityist\u00e4 huomiota, sill\u00e4 ne olivat poliisin virallisessa takavarikkopussissa.<\/p>\n<p class=\"aw-1gybjub aw-1p7kakr kEtdKx cEmitX yle__article__paragraph\">Oulun poliisilaitokselta pyydettiin selvityst\u00e4 poliisista mahdollisesti kadonneiksi ilmoitetuista Ksalol-tableteista.<\/p>\n<p class=\"aw-1gybjub aw-1p7kakr kEtdKx cEmitX yle__article__paragraph\">Poliisilaitoksen mukaan tapauksia ei kuitenkaan ollut tullut ilmi tai sellaisista ei ollut havaintoja.<\/p>\n<p class=\"aw-1gybjub aw-1p7kakr kEtdKx cEmitX yle__article__paragraph\">Asunnolta l\u00f6ydetyille luvattomille patruunoille miehell\u00e4 oli sen sijaan selitys.<\/p>\n<p class=\"aw-1gybjub aw-1p7kakr kEtdKx cEmitX yle__article__paragraph\">Ylen n\u00e4kemist\u00e4 asiakirjoista se on pitk\u00e4lti salattu, mutta asiayhteydest\u00e4 voi p\u00e4\u00e4tell\u00e4, ett\u00e4 osa patruunoista liittyi miehen ty\u00f6h\u00f6n poliisina.<\/p>\n<p class=\"aw-1gybjub aw-1p7kakr kEtdKx cEmitX yle__article__paragraph\">Osa patruunoista kuului miehen mukaan h\u00e4nen l\u00e4heiselleen, jota h\u00e4n ei halunnut nimet\u00e4.<\/p>\n<p class=\"aw-1gybjub aw-1p7kakr kEtdKx cEmitX yle__article__paragraph\">Poliisilaitokselta anastettu kaasusumutin oli miehen mukaan kulkeutunut h\u00e4nen asunnolleen joskus aiemmin. Mies my\u00f6nsi ottaneensa sen itselleen tarkoituksella.<\/p>\n<p>Tuomio tuli, sitten potkut<\/p>\n<p class=\"aw-1gybjub aw-1p7kakr kEtdKx cEmitX yle__article__paragraph\">Oulun k\u00e4r\u00e4j\u00e4oikeus tuomitsi miehen viime kes\u00e4n\u00e4.<\/p>\n<p class=\"aw-1gybjub aw-1p7kakr kEtdKx cEmitX yle__article__paragraph\">Miehelle annettiin 80 p\u00e4iv\u00e4sakon suuruinen sakkorangaistus virkavelvollisuuden rikkomisesta, huumausaineen k\u00e4ytt\u00f6rikoksesta, liev\u00e4st\u00e4 kavalluksesta sek\u00e4 liev\u00e4st\u00e4 ampuma-aserikoksesta.<\/p>\n<p class=\"aw-1gybjub aw-1p7kakr kEtdKx cEmitX yle__article__paragraph\">Tuomio on lainvoimainen.<\/p>\n<p class=\"aw-1gybjub aw-1p7kakr kEtdKx cEmitX yle__article__paragraph\">Rikostuomion my\u00f6t\u00e4 poliisilaitos p\u00e4\u00e4tti irtisanoa miehen poliisin virasta.<\/p>\n<p class=\"aw-1gybjub aw-1p7kakr kEtdKx cEmitX yle__article__paragraph\">Irtisanomista koskevassa p\u00e4\u00e4t\u00f6ksess\u00e4 kerrotaan, ett\u00e4 mies oli jo aiemmin saanut varoituksen, sill\u00e4 h\u00e4n oli laittanut Tori.fi-palveluun myynti-ilmoituksen poliisin kentt\u00e4varusteista, eli pistoolikoteloista sek\u00e4 suojaliivist\u00e4 ja -kyp\u00e4r\u00e4st\u00e4.<\/p>\n<p class=\"aw-1gybjub aw-1p7kakr kEtdKx cEmitX yle__article__paragraph\">Tuolloin asia ei kuitenkaan ollut johtanut rikosoikeudellisiin seuraamuksiin, sill\u00e4 tavarat eiv\u00e4t olleet vaihtaneet omistajaa. Mies itse oli my\u00f6s kiist\u00e4nyt myyneens\u00e4 varusteita tositarkoituksella.<\/p>\n<p class=\"aw-1gybjub aw-1p7kakr kEtdKx cEmitX yle__article__paragraph\">Ennen irtisanomista mies enn\u00e4tti ty\u00f6skennell\u00e4 poliisissa toistakymment\u00e4 vuotta.<\/p>\n<p class=\"aw-1gybjub aw-1p7kakr kEtdKx cEmitX yle__article__paragraph\">H\u00e4n on edelleen virallisesti virassa Oulun poliisilaitoksella, sill\u00e4 pitk\u00e4 irtisanomisaika p\u00e4\u00e4ttyy vasta kuluvan tammikuun aikana. Mies on siihen saakka virantoimituksesta pid\u00e4tettyn\u00e4.<\/p>\n","protected":false},"excerpt":{"rendered":"Toistakymment\u00e4 vuotta poliisina ty\u00f6skennellyt mies j\u00e4i kiinni kannabiksen ostamisesta alaik\u00e4iselt\u00e4. Avaa kuvien katselu Kuvituskuvassa Oulun p\u00e4\u00e4poliisiasema Ruskonsel\u00e4ll\u00e4. Kuva:&hellip;\n","protected":false},"author":2,"featured_media":143715,"comment_status":"","ping_status":"","sticky":false,"template":"","format":"standard","meta":{"footnotes":""},"categories":[12],"tags":[22,23,26,27,33,31,30,17,664,71,24,25,28,29,15,18,952,21,694,728,52,581,32,19,20,16],"class_list":{"0":"post-143714","1":"post","2":"type-post","3":"status-publish","4":"format-standard","5":"has-post-thumbnail","7":"category-suomi","8":"tag-breaking-news","9":"tag-breakingnews","10":"tag-featured-news","11":"tag-featurednews","12":"tag-fi","13":"tag-finland","14":"tag-finnish","15":"tag-headlines","16":"tag-huumeet","17":"tag-kotimaa","18":"tag-latest-news","19":"tag-latestnews","20":"tag-main-news","21":"tag-mainnews","22":"tag-news","23":"tag-otsikot","24":"tag-oulu","25":"tag-paauutiset","26":"tag-paihteet","27":"tag-pohjois-pohjanmaa","28":"tag-poliisi","29":"tag-rikokset","30":"tag-suomi","31":"tag-top-stories","32":"tag-topstories","33":"tag-uutiset"},"share_on_mastodon":{"url":"https:\/\/pubeurope.com\/@fi\/115903239697749805","error":""},"_links":{"self":[{"href":"https:\/\/www.europesays.com\/fi\/wp-json\/wp\/v2\/posts\/143714","targetHints":{"allow":["GET"]}}],"collection":[{"href":"https:\/\/www.europesays.com\/fi\/wp-json\/wp\/v2\/posts"}],"about":[{"href":"https:\/\/www.europesays.com\/fi\/wp-json\/wp\/v2\/types\/post"}],"author":[{"embeddable":true,"href":"https:\/\/www.europesays.com\/fi\/wp-json\/wp\/v2\/users\/2"}],"replies":[{"embeddable":true,"href":"https:\/\/www.europesays.com\/fi\/wp-json\/wp\/v2\/comments?post=143714"}],"version-history":[{"count":0,"href":"https:\/\/www.europesays.com\/fi\/wp-json\/wp\/v2\/posts\/143714\/revisions"}],"wp:featuredmedia":[{"embeddable":true,"href":"https:\/\/www.europesays.com\/fi\/wp-json\/wp\/v2\/media\/143715"}],"wp:attachment":[{"href":"https:\/\/www.europesays.com\/fi\/wp-json\/wp\/v2\/media?parent=143714"}],"wp:term":[{"taxonomy":"category","embeddable":true,"href":"https:\/\/www.europesays.com\/fi\/wp-json\/wp\/v2\/categories?post=143714"},{"taxonomy":"post_tag","embeddable":true,"href":"https:\/\/www.europesays.com\/fi\/wp-json\/wp\/v2\/tags?post=143714"}],"curies":[{"name":"wp","href":"https:\/\/api.w.org\/{rel}","templated":true}]}}