{"id":143726,"date":"2026-01-16T06:21:07","date_gmt":"2026-01-16T06:21:07","guid":{"rendered":"https:\/\/www.europesays.com\/fi\/143726\/"},"modified":"2026-01-16T06:21:07","modified_gmt":"2026-01-16T06:21:07","slug":"kanada-sanoo-solmivansa-strategisen-kumppanuuden-kiinan-kanssa-uutisia-lyhyesti","status":"publish","type":"post","link":"https:\/\/www.europesays.com\/fi\/143726\/","title":{"rendered":"Kanada sanoo solmivansa \u201dstrategisen kumppanuuden\u201d Kiinan kanssa | Uutisia lyhyesti"},"content":{"rendered":"<p class=\"aw-1gybjub aw-5vja16 kEtdKx kmuxyA yle__article__paragraph\">Kiina on Yhdysvaltain j\u00e4lkeen Kanadan toiseksi suurin kauppakumppani.<\/p>\n<p><img decoding=\"async\" alt=\"Kanadan ja Kiinan valtuuskunnat neuvottelussa tapaamisessa Pekingiss\u00e4 Kiinassa.\" src=\"https:\/\/www.europesays.com\/fi\/wp-content\/uploads\/2026\/01\/39-15823676969d0e1bd212.jpeg\" class=\"aw-1l9m598 hKVVvP\"\/><\/p>\n<p>Avaa kuvien katselu<\/p>\n<p>Kanadan ja Kiinan valtuuskunnat neuvottelivat Pekingiss\u00e4 Kanadan p\u00e4\u00e4ministeri Mark Carneyn vierailun yhteydess\u00e4. Kuva: Vincent Thian \/ EPA<\/p>\n<p class=\"aw-1gybjub aw-1p7kakr kEtdKx cEmitX yle__article__paragraph\">Kanada ja Kiina rakentavat uutta strategista kumppanuutta, jonka odotetaan tuovan \u201dhistoriallisia\u201d hy\u00f6tyj\u00e4 molemmille maille, kertoi Kanadan p\u00e4\u00e4ministeri <strong class=\"aw-ak79eh KyCXm yle__article__strong\">Mark Carney<\/strong> tavatessaan Kiinan presidentin <strong class=\"aw-ak79eh KyCXm yle__article__strong\">Xi Jinpingin<\/strong> perjantaina Pekingiss\u00e4.<\/p>\n<p class=\"aw-1gybjub aw-1p7kakr kEtdKx cEmitX yle__article__paragraph\">Carney on ensimm\u00e4inen Kanadan p\u00e4\u00e4ministeri, joka vierailee Kiinassa vuoden 2017 j\u00e4lkeen.<\/p>\n<p class=\"aw-1gybjub aw-1p7kakr kEtdKx cEmitX yle__article__paragraph\">Vierailun tavoitteena on vahvistaa suhteita Kanadan toiseksi suurimpaan kauppakumppaniin ja jatkaa diplomaattisia ponnisteluja aiempien j\u00e4nnitteiden lievitt\u00e4miseksi.<\/p>\n<p class=\"aw-1gybjub aw-1p7kakr kEtdKx cEmitX yle__article__paragraph\">\u2013 On t\u00e4rke\u00e4\u00e4 k\u00e4ynnist\u00e4\u00e4 t\u00e4m\u00e4 uusi strateginen kumppanuus aikana, jolloin maailmaa jakavat ristiriidat, Carney sanoi Xille.<\/p>\n<p class=\"aw-1gybjub aw-1p7kakr kEtdKx cEmitX yle__article__paragraph\">Kiinan ja Kanadan v\u00e4lit ovat olleet useita vuosia kire\u00e4t mukaillen Washingtonin ja Pekingin v\u00e4lien viilentymist\u00e4 Xin valtakaudella.<\/p>\n<p class=\"aw-1gybjub aw-1p7kakr kEtdKx cEmitX yle__article__paragraph\">L\u00e4hde: Reuters<\/p>\n","protected":false},"excerpt":{"rendered":"Kiina on Yhdysvaltain j\u00e4lkeen Kanadan toiseksi suurin kauppakumppani. Avaa kuvien katselu Kanadan ja Kiinan valtuuskunnat neuvottelivat Pekingiss\u00e4 Kanadan&hellip;\n","protected":false},"author":2,"featured_media":143727,"comment_status":"","ping_status":"","sticky":false,"template":"","format":"standard","meta":{"footnotes":""},"categories":[14],"tags":[22,23,26,27,33,31,30,17,3847,70,510,24,25,28,29,15,18,21,32,19,20,56,16,59,60,61],"class_list":{"0":"post-143726","1":"post","2":"type-post","3":"status-publish","4":"format-standard","5":"has-post-thumbnail","7":"category-ulkomaat","8":"tag-breaking-news","9":"tag-breakingnews","10":"tag-featured-news","11":"tag-featurednews","12":"tag-fi","13":"tag-finland","14":"tag-finnish","15":"tag-headlines","16":"tag-kanada","17":"tag-kansainvalinen-politiikka","18":"tag-kiina","19":"tag-latest-news","20":"tag-latestnews","21":"tag-main-news","22":"tag-mainnews","23":"tag-news","24":"tag-otsikot","25":"tag-paauutiset","26":"tag-suomi","27":"tag-top-stories","28":"tag-topstories","29":"tag-ulkomaat","30":"tag-uutiset","31":"tag-world","32":"tag-world-news","33":"tag-worldnews"},"share_on_mastodon":{"url":"https:\/\/pubeurope.com\/@fi\/115903337848656129","error":""},"_links":{"self":[{"href":"https:\/\/www.europesays.com\/fi\/wp-json\/wp\/v2\/posts\/143726","targetHints":{"allow":["GET"]}}],"collection":[{"href":"https:\/\/www.europesays.com\/fi\/wp-json\/wp\/v2\/posts"}],"about":[{"href":"https:\/\/www.europesays.com\/fi\/wp-json\/wp\/v2\/types\/post"}],"author":[{"embeddable":true,"href":"https:\/\/www.europesays.com\/fi\/wp-json\/wp\/v2\/users\/2"}],"replies":[{"embeddable":true,"href":"https:\/\/www.europesays.com\/fi\/wp-json\/wp\/v2\/comments?post=143726"}],"version-history":[{"count":0,"href":"https:\/\/www.europesays.com\/fi\/wp-json\/wp\/v2\/posts\/143726\/revisions"}],"wp:featuredmedia":[{"embeddable":true,"href":"https:\/\/www.europesays.com\/fi\/wp-json\/wp\/v2\/media\/143727"}],"wp:attachment":[{"href":"https:\/\/www.europesays.com\/fi\/wp-json\/wp\/v2\/media?parent=143726"}],"wp:term":[{"taxonomy":"category","embeddable":true,"href":"https:\/\/www.europesays.com\/fi\/wp-json\/wp\/v2\/categories?post=143726"},{"taxonomy":"post_tag","embeddable":true,"href":"https:\/\/www.europesays.com\/fi\/wp-json\/wp\/v2\/tags?post=143726"}],"curies":[{"name":"wp","href":"https:\/\/api.w.org\/{rel}","templated":true}]}}