{"id":143743,"date":"2026-01-16T06:47:08","date_gmt":"2026-01-16T06:47:08","guid":{"rendered":"https:\/\/www.europesays.com\/fi\/143743\/"},"modified":"2026-01-16T06:47:08","modified_gmt":"2026-01-16T06:47:08","slug":"voisiko-venaja-testata-naton-5-artiklaa-suomen-saaristossa-asiantuntijat-arvioivat","status":"publish","type":"post","link":"https:\/\/www.europesays.com\/fi\/143743\/","title":{"rendered":"Voisiko Ven\u00e4j\u00e4 testata Naton 5. artiklaa Suomen saaristossa? \u2013 asiantuntijat arvioivat"},"content":{"rendered":"<p>Ruotsin komentaja esitti tiistaina, ett\u00e4 Ven\u00e4j\u00e4 voisi testata Naton 5. artiklan uskottavuutta asettumalla Suomen saaristoon.<\/p>\n<p class=\"article-body mb-nof-24 px-nof-16\">Ven\u00e4j\u00e4n ilmestyminen Suomen saaristoon on mahdollinen skenaario, johon Suomi on varautunut, arvioi Ulkopoliittisen instituutin tutkija <a class=\"font-bold underline-offset-[0.12em] [text-decoration:var(--person-link-text-decoration)] ![text-decoration-color:var(--person-link-text-decoration-color)]\" href=\"https:\/\/www.is.fi\/haku\/?query=Joel%20Linnainm%C3%A4ki\" rel=\"nofollow noopener\" target=\"_blank\">Joel Linnainm\u00e4ki<\/a>.<\/p>\n<p class=\"article-body mb-nof-24 px-nof-16\">Ruotsin puolustusvoimien komentaja <a class=\"font-bold underline-offset-[0.12em] [text-decoration:var(--person-link-text-decoration)] ![text-decoration-color:var(--person-link-text-decoration-color)]\" href=\"https:\/\/www.is.fi\/haku\/?query=Michael%20Claesson\" rel=\"nofollow noopener\" target=\"_blank\">Michael Claesson<\/a> sanoi tiistaina Helsingin Sanomille, Kauppalehdelle ja Iltalehdelle antamassaan yhteishaastattelussa pit\u00e4v\u00e4ns\u00e4 mahdollisena, ett\u00e4 Ven\u00e4j\u00e4 testaisi tulevaisuudessa Naton 5. artiklan pit\u00e4vyytt\u00e4.<\/p>\n<p class=\"article-body mb-nof-24 px-nof-16\">T\u00e4m\u00e4 voisi Claessonin mukaan tapahtua paikassa, jossa puolustukselle on tavallista kehnommat edellytykset, kuten Baltian maissa tai Suomen tai Ruotsin saaristossa, <a class=\"underline underline-offset-[0.12em] [text-decoration-thickness:var(--generic-link-underline-thickness)] [text-decoration-color:var(--generic-link-underline-color)] [text-decoration-skip-ink:var(--generic-link-underline-skip-ink)] break-words\" href=\"https:\/\/www.hs.fi\/politiikka\/art-2000011734281.html\" rel=\"nofollow noopener\" target=\"_blank\">HS<\/a> kirjoitti. Komentajan mukaan yksi skenaario olisi, ett\u00e4 Ven\u00e4j\u00e4 asettuisi symbolisena voimann\u00e4ytt\u00f6n\u00e4 jollekin Suomelle kuuluvalle saarelle ja katsoisi, mit\u00e4 tapahtuu.<\/p>\n<p class=\"article-body mb-nof-24 px-nof-16\">Linnainm\u00e4en mukaan Suomessa pohdittiin t\u00e4llaisia skenaarioita etenkin ennen liittymist\u00e4 Naton j\u00e4seneksi. Silloin tarkasteltiin Suomen ja Ruotsin v\u00e4list\u00e4 yhteisty\u00f6t\u00e4 ja sit\u00e4, miten Ahvenanmaa ja saaristo suojataan.<\/p>\n<p class=\"article-body mb-nof-24 px-nof-16\">\u2013 T\u00e4m\u00e4 ei ole meille mik\u00e4\u00e4n uusi asia, vaan olemassa oleva riski, jota on pohdittu ja johon ollaan varauduttu, Linnainm\u00e4ki sanoo.<\/p>\n<p><img decoding=\"async\" src=\"https:\/\/www.europesays.com\/fi\/wp-content\/uploads\/2026\/01\/1768546027_313_468.jpg\" alt=\"Ulkopoliittisen instituutin tutkija Joel Linnainm\u00e4ki.\" class=\"_Img_1rerz_1\" style=\"aspect-ratio:0.6666666666666666\" loading=\"eager\"\/><\/p>\n<p class=\"article-picture-caption\">Ulkopoliittisen instituutin tutkija Joel Linnainm\u00e4ki. Kuva:\u00a0Lassi Rinne<\/p>\n<p class=\"article-body mb-nof-24 px-nof-16\">Linnainm\u00e4en mukaan kyseess\u00e4 olisi yksi Ven\u00e4j\u00e4n keino luoda kiilaa Yhdysvaltojen ja Euroopan v\u00e4lille.<\/p>\n<p class=\"article-body mb-nof-24 px-nof-16\">Toisaalta Linnainm\u00e4ki huomauttaa, ett\u00e4 Claesson esitti Suomi-skenaarion hypoteettisena esimerkkin\u00e4. Kyseess\u00e4 ei ole tutkijan mukaan tilanne, joka olisi realisoitumassa l\u00e4hiaikoina.<\/p>\n<p class=\"article-body mb-nof-24 px-nof-16\">Samaa sanoo my\u00f6s Upin ohjelmajohtaja <a class=\"font-bold underline-offset-[0.12em] [text-decoration:var(--person-link-text-decoration)] ![text-decoration-color:var(--person-link-text-decoration-color)]\" href=\"https:\/\/www.is.fi\/haku\/?query=Harri%20Mikkola\" rel=\"nofollow noopener\" target=\"_blank\">Harri Mikkola<\/a>.<\/p>\n<p class=\"article-body mb-nof-24 px-nof-16\">\u2013 Ei se tietenk\u00e4\u00e4n ole poissuljettua, koska kuten hyvin tiedet\u00e4\u00e4n, niin Ven\u00e4j\u00e4n pitk\u00e4aikainen strateginen tavoite on saada Nato hajoamaan tai ainakin heikkenem\u00e4\u00e4n, Mikkola sanoo.<\/p>\n<p class=\"article-body mb-nof-24 px-nof-16\">\u2013 En kuitenkaan odottaisi, ett\u00e4 Suomen saaristo olisi se ensimm\u00e4inen testikohde.<\/p>\n<p><img decoding=\"async\" src=\"https:\/\/www.europesays.com\/fi\/wp-content\/uploads\/2026\/01\/1768546028_812_468.jpg\" alt=\"Ulkopoliittisen instituutin ohjelmajohtaja Harri Mikkola.\" class=\"_Img_1rerz_1\" style=\"aspect-ratio:1.4988290398126465\" loading=\"eager\"\/><\/p>\n<p class=\"article-picture-caption\">Ulkopoliittisen instituutin ohjelmajohtaja Harri Mikkola. Kuva:\u00a0Ulkopoliittinen instituutti<\/p>\n<p class=\"article-body mb-nof-24 px-nof-16\">Todenn\u00e4k\u00f6isemmin ensimm\u00e4inen testikohde olisi Mikkolan ja Linnainm\u00e4en mukaan Huippuvuoret.<\/p>\n<p class=\"article-body mb-nof-24 px-nof-16\">Norjan syrj\u00e4ist\u00e4 saariryhm\u00e4\u00e4 pidet\u00e4\u00e4n usein esimerkkin\u00e4 alueesta, jossa Ven\u00e4j\u00e4 voisi koetella Naton puolustuksen uskottavuutta.<\/p>\n<p class=\"article-body mb-nof-24 px-nof-16\">\u2013 Sit\u00e4, l\u00e4htisik\u00f6 Yhdysvallat tai suuret eurooppalaiset valtiot sotaan Ven\u00e4j\u00e4\u00e4 vastaan sin\u00e4ll\u00e4\u00e4n syrj\u00e4isen saariryhm\u00e4n vuoksi, Mikkola sanoo.<\/p>\n<p class=\"article-body mb-nof-24 px-nof-16\">Huippuvuoret voisi olla Mikkolan mukaan hybridivaikuttamisen kohteena my\u00f6s siksi, ett\u00e4 saariryhm\u00e4n kansainv\u00e4list\u00e4 asemaa m\u00e4\u00e4ritt\u00e4v\u00e4\u00e4n sopimukseen liittyy erilaisia tulkintoja siit\u00e4, mihin asti Norjan suvereniteetti ulottuu. T\u00e4m\u00e4 voisi osaltaan mahdollistaa toiminnan h\u00e4m\u00e4rrytt\u00e4misen.<\/p>\n<p><img decoding=\"async\" src=\"https:\/\/www.europesays.com\/fi\/wp-content\/uploads\/2026\/01\/1768546028_545_468.jpg\" alt=\"Huippuvuoret on Norjalle kuuluva demilitarisoitu saaristo, jossa my\u00f6s muiden maiden kansalaisilla on oikeus hy\u00f6dynt\u00e4\u00e4 saarten mineraalivaroja vapaasti.\" class=\"_Img_1rerz_1\" style=\"aspect-ratio:1.3963636363636365\" loading=\"eager\"\/><\/p>\n<p class=\"article-picture-caption\">Huippuvuoret on Norjalle kuuluva demilitarisoitu saaristo, jossa my\u00f6s muiden maiden kansalaisilla on oikeus hy\u00f6dynt\u00e4\u00e4 saarten mineraalivaroja vapaasti. Kuva:\u00a0Ilkka M\u00e4kinen \/ IS<\/p>\n<p class=\"article-body mb-nof-24 px-nof-16\">Jos Ven\u00e4j\u00e4 asettuisi Suomen saaristoon, olisi seurauksena v\u00e4lit\u00f6n reagointi Puolustusvoimilta ja sen j\u00e4lkeen Ruotsilta ja muilta Suomen l\u00e4heisilt\u00e4 kumppanimailta, arvioi Linnainm\u00e4ki.<\/p>\n<p class=\"article-body mb-nof-24 px-nof-16\">\u2013 Samaan aikaan yritett\u00e4isiin tietysti aktivoida Natoa toimimaan.<\/p>\n<p class=\"article-body mb-nof-24 px-nof-16\">Siihen, miten Nato tilanteeseen reagoisi, on Linnainm\u00e4en mukaan useita vaihtoehtoja.<\/p>\n<p class=\"article-body mb-nof-24 px-nof-16\">Ensinn\u00e4kin Naton Euroopan joukkojen komentaja voisi itsen\u00e4isesti m\u00e4\u00e4r\u00e4t\u00e4 joukkonsa reagoimaan tilanteeseen jo ennen kuin Nato tekisi yhteisi\u00e4 linjauksia. Apuun voisi yritt\u00e4\u00e4 l\u00e4hett\u00e4\u00e4 my\u00f6s esimerkiksi Britannian johtamat, kymmenen Pohjois-Euroopan maan muodostamat JEF-joukot.<\/p>\n<p class=\"article-body mb-nof-24 px-nof-16\">Kolmantena Linnainm\u00e4ki listaa Naton 5. artiklan aktivoimisen.<\/p>\n<p class=\"article-body mb-nof-24 px-nof-16\">\u2013 Varmasti artiklan aktivoimista yritett\u00e4isiin samaan aikaan, mutta olisi joustavampaa ja nopeampaa l\u00e4hte\u00e4 kahdella ensimm\u00e4isell\u00e4 liikkeelle.<\/p>\n<p class=\"article-body mb-nof-24 px-nof-16\">Testaisi Ven\u00e4j\u00e4 Natoa sitten Huippuvuorilla tai Suomen saaristossa, ottaisi se toiminnallaan valtavan riskin, Mikkola sanoo.<\/p>\n<p class=\"article-body mb-nof-24 px-nof-16\">\u2013 Siin\u00e4 vaiheessa olisi jo tehty p\u00e4\u00e4t\u00f6s siit\u00e4, ett\u00e4 aika on otollinen ja he voivat ottaa riskin.<\/p>\n<p class=\"article-body mb-nof-24 px-nof-16\">Provokaatiota ei Mikkolan mukaan voi sulkea pois. H\u00e4n kuitenkin n\u00e4kee, ett\u00e4 Ven\u00e4j\u00e4ll\u00e4 tuskin olisi l\u00e4hiaikoina edes kyky\u00e4 toteuttaa suurempia strategisia tavoitteitaan saavuttavia sotilaallisia toimia, kun iso osa sen joukoista ja kalustosta on sidottu Ukrainaan.<\/p>\n<p class=\"article-body mb-nof-24 px-nof-16\">Silti on t\u00e4rke\u00e4\u00e4, ett\u00e4 l\u00e4nsimaissa yritet\u00e4\u00e4n nyt luoda viestinn\u00e4ll\u00e4 ja puolustuksen vahvistamisella entist\u00e4 suurempi pelote Ven\u00e4j\u00e4lle, Mikkola sanoo.<\/p>\n<p class=\"article-body mb-nof-24 px-nof-16\">\u2013 Jotta t\u00e4llaista testaamista ei koskaan tapahdu.<\/p>\n<p class=\"article-body mb-nof-24 px-nof-16\">Viime aikoina on puhuttu my\u00f6s siit\u00e4, mit\u00e4 Natolle tapahtuisi, jos presidentti <a class=\"font-bold underline-offset-[0.12em] [text-decoration:var(--person-link-text-decoration)] ![text-decoration-color:var(--person-link-text-decoration-color)]\" href=\"https:\/\/www.is.fi\/haku\/?query=Donald%20Trump\" rel=\"nofollow noopener\" target=\"_blank\">Donald Trump<\/a> toteuttaisi uhkauksensa ja Yhdysvallat ottaisi Gr\u00f6nlannin haltuunsa. Trump on perustellut puheitaan sill\u00e4, ett\u00e4 Gr\u00f6nlannin ymp\u00e4rist\u00f6 kuhisisi ven\u00e4l\u00e4isi\u00e4 ja kiinalaisia sota-aluksia ja Yhdysvallat tarvitsisi aluetta puolustukseen.<\/p>\n<p class=\"article-body mb-nof-24 px-nof-16\">Useat asiantuntijat ja viranomaiset ymp\u00e4ri maailman ovat varoitelleet jopa Naton tuhosta. Ven\u00e4j\u00e4-asiantuntija <a class=\"font-bold underline-offset-[0.12em] [text-decoration:var(--person-link-text-decoration)] ![text-decoration-color:var(--person-link-text-decoration-color)]\" href=\"https:\/\/www.is.fi\/haku\/?query=Hanna%20Smith\" rel=\"nofollow noopener\" target=\"_blank\">Hanna Smith<\/a> arvioi aiemmin <a class=\"underline underline-offset-[0.12em] [text-decoration-thickness:var(--generic-link-underline-thickness)] [text-decoration-color:var(--generic-link-underline-color)] [text-decoration-skip-ink:var(--generic-link-underline-skip-ink)] break-words\" href=\"https:\/\/www.is.fi\/ulkomaat\/art-2000011746558.html\" rel=\"nofollow noopener\" target=\"_blank\">Ilta-Sanomille<\/a>, ett\u00e4 Ven\u00e4j\u00e4 saattaa vain lis\u00e4t\u00e4 uhkaansa Gr\u00f6nlannin suhteen, jotta Trump toteuttaisi puheensa ja Nato hajoaisi.<\/p>\n<p><img decoding=\"async\" src=\"https:\/\/www.europesays.com\/fi\/wp-content\/uploads\/2026\/01\/1768546028_784_468.jpg\" alt=\"Trump puhumassa Naton p\u00e4\u00e4sihteeri Mark Rutten kanssa Pohjois- Atlantin neuvoston kokouksessa Haagissa kes\u00e4kuussa 2025.\" class=\"_Img_1rerz_1\" style=\"aspect-ratio:1.5\" loading=\"eager\"\/><\/p>\n<p class=\"article-picture-caption\">Trump puhumassa Naton p\u00e4\u00e4sihteeri Mark Rutten kanssa Pohjois- Atlantin neuvoston kokouksessa Haagissa kes\u00e4kuussa 2025. Kuva:\u00a0Ludovic Marin<\/p>\n","protected":false},"excerpt":{"rendered":"Ruotsin komentaja esitti tiistaina, ett\u00e4 Ven\u00e4j\u00e4 voisi testata Naton 5. artiklan uskottavuutta asettumalla Suomen saaristoon. Ven\u00e4j\u00e4n ilmestyminen Suomen&hellip;\n","protected":false},"author":2,"featured_media":143744,"comment_status":"","ping_status":"","sticky":false,"template":"","format":"standard","meta":{"footnotes":""},"categories":[14],"tags":[22,23,26,27,33,31,30,17,34,24,25,28,29,15,18,21,32,19,20,56,16,59,60,61],"class_list":{"0":"post-143743","1":"post","2":"type-post","3":"status-publish","4":"format-standard","5":"has-post-thumbnail","7":"category-ulkomaat","8":"tag-breaking-news","9":"tag-breakingnews","10":"tag-featured-news","11":"tag-featurednews","12":"tag-fi","13":"tag-finland","14":"tag-finnish","15":"tag-headlines","16":"tag-ilta-sanomat","17":"tag-latest-news","18":"tag-latestnews","19":"tag-main-news","20":"tag-mainnews","21":"tag-news","22":"tag-otsikot","23":"tag-paauutiset","24":"tag-suomi","25":"tag-top-stories","26":"tag-topstories","27":"tag-ulkomaat","28":"tag-uutiset","29":"tag-world","30":"tag-world-news","31":"tag-worldnews"},"share_on_mastodon":{"url":"https:\/\/pubeurope.com\/@fi\/115903440077608981","error":""},"_links":{"self":[{"href":"https:\/\/www.europesays.com\/fi\/wp-json\/wp\/v2\/posts\/143743","targetHints":{"allow":["GET"]}}],"collection":[{"href":"https:\/\/www.europesays.com\/fi\/wp-json\/wp\/v2\/posts"}],"about":[{"href":"https:\/\/www.europesays.com\/fi\/wp-json\/wp\/v2\/types\/post"}],"author":[{"embeddable":true,"href":"https:\/\/www.europesays.com\/fi\/wp-json\/wp\/v2\/users\/2"}],"replies":[{"embeddable":true,"href":"https:\/\/www.europesays.com\/fi\/wp-json\/wp\/v2\/comments?post=143743"}],"version-history":[{"count":0,"href":"https:\/\/www.europesays.com\/fi\/wp-json\/wp\/v2\/posts\/143743\/revisions"}],"wp:featuredmedia":[{"embeddable":true,"href":"https:\/\/www.europesays.com\/fi\/wp-json\/wp\/v2\/media\/143744"}],"wp:attachment":[{"href":"https:\/\/www.europesays.com\/fi\/wp-json\/wp\/v2\/media?parent=143743"}],"wp:term":[{"taxonomy":"category","embeddable":true,"href":"https:\/\/www.europesays.com\/fi\/wp-json\/wp\/v2\/categories?post=143743"},{"taxonomy":"post_tag","embeddable":true,"href":"https:\/\/www.europesays.com\/fi\/wp-json\/wp\/v2\/tags?post=143743"}],"curies":[{"name":"wp","href":"https:\/\/api.w.org\/{rel}","templated":true}]}}