{"id":143745,"date":"2026-01-16T06:48:07","date_gmt":"2026-01-16T06:48:07","guid":{"rendered":"https:\/\/www.europesays.com\/fi\/143745\/"},"modified":"2026-01-16T06:48:07","modified_gmt":"2026-01-16T06:48:07","slug":"vakava-valikohtaus-koulun-vanhempainillassa-seinajoella","status":"publish","type":"post","link":"https:\/\/www.europesays.com\/fi\/143745\/","title":{"rendered":"Vakava v\u00e4likohtaus koulun vanhempainillassa Sein\u00e4joella"},"content":{"rendered":"<p>V\u00e4likohtaus sattui maanantaina Sein\u00e4joella, kertoo Ilkka-Pohjalainen.<\/p>\n<p><img decoding=\"async\" class=\"image image-show image-preview\" src=\"https:\/\/www.europesays.com\/fi\/wp-content\/uploads\/2026\/01\/7da3e5d5b5c10892e0604327364f8e32798def0f045cc41e107e114b877410c8.jpg\" alt=\"\"\/><img decoding=\"async\" class=\"image image-show\" src=\"https:\/\/www.europesays.com\/fi\/wp-content\/uploads\/2026\/01\/1768546087_427_7da3e5d5b5c10892e0604327364f8e32798def0f045cc41e107e114b877410c8.jpg\" alt=\"\"\/><\/p>\n<p>\u2013 Yksi osallistuja k\u00e4vi valitettavasti fyysisesti kiinni henkil\u00f6st\u00f6\u00f6n, kaupungilta vahvistetaan lehdelle. Kuvituskuva. petteri paalasmaa<\/p>\n<p class=\"paragraph\">Oppilaan huoltaja k\u00e4vi k\u00e4siksi opettajaan vanhempainillassa Sein\u00e4joella, kertoo <a href=\"https:\/\/www.ilkkapohjalainen.fi\/huoltaja-kavi-opettajaan-kasiksi-vanhempainillassa\/12489579\" target=\"_blank\" rel=\"noopener nofollow\">Ilkka-Pohjalainen<\/a>.<\/p>\n<p class=\"paragraph\">Huoltajat olivat p\u00e4\u00e4sseet tutustumaan Tiklaksen v\u00e4ist\u00f6tiloihin maanantaina, ja v\u00e4liaikainen koulu ei miellytt\u00e4nyt kaikkia, I-P kertoo. Huoltajat ovat kritisoineet sit\u00e4, ett\u00e4 heill\u00e4 ei ole ollut mahdollisuutta vaikuttaa p\u00e4\u00e4t\u00f6kseen valmisteluvaiheessa.<\/p>\n<p class=\"paragraph\">\u2013 Huoltaja oli ottanut opettajaa rinnuksista kiinni ja ty\u00f6nt\u00e4nyt t\u00e4m\u00e4n sein\u00e4\u00e4 vasten vaatien asioiden selvitt\u00e4mist\u00e4 heti, nimet\u00f6n l\u00e4hde kertoo lehdelle.<\/p>\n<p class=\"paragraph\">V\u00e4likohtauksen vahvistavat lehdelle Sein\u00e4joen sivistys- ja hyvinvointijohtaja <strong>Antti Takala<\/strong>,\u00a0opetustoimenjohtaja <strong>Ville J\u00e4rvi<\/strong> sek\u00e4 perusopetusjohtaja <strong>Tuomo Lukkari<\/strong>.<\/p>\n<p class=\"paragraph\">Heid\u00e4n mukaansa palveluverkon ja opetuspaikkojen muutokset her\u00e4tt\u00e4v\u00e4t usein tunteita ja vahvoja reaktioita.<\/p>\n<p class=\"paragraph\">\u2013 Yksi osallistuja k\u00e4vi valitettavasti fyysisesti kiinni henkil\u00f6st\u00f6\u00f6n. Tilanne rauhoitettiin nopeasti, ja henkil\u00f6 pyydettiin poistumaan paikalta. Kaupunki on ryhtynyt tarvittaviin toimenpiteisiin, jotta vastaavaa ei tapahtuisi uudelleen, he kertovat Ilkka-Pohjalaiselle yhteisesti allekirjoittamassaan s\u00e4hk\u00f6postiviestiss\u00e4.<\/p>\n<p class=\"paragraph\">Takala ei halunnut kommentoida lehdelle, mit\u00e4 toimet ovat.<\/p>\n<p class=\"paragraph\">Maanantain v\u00e4likohtauksen seurauksena Sein\u00e4joen asukkaiden ensimm\u00e4iselle kyselytunnille palkattiin kaksi turvamiest\u00e4 turvaamaan valtuustoryhmien puheenjohtajia ja kaupungin virkamiehi\u00e4, I-P kertoo. Turvamiesten v\u00e4liintulolle ei lopulta ollut tarvetta.<\/p>\n","protected":false},"excerpt":{"rendered":"V\u00e4likohtaus sattui maanantaina Sein\u00e4joella, kertoo Ilkka-Pohjalainen. \u2013 Yksi osallistuja k\u00e4vi valitettavasti fyysisesti kiinni henkil\u00f6st\u00f6\u00f6n, kaupungilta vahvistetaan lehdelle. Kuvituskuva.&hellip;\n","protected":false},"author":2,"featured_media":143746,"comment_status":"","ping_status":"","sticky":false,"template":"","format":"standard","meta":{"footnotes":""},"categories":[12],"tags":[35,22,23,26,27,33,31,30,17,615,96,757,100,24,25,28,29,15,18,21,103,32,19,20,16],"class_list":{"0":"post-143745","1":"post","2":"type-post","3":"status-publish","4":"format-standard","5":"has-post-thumbnail","7":"category-suomi","8":"tag-24h","9":"tag-breaking-news","10":"tag-breakingnews","11":"tag-featured-news","12":"tag-featurednews","13":"tag-fi","14":"tag-finland","15":"tag-finnish","16":"tag-headlines","17":"tag-koulut","18":"tag-koulutus","19":"tag-koulutus-ja-kasvatus","20":"tag-lapset-ja-nuoret","21":"tag-latest-news","22":"tag-latestnews","23":"tag-main-news","24":"tag-mainnews","25":"tag-news","26":"tag-otsikot","27":"tag-paauutiset","28":"tag-sosiaalikysymykset","29":"tag-suomi","30":"tag-top-stories","31":"tag-topstories","32":"tag-uutiset"},"share_on_mastodon":{"url":"https:\/\/pubeurope.com\/@fi\/115903444039976049","error":""},"_links":{"self":[{"href":"https:\/\/www.europesays.com\/fi\/wp-json\/wp\/v2\/posts\/143745","targetHints":{"allow":["GET"]}}],"collection":[{"href":"https:\/\/www.europesays.com\/fi\/wp-json\/wp\/v2\/posts"}],"about":[{"href":"https:\/\/www.europesays.com\/fi\/wp-json\/wp\/v2\/types\/post"}],"author":[{"embeddable":true,"href":"https:\/\/www.europesays.com\/fi\/wp-json\/wp\/v2\/users\/2"}],"replies":[{"embeddable":true,"href":"https:\/\/www.europesays.com\/fi\/wp-json\/wp\/v2\/comments?post=143745"}],"version-history":[{"count":0,"href":"https:\/\/www.europesays.com\/fi\/wp-json\/wp\/v2\/posts\/143745\/revisions"}],"wp:featuredmedia":[{"embeddable":true,"href":"https:\/\/www.europesays.com\/fi\/wp-json\/wp\/v2\/media\/143746"}],"wp:attachment":[{"href":"https:\/\/www.europesays.com\/fi\/wp-json\/wp\/v2\/media?parent=143745"}],"wp:term":[{"taxonomy":"category","embeddable":true,"href":"https:\/\/www.europesays.com\/fi\/wp-json\/wp\/v2\/categories?post=143745"},{"taxonomy":"post_tag","embeddable":true,"href":"https:\/\/www.europesays.com\/fi\/wp-json\/wp\/v2\/tags?post=143745"}],"curies":[{"name":"wp","href":"https:\/\/api.w.org\/{rel}","templated":true}]}}