{"id":143759,"date":"2026-01-16T07:14:07","date_gmt":"2026-01-16T07:14:07","guid":{"rendered":"https:\/\/www.europesays.com\/fi\/143759\/"},"modified":"2026-01-16T07:14:07","modified_gmt":"2026-01-16T07:14:07","slug":"hu-helmi-kertoo-siskonsa-avustetusta-itsemurhasta-sveitsissa-haluaa-mahdolliseksi-myos-suomessa","status":"publish","type":"post","link":"https:\/\/www.europesays.com\/fi\/143759\/","title":{"rendered":"HU: Helmi kertoo siskonsa avustetusta itsemurhasta Sveitsiss\u00e4 \u2013 haluaa mahdolliseksi my\u00f6s Suomessa"},"content":{"rendered":"<p>Helmi kertoo tilanteesta HU:lle avoimesti.<\/p>\n<p class=\"article-body mb-nof-24 px-nof-16\">Helsinkil\u00e4inen <a class=\"font-bold underline-offset-[0.12em] [text-decoration:var(--person-link-text-decoration)] ![text-decoration-color:var(--person-link-text-decoration-color)]\" href=\"https:\/\/www.is.fi\/haku\/?query=Helmi%20Dahlstr%C3%B6m\" rel=\"nofollow noopener\" target=\"_blank\">Helmi Dahlstr\u00f6m<\/a> <a class=\"underline underline-offset-[0.12em] [text-decoration-thickness:var(--generic-link-underline-thickness)] [text-decoration-color:var(--generic-link-underline-color)] [text-decoration-skip-ink:var(--generic-link-underline-skip-ink)] break-words\" href=\"https:\/\/www.helsinginuutiset.fi\/paikalliset\/9112166\" rel=\"nofollow noopener\" target=\"_blank\">kertoo<\/a> Helsingin Uutisille (HU) siskonsa <a class=\"font-bold underline-offset-[0.12em] [text-decoration:var(--person-link-text-decoration)] ![text-decoration-color:var(--person-link-text-decoration-color)]\" href=\"https:\/\/www.is.fi\/haku\/?query=Irenen\" rel=\"nofollow noopener\" target=\"_blank\">Irenen<\/a> tehneen avustetun itsemurhan Sveitsiss\u00e4.<\/p>\n<p class=\"article-body mb-nof-24 px-nof-16\">Helmi Dahlstr\u00f6m ja muu Irenen perhe sai tiet\u00e4\u00e4 asiasta vasta juuri Irenen kuoleman j\u00e4lkeen, kun Sveitsist\u00e4 soitettiin ja kerrottiin asiasta puhelimitse. HU:n mukaan Irene ei ollut uskaltanut kertoa perheelleen asiasta, jotta perhe ei est\u00e4isi l\u00e4ht\u00f6\u00e4.<\/p>\n<p class=\"article-body mb-nof-24 px-nof-16\">Dahlstr\u00f6min mukaan Irene-sisko oli sairastanut yli kymmenen vuotta Arnold-Chiarin oireyhtym\u00e4\u00e4. Dahlstr\u00f6m kertoo HU:lle sairauden aiheuttavan vakavia neurologisia oireita, ja kuvaa siskonsa olleen \u201dtosi v\u00e4synyt jatkuviin kipuihin\u201d.<\/p>\n<p class=\"article-body mb-nof-24 px-nof-16\">Helmi Dahlstr\u00f6m kertoo HU:lle, ett\u00e4 haluaisi avustetun itsemurhan ja eutanasian lailliseksi Suomessa.<\/p>\n<p class=\"article-body mb-nof-24 px-nof-16\">\u2013 Sen tavoitteena on lopettaa siet\u00e4m\u00e4t\u00f6n k\u00e4rsimys, jota ei en\u00e4\u00e4 voida mill\u00e4\u00e4n keinoilla lievitt\u00e4\u00e4. Asianomainen tekee p\u00e4\u00e4t\u00f6ksen vapaaehtoisesti ilman ulkoisia paineita, Dahlstr\u00f6m sanoo.<\/p>\n<p class=\"article-body mb-nof-24 px-nof-16\">Dahlstr\u00f6m kertoo HU:lle, ett\u00e4 olisi halunnut olla siskonsa kanssa t\u00e4m\u00e4n kuollessa. My\u00f6s Irene itse kertoi j\u00e4lkeens\u00e4 j\u00e4tt\u00e4miss\u00e4 kirjeiss\u00e4, ett\u00e4 olisi halunnut kuolla Suomessa, Dahlstr\u00f6m sanoo.<\/p>\n<p>\u00c4l\u00e4 j\u00e4\u00e4 yksin \u2013 apua on saatavilla<\/p>\n<p class=\"article-body mb-nof-24 px-nof-16\">Jos sinulla tai l\u00e4heisell\u00e4si on itsetuhoisia ajatuksia, muista ett\u00e4 apua on saatavilla. Apua ja tukea voi hakea esimerkiksi seuraavista paikoista:<\/p>\n<ul class=\"mb-nof-16 px-nof-16 article-unordered-list unordered-list\">\n<li class=\"unordered-list-item\">\n<p class=\"article-body\">H\u00e4t\u00e4tilanteessa soita v\u00e4litt\u00f6m\u00e4sti h\u00e4t\u00e4numeroon 112.<\/p>\n<\/li>\n<li class=\"unordered-list-item\">\n<p class=\"article-body\">Voit my\u00f6s suoraan soittaa oman paikkakuntasi terveyskeskukseen\u00a0tai hakeutua\u00a0terveyskeskus\u00adp\u00e4ivystykseen.<\/p>\n<\/li>\n<li class=\"unordered-list-item\">\n<p class=\"article-body\">Mieli Kriisipuhelin p\u00e4ivyst\u00e4\u00e4 numerossa 09\u202f2525\u202f0111 suomeksi vuoden jokaisena p\u00e4iv\u00e4n\u00e4 ymp\u00e4ri vuorokauden. Kriisipuhelimella on suppeammilla aukioloajoilla linjat my\u00f6s <a class=\"underline underline-offset-[0.12em] [text-decoration-thickness:var(--generic-link-underline-thickness)] [text-decoration-color:var(--generic-link-underline-color)] [text-decoration-skip-ink:var(--generic-link-underline-skip-ink)] break-words font-bold\" href=\"https:\/\/mieli.fi\/sv\/stod-och-hjalp\/kristelefon\/\" rel=\"nofollow noopener\" target=\"_blank\">ruotsiksi<\/a> (puh. 09 2525 0112) ja <a class=\"underline underline-offset-[0.12em] [text-decoration-thickness:var(--generic-link-underline-thickness)] [text-decoration-color:var(--generic-link-underline-color)] [text-decoration-skip-ink:var(--generic-link-underline-skip-ink)] break-words font-bold\" href=\"https:\/\/mieli.fi\/en\/support-and-help\/crisis-helpline\/\" rel=\"nofollow noopener\" target=\"_blank\">englanniksi<\/a> (puh. 09\u202f2525\u202f0116).<\/p>\n<\/li>\n<li class=\"unordered-list-item\">\n<p class=\"article-body\">Itsemurhien ehk\u00e4isykeskus tarjoaa apua ja tukea itsemurhaa yritt\u00e4neille ja heid\u00e4n l\u00e4heisilleen sek\u00e4 itsemurhan tehneiden omaisille. Toimipisteet ovat Helsingiss\u00e4 ja Kuopiossa. Lis\u00e4tietoja l\u00f6yd\u00e4t <a class=\"underline underline-offset-[0.12em] [text-decoration-thickness:var(--generic-link-underline-thickness)] [text-decoration-color:var(--generic-link-underline-color)] [text-decoration-skip-ink:var(--generic-link-underline-skip-ink)] break-words\" href=\"https:\/\/mieli.fi\/tukea-ja-apua\/itsemurhien-ehkaisykeskus\/\" rel=\"nofollow noopener\" target=\"_blank\">t\u00e4\u00e4lt\u00e4<\/a>.<\/p>\n<\/li>\n<li class=\"unordered-list-item\">\n<p class=\"article-body\">Kriisikeskusverkoston kriisikeskuksiin voit ottaa yhteytt\u00e4, jos sin\u00e4 tai l\u00e4heisesi tarvitsette tukea ja apua. Vastaanotolle voi hakeutua ilman l\u00e4hetett\u00e4 varaamalla ajan suoraan kriisikeskuksesta. Lis\u00e4tietoja l\u00f6yd\u00e4t <a class=\"underline underline-offset-[0.12em] [text-decoration-thickness:var(--generic-link-underline-thickness)] [text-decoration-color:var(--generic-link-underline-color)] [text-decoration-skip-ink:var(--generic-link-underline-skip-ink)] break-words\" href=\"https:\/\/mieli.fi\/tukea-ja-apua\/keskusteluapua-kriisivastaanotoilla\/\" rel=\"nofollow noopener\" target=\"_blank\">t\u00e4\u00e4lt\u00e4<\/a>.<\/p>\n<\/li>\n<li class=\"unordered-list-item\">\n<p class=\"article-body\">Tukinetist\u00e4 l\u00f6ytyy apua ja tukea tarjoavia palveluita. Tukinetin teemojen kautta voit tutustua sinua koskettaviin aiheisiin, osallistua ryhm\u00e4chatteihin tai kahdenkeskisiin chatteihin, osallistua ryhm\u00e4keskusteluihin ja saada henkil\u00f6kohtaisen tukihenkil\u00f6n. L\u00f6yd\u00e4t Tukinetin <a class=\"underline underline-offset-[0.12em] [text-decoration-thickness:var(--generic-link-underline-thickness)] [text-decoration-color:var(--generic-link-underline-color)] [text-decoration-skip-ink:var(--generic-link-underline-skip-ink)] break-words\" href=\"https:\/\/tukinet.net\/\" rel=\"nofollow noopener\" target=\"_blank\">t\u00e4\u00e4lt\u00e4<\/a>.<\/p>\n<\/li>\n<li class=\"unordered-list-item\">\n<p class=\"article-body\">Keskusteluapua kirjoittaen saa esimerkiksi <a class=\"underline underline-offset-[0.12em] [text-decoration-thickness:var(--generic-link-underline-thickness)] [text-decoration-color:var(--generic-link-underline-color)] [text-decoration-skip-ink:var(--generic-link-underline-skip-ink)] break-words\" href=\"https:\/\/www.mieli.fi\/kriisichat\" rel=\"nofollow noopener\" target=\"_blank\">Mieli Kriisichatista<\/a>, joka on auki maanantaista torstaihin klo 15\u201321.<\/p>\n<\/li>\n<li class=\"unordered-list-item\">\n<p class=\"article-body\">Sekasin-chat palvelee nuoria (12\u201329-vuotiaita). Chatiss\u00e4 voit keskustella mielt\u00e4 askarruttavasta kysymyksist\u00e4 ja aiheista nimett\u00f6m\u00e4n\u00e4 ja luottamuksellisesti. Chat on auki vuoden jokaisena p\u00e4iv\u00e4n\u00e4, maanantaista perjantaihin klo 9\u201324 sek\u00e4 lauantaisin ja sunnuntaisin klo 15\u201324. Sekasin-chattiin p\u00e4\u00e4set <a class=\"underline underline-offset-[0.12em] [text-decoration-thickness:var(--generic-link-underline-thickness)] [text-decoration-color:var(--generic-link-underline-color)] [text-decoration-skip-ink:var(--generic-link-underline-skip-ink)] break-words\" href=\"https:\/\/sekasin.fi\/\" rel=\"nofollow noopener\" target=\"_blank\">t\u00e4\u00e4lt\u00e4<\/a>.<\/p>\n<\/li>\n<li class=\"unordered-list-item\">\n<p class=\"article-body\">Alueelliset sosiaali- ja kriisip\u00e4ivystykset tarjoavat neuvontaa ja apua j\u00e4rkytt\u00e4viss\u00e4 el\u00e4m\u00e4ntilanteissa. Yhteystiedot l\u00f6ytyv\u00e4t usein kunnan tai hyvinvointialueen verkkosivuilta.<\/p>\n<\/li>\n<\/ul>\n<p class=\"article-body mb-nof-24 px-nof-16\">Avustetussa itsemurhassa ihminen tekee itse oman el\u00e4m\u00e4ns\u00e4 p\u00e4\u00e4tt\u00e4v\u00e4n toimenpiteen niin, ett\u00e4 toinen ihminen tai taho j\u00e4rjest\u00e4\u00e4 v\u00e4lineet siihen.<\/p>\n<p class=\"article-body mb-nof-24 px-nof-16\">Eutanasia puolestaan jaotellaan usein niin sanottuun passiiviseen ja aktiiviseen eutanasiaan.<\/p>\n<p class=\"article-body mb-nof-24 px-nof-16\">Aktiivisessa eutanasiassa ihminen lopettaa jollain teolla toisen ihmisen el\u00e4m\u00e4n t\u00e4m\u00e4n omasta pyynn\u00f6st\u00e4. Toisin kuin avustetussa itsemurhassa ei el\u00e4m\u00e4n lopettavaa toimenpidett\u00e4 siis tee kuolemaa pyyt\u00e4v\u00e4 ihminen itse, vaan joku muu. Aktiivinen eutanasia on Suomessa kielletty\u00e4 ja rangaistavaa.<\/p>\n<p class=\"article-body mb-nof-24 px-nof-16\">Passiivisessa eutanasiassa taas joko lopetetaan ihmisen el\u00e4m\u00e4\u00e4 yll\u00e4pit\u00e4v\u00e4 hoito, tai j\u00e4tet\u00e4\u00e4n aloittamatta hoitotoimenpide, joka pit\u00e4isi ihmisen elossa. Passiivisenkin eutanasian pit\u00e4\u00e4 perustua kuolevan ihmisen omaan tahtoon.<\/p>\n<p class=\"article-body mb-nof-24 px-nof-16\">Suomessa potilaalla on oikeus kielt\u00e4yty\u00e4 hoidosta tai hoitotoimenpiteest\u00e4. T\u00e4llainen passiivinen eutanasia on siis Suomessa mahdollista.<\/p>\n<p class=\"article-body mb-nof-24 px-nof-16\">Aktiivinen eutanasia on kielletty\u00e4 my\u00f6s Sveitsiss\u00e4, mutta avustettu itsemurha ei ole. Aktiivinen eutanasia on puolestaan laillista joissain muissa maissa, esimerkiksi Alankomaissa. Viime vuonna eutanasia laillistettiin <a class=\"underline underline-offset-[0.12em] [text-decoration-thickness:var(--generic-link-underline-thickness)] [text-decoration-color:var(--generic-link-underline-color)] [text-decoration-skip-ink:var(--generic-link-underline-skip-ink)] break-words\" href=\"https:\/\/www.is.fi\/ulkomaat\/art-2000011375116.html\" rel=\"nofollow noopener\" target=\"_blank\">Sloveniassa<\/a> ja <a class=\"underline underline-offset-[0.12em] [text-decoration-thickness:var(--generic-link-underline-thickness)] [text-decoration-color:var(--generic-link-underline-color)] [text-decoration-skip-ink:var(--generic-link-underline-skip-ink)] break-words\" href=\"https:\/\/www.is.fi\/ulkomaat\/art-2000011563378.html\" rel=\"nofollow noopener\" target=\"_blank\">Uruguayssa<\/a>.<\/p>\n<p>\u00c4l\u00e4 j\u00e4\u00e4 yksin \u2013 apua on saatavilla<\/p>\n<p class=\"article-body mb-nof-24 px-nof-16\">Jos sinulla tai l\u00e4heisell\u00e4si on itsetuhoisia ajatuksia, muista ett\u00e4 apua on saatavilla. Apua ja tukea voi hakea esimerkiksi seuraavista paikoista:<\/p>\n<ul class=\"mb-nof-16 px-nof-16 article-unordered-list unordered-list\">\n<li class=\"unordered-list-item\">\n<p class=\"article-body\">H\u00e4t\u00e4tilanteessa soita v\u00e4litt\u00f6m\u00e4sti h\u00e4t\u00e4numeroon 112.<\/p>\n<\/li>\n<li class=\"unordered-list-item\">\n<p class=\"article-body\">Voit my\u00f6s suoraan soittaa oman paikkakuntasi terveyskeskukseen\u00a0tai hakeutua\u00a0terveyskeskus\u00adp\u00e4ivystykseen.<\/p>\n<\/li>\n<li class=\"unordered-list-item\">\n<p class=\"article-body\">Mieli Kriisipuhelin p\u00e4ivyst\u00e4\u00e4 numerossa 09\u202f2525\u202f0111 suomeksi vuoden jokaisena p\u00e4iv\u00e4n\u00e4 ymp\u00e4ri vuorokauden. Kriisipuhelimella on suppeammilla aukioloajoilla linjat my\u00f6s <a class=\"underline underline-offset-[0.12em] [text-decoration-thickness:var(--generic-link-underline-thickness)] [text-decoration-color:var(--generic-link-underline-color)] [text-decoration-skip-ink:var(--generic-link-underline-skip-ink)] break-words font-bold\" href=\"https:\/\/mieli.fi\/sv\/stod-och-hjalp\/kristelefon\/\" rel=\"nofollow noopener\" target=\"_blank\">ruotsiksi<\/a> (puh. 09 2525 0112) ja <a class=\"underline underline-offset-[0.12em] [text-decoration-thickness:var(--generic-link-underline-thickness)] [text-decoration-color:var(--generic-link-underline-color)] [text-decoration-skip-ink:var(--generic-link-underline-skip-ink)] break-words font-bold\" href=\"https:\/\/mieli.fi\/en\/support-and-help\/crisis-helpline\/\" rel=\"nofollow noopener\" target=\"_blank\">englanniksi<\/a> (puh. 09\u202f2525\u202f0116).<\/p>\n<\/li>\n<li class=\"unordered-list-item\">\n<p class=\"article-body\">Itsemurhien ehk\u00e4isykeskus tarjoaa apua ja tukea itsemurhaa yritt\u00e4neille ja heid\u00e4n l\u00e4heisilleen sek\u00e4 itsemurhan tehneiden omaisille. Toimipisteet ovat Helsingiss\u00e4 ja Kuopiossa. Lis\u00e4tietoja l\u00f6yd\u00e4t <a class=\"underline underline-offset-[0.12em] [text-decoration-thickness:var(--generic-link-underline-thickness)] [text-decoration-color:var(--generic-link-underline-color)] [text-decoration-skip-ink:var(--generic-link-underline-skip-ink)] break-words\" href=\"https:\/\/mieli.fi\/tukea-ja-apua\/itsemurhien-ehkaisykeskus\/\" rel=\"nofollow noopener\" target=\"_blank\">t\u00e4\u00e4lt\u00e4<\/a>.<\/p>\n<\/li>\n<li class=\"unordered-list-item\">\n<p class=\"article-body\">Kriisikeskusverkoston kriisikeskuksiin voit ottaa yhteytt\u00e4, jos sin\u00e4 tai l\u00e4heisesi tarvitsette tukea ja apua. Vastaanotolle voi hakeutua ilman l\u00e4hetett\u00e4 varaamalla ajan suoraan kriisikeskuksesta. Lis\u00e4tietoja l\u00f6yd\u00e4t <a class=\"underline underline-offset-[0.12em] [text-decoration-thickness:var(--generic-link-underline-thickness)] [text-decoration-color:var(--generic-link-underline-color)] [text-decoration-skip-ink:var(--generic-link-underline-skip-ink)] break-words\" href=\"https:\/\/mieli.fi\/tukea-ja-apua\/keskusteluapua-kriisivastaanotoilla\/\" rel=\"nofollow noopener\" target=\"_blank\">t\u00e4\u00e4lt\u00e4<\/a>.<\/p>\n<\/li>\n<li class=\"unordered-list-item\">\n<p class=\"article-body\">Tukinetist\u00e4 l\u00f6ytyy apua ja tukea tarjoavia palveluita. Tukinetin teemojen kautta voit tutustua sinua koskettaviin aiheisiin, osallistua ryhm\u00e4chatteihin tai kahdenkeskisiin chatteihin, osallistua ryhm\u00e4keskusteluihin ja saada henkil\u00f6kohtaisen tukihenkil\u00f6n. L\u00f6yd\u00e4t Tukinetin <a class=\"underline underline-offset-[0.12em] [text-decoration-thickness:var(--generic-link-underline-thickness)] [text-decoration-color:var(--generic-link-underline-color)] [text-decoration-skip-ink:var(--generic-link-underline-skip-ink)] break-words\" href=\"https:\/\/tukinet.net\/\" rel=\"nofollow noopener\" target=\"_blank\">t\u00e4\u00e4lt\u00e4<\/a>.<\/p>\n<\/li>\n<li class=\"unordered-list-item\">\n<p class=\"article-body\">Keskusteluapua kirjoittaen saa esimerkiksi <a class=\"underline underline-offset-[0.12em] [text-decoration-thickness:var(--generic-link-underline-thickness)] [text-decoration-color:var(--generic-link-underline-color)] [text-decoration-skip-ink:var(--generic-link-underline-skip-ink)] break-words\" href=\"https:\/\/www.mieli.fi\/kriisichat\" rel=\"nofollow noopener\" target=\"_blank\">Mieli Kriisichatista<\/a>, joka on auki maanantaista torstaihin klo 15\u201321.<\/p>\n<\/li>\n<li class=\"unordered-list-item\">\n<p class=\"article-body\">Sekasin-chat palvelee nuoria (12\u201329-vuotiaita). Chatiss\u00e4 voit keskustella mielt\u00e4 askarruttavasta kysymyksist\u00e4 ja aiheista nimett\u00f6m\u00e4n\u00e4 ja luottamuksellisesti. Chat on auki vuoden jokaisena p\u00e4iv\u00e4n\u00e4, maanantaista perjantaihin klo 9\u201324 sek\u00e4 lauantaisin ja sunnuntaisin klo 15\u201324. Sekasin-chattiin p\u00e4\u00e4set <a class=\"underline underline-offset-[0.12em] [text-decoration-thickness:var(--generic-link-underline-thickness)] [text-decoration-color:var(--generic-link-underline-color)] [text-decoration-skip-ink:var(--generic-link-underline-skip-ink)] break-words\" href=\"https:\/\/sekasin.fi\/\" rel=\"nofollow noopener\" target=\"_blank\">t\u00e4\u00e4lt\u00e4<\/a>.<\/p>\n<\/li>\n<li class=\"unordered-list-item\">\n<p class=\"article-body\">Alueelliset sosiaali- ja kriisip\u00e4ivystykset tarjoavat neuvontaa ja apua j\u00e4rkytt\u00e4viss\u00e4 el\u00e4m\u00e4ntilanteissa. Yhteystiedot l\u00f6ytyv\u00e4t usein kunnan tai hyvinvointialueen verkkosivuilta.<\/p>\n<\/li>\n<\/ul>\n","protected":false},"excerpt":{"rendered":"Helmi kertoo tilanteesta HU:lle avoimesti. Helsinkil\u00e4inen Helmi Dahlstr\u00f6m kertoo Helsingin Uutisille (HU) siskonsa Irenen tehneen avustetun itsemurhan Sveitsiss\u00e4.&hellip;\n","protected":false},"author":2,"featured_media":143760,"comment_status":"","ping_status":"","sticky":false,"template":"","format":"standard","meta":{"footnotes":""},"categories":[12],"tags":[22,23,26,27,33,31,30,17,34,24,25,28,29,15,18,21,32,19,20,16],"class_list":{"0":"post-143759","1":"post","2":"type-post","3":"status-publish","4":"format-standard","5":"has-post-thumbnail","7":"category-suomi","8":"tag-breaking-news","9":"tag-breakingnews","10":"tag-featured-news","11":"tag-featurednews","12":"tag-fi","13":"tag-finland","14":"tag-finnish","15":"tag-headlines","16":"tag-ilta-sanomat","17":"tag-latest-news","18":"tag-latestnews","19":"tag-main-news","20":"tag-mainnews","21":"tag-news","22":"tag-otsikot","23":"tag-paauutiset","24":"tag-suomi","25":"tag-top-stories","26":"tag-topstories","27":"tag-uutiset"},"share_on_mastodon":{"url":"https:\/\/pubeurope.com\/@fi\/115903546275432812","error":""},"_links":{"self":[{"href":"https:\/\/www.europesays.com\/fi\/wp-json\/wp\/v2\/posts\/143759","targetHints":{"allow":["GET"]}}],"collection":[{"href":"https:\/\/www.europesays.com\/fi\/wp-json\/wp\/v2\/posts"}],"about":[{"href":"https:\/\/www.europesays.com\/fi\/wp-json\/wp\/v2\/types\/post"}],"author":[{"embeddable":true,"href":"https:\/\/www.europesays.com\/fi\/wp-json\/wp\/v2\/users\/2"}],"replies":[{"embeddable":true,"href":"https:\/\/www.europesays.com\/fi\/wp-json\/wp\/v2\/comments?post=143759"}],"version-history":[{"count":0,"href":"https:\/\/www.europesays.com\/fi\/wp-json\/wp\/v2\/posts\/143759\/revisions"}],"wp:featuredmedia":[{"embeddable":true,"href":"https:\/\/www.europesays.com\/fi\/wp-json\/wp\/v2\/media\/143760"}],"wp:attachment":[{"href":"https:\/\/www.europesays.com\/fi\/wp-json\/wp\/v2\/media?parent=143759"}],"wp:term":[{"taxonomy":"category","embeddable":true,"href":"https:\/\/www.europesays.com\/fi\/wp-json\/wp\/v2\/categories?post=143759"},{"taxonomy":"post_tag","embeddable":true,"href":"https:\/\/www.europesays.com\/fi\/wp-json\/wp\/v2\/tags?post=143759"}],"curies":[{"name":"wp","href":"https:\/\/api.w.org\/{rel}","templated":true}]}}