{"id":143761,"date":"2026-01-16T07:15:09","date_gmt":"2026-01-16T07:15:09","guid":{"rendered":"https:\/\/www.europesays.com\/fi\/143761\/"},"modified":"2026-01-16T07:15:09","modified_gmt":"2026-01-16T07:15:09","slug":"presidentin-omia-peukaloita-ei-tunnistettu-peukaloiduissa-vaaleissa","status":"publish","type":"post","link":"https:\/\/www.europesays.com\/fi\/143761\/","title":{"rendered":"Presidentin omia peukaloita ei tunnistettu peukaloiduissa vaaleissa"},"content":{"rendered":"<p>Lue tiivistelm\u00e4<\/p>\n<p class=\"article-body mb-nof-24 px-nof-16 sndp-summary-bullet-point-font\">Ugandan presidentinvaaleissa oppositio syytt\u00e4\u00e4 valtapuoluetta \u00e4\u00e4nestyksen tahallisesta vaikeuttamisesta.<\/p>\n<p class=\"article-body mb-nof-24 px-nof-16 sndp-summary-bullet-point-font\">Oppositioehdokas Bobi Winen kannattajia on pid\u00e4tetty satoja, ja turvallisuusjoukot ovat avanneet tulen h\u00e4nen kampanjatilaisuuksissaan.<\/p>\n<p class=\"article-body mb-nof-24 px-nof-16 sndp-summary-bullet-point-font\">Vaalip\u00e4iv\u00e4n\u00e4 biometriset tunnistuslaitteet takkuilivat, eik\u00e4 kaikille \u00e4\u00e4nestyspaikoille ollut toimitettu vaaliuurnia.<\/p>\n<p class=\"article-body mb-nof-24 px-nof-16 sndp-summary-bullet-point-font\">Presidentti Yoweri Museveni, joka on johtanut Ugandaa vuodesta 1986, kertoi ett\u00e4 h\u00e4nen peukaloj\u00e4lki\u00e4\u00e4n ei tunnistettu \u00e4\u00e4nestyspaikalla.<\/p>\n<p class=\"article-body mb-nof-24 px-nof-16\">Oppositio syytti valtapuoluetta \u00e4\u00e4nestyksen tahallisesta vaikeuttamisesta Ugandan vaaleissa torstaina, kertovat uutistoimistot AFP ja Reuters.<\/p>\n<p class=\"article-body mb-nof-24 px-nof-16\">Presidentinvaaleissa reggaemuusikko ja demokratia-aktivisti <a class=\"font-bold underline-offset-[0.12em] [text-decoration:var(--person-link-text-decoration)] ![text-decoration-color:var(--person-link-text-decoration-color)]\" href=\"https:\/\/www.hs.fi\/haku\/?query=Bobi%20Wine\" rel=\"nofollow noopener\" target=\"_blank\">Bobi Wine<\/a>, 43, sek\u00e4 kuusi muuta oppositioehdokasta haastavat <a class=\"font-bold underline-offset-[0.12em] [text-decoration:var(--person-link-text-decoration)] ![text-decoration-color:var(--person-link-text-decoration-color)]\" href=\"https:\/\/www.hs.fi\/haku\/?query=Yoweri%20Musevenin\" rel=\"nofollow noopener\" target=\"_blank\">Yoweri Musevenin<\/a>, 81, joka on johtanut Ugandaa <a class=\"underline underline-offset-[0.12em] [text-decoration-thickness:var(--generic-link-underline-thickness)] [text-decoration-color:var(--generic-link-underline-color)] [text-decoration-skip-ink:var(--generic-link-underline-skip-ink)] break-words\" href=\"https:\/\/www.hs.fi\/maailma\/art-2000011591751.html\" rel=\"nofollow noopener\" target=\"_blank\">jo vuodesta 1986<\/a>. Harva kuitenkaan uskoo, ett\u00e4 vaalit ovat rehdit.<\/p>\n<p class=\"article-body mb-nof-24 px-nof-16\">Viranomaiset ovat est\u00e4neet p\u00e4\u00e4syn internetiin tiistaista l\u00e4htien, virallisesti est\u00e4\u00e4kseen vaaleja koskevaa \u201dmisinformaatiota\u201d levi\u00e4m\u00e4st\u00e4.<\/p>\n<p class=\"article-body mb-nof-24 px-nof-16\">Turvallisuusjoukot ovat avanneet tulen useampaan kertaan Winen kampanjatilaisuuksissa, tappaneet ainakin yhden ihmisen ja pid\u00e4tt\u00e4neet satoja Winen kannattajia, kertoi Reuters.<\/p>\n<p class=\"article-body mb-nof-24 px-nof-16\">My\u00f6s riippumattomien toimittajien ty\u00f6t\u00e4 on h\u00e4iritty. Ihmisoikeusj\u00e4rjest\u00f6 Human Rights Watchin mukaan t\u00e4ll\u00e4 viikolla m\u00e4\u00e4r\u00e4ttiin suljettavaksi kymmenen kansalaisj\u00e4rjest\u00f6\u00e4, osa niist\u00e4 vaalitarkkailijoita.<\/p>\n<p class=\"article-body mb-nof-24 px-nof-16\">\u201dTiedostamme hyvin, ett\u00e4 he aikovat peukaloida vaalit, hy\u00f6k\u00e4t\u00e4 ihmisi\u00e4 vastaan ja tappaa ihmisi\u00e4, eiv\u00e4tk\u00e4 he halua maailman n\u00e4kev\u00e4n sit\u00e4\u201d, Wine sanoi AFP:lle vaalien aattona keskiviikkona.<\/p>\n<p><img decoding=\"async\" src=\"https:\/\/www.europesays.com\/fi\/wp-content\/uploads\/2026\/01\/1768547708_722_468.jpg\" alt=\"Bobi Wine, oikealta nimelt\u00e4\u00e4n Robert Kyagulanyi, puhui lehdist\u00f6tilaisuudessa kotonaan Mageressa torstaina ennen l\u00e4ht\u00f6\u00e4\u00e4n \u00e4\u00e4nest\u00e4m\u00e4\u00e4n.\" class=\"_Img_1rerz_1\" style=\"aspect-ratio:0.7072916666666667\" loading=\"eager\"\/><\/p>\n<p class=\"article-picture-caption\">Bobi Wine, oikealta nimelt\u00e4\u00e4n Robert Kyagulanyi, puhui lehdist\u00f6tilaisuudessa kotonaan Mageressa torstaina ennen l\u00e4ht\u00f6\u00e4\u00e4n \u00e4\u00e4nest\u00e4m\u00e4\u00e4n. Kuva:\u00a0Thomas Mukoya<\/p>\n<p class=\"article-body mb-nof-24 px-nof-16\">Vaalip\u00e4iv\u00e4n\u00e4 torstaina \u00e4\u00e4nest\u00e4jien henkil\u00f6yden vahvistavat biometriset tunnistuslaitteet takkuilivat, eik\u00e4 kaikille \u00e4\u00e4nestyspaikoille ollut toimitettu vaaliuurnia \u00e4\u00e4nestyslippujen j\u00e4tt\u00e4mist\u00e4 varten.<\/p>\n<p class=\"article-body mb-nof-24 px-nof-16\">Jopa presidentti Museveni kertoi, ett\u00e4 h\u00e4nell\u00e4 oli vaikeuksia \u00e4\u00e4nest\u00e4\u00e4.<\/p>\n<p class=\"article-body mb-nof-24 px-nof-16\">\u201dAnnoin oikean peukalonj\u00e4lkeni. Laite ei hyv\u00e4ksynyt sit\u00e4. Tarjosin vasenta, eik\u00e4 se hyv\u00e4ksynyt sit\u00e4\u201d, Museveni sanoi toimittajille uutistoimisto AFP:n mukaan.<\/p>\n<p class=\"article-body mb-nof-24 px-nof-16\">Musevenin mukaan laite lopulta tunnisti h\u00e4net kasvoskannauksella ja antoi h\u00e4nen \u00e4\u00e4nest\u00e4\u00e4. Sen j\u00e4lkeen presidentti ennakoi toimittajille saavansa 80 prosenttia \u00e4\u00e4nist\u00e4, \u201djos ei ole vilppi\u00e4\u201d, kertoi Reuters.<\/p>\n<p><img decoding=\"async\" src=\"https:\/\/www.europesays.com\/fi\/wp-content\/uploads\/2026\/01\/1768547708_745_468.jpg\" alt=\"Presidentti Yoweri Musevenin kampanjarekka ajoi Kampalassa tiistaina.\" class=\"_Img_1rerz_1\" style=\"aspect-ratio:1.5165876777251184\" loading=\"eager\"\/><\/p>\n<p class=\"article-picture-caption\">Presidentti Yoweri Musevenin kampanjarekka ajoi Kampalassa tiistaina. Kuva:\u00a0Thomas Mukoya \/ Reuters<\/p>\n<p class=\"article-body mb-nof-24 px-nof-16\">\u201dKaikki heid\u00e4n toimensa ovat tarkoituksellista sumutusta\u201d, Bobi Winen edustaman NUP-puolueen p\u00e4\u00e4sihteeri <a class=\"font-bold underline-offset-[0.12em] [text-decoration:var(--person-link-text-decoration)] ![text-decoration-color:var(--person-link-text-decoration-color)]\" href=\"https:\/\/www.hs.fi\/haku\/?query=David%20Lewis%20Rubongoya\" rel=\"nofollow noopener\" target=\"_blank\">David Lewis Rubongoya<\/a> sanoi AFP:lle.<\/p>\n<p class=\"article-body mb-nof-24 px-nof-16\">H\u00e4nen mukaansa \u00e4\u00e4ni\u00e4 ei annettu koko aamuna suurissa osissa p\u00e4\u00e4kaupunki Kampalaa.<\/p>\n<p class=\"article-body mb-nof-24 px-nof-16\">\u201dHe yritt\u00e4v\u00e4t varastaa vaalit\u201d, arvioi AFP:lle parikymppinen nainen <a class=\"font-bold underline-offset-[0.12em] [text-decoration:var(--person-link-text-decoration)] ![text-decoration-color:var(--person-link-text-decoration-color)]\" href=\"https:\/\/www.hs.fi\/haku\/?query=Respy\" rel=\"nofollow noopener\" target=\"_blank\">Respy<\/a>, joka ei halunnut paljastaa sukunime\u00e4\u00e4n. <\/p>\n<p class=\"article-body mb-nof-24 px-nof-16\">Monin paikoin \u00e4\u00e4nestys ei ollut p\u00e4\u00e4ssyt alkamaan useita tunteja vaaliuurnien avautumisen j\u00e4lkeen. Er\u00e4\u00e4ll\u00e4 \u00e4\u00e4nestyspaikalla Kampalan laitamilla vaalivirkailijat p\u00e4\u00e4ttiv\u00e4t nelj\u00e4n tunnin kohdalla alkaa tunnistaa ihmisi\u00e4 vanhaan malliin, raportoi AFP. Tuloksia on lupailtu kahden vuorokauden sis\u00e4ll\u00e4.<\/p>\n<p class=\"article-body mb-nof-24 px-nof-16\">Turvallisuusjoukkojen l\u00e4sn\u00e4olo oli monin paikoin n\u00e4kyv\u00e4\u00e4, mill\u00e4 hallinnon uskotaan varautuvan opposition kannattajien mielenosoituksiin. Ugandan naapurimaissa Keniassa ja Tansaniassa on n\u00e4hty viime kuukausina laajoja demokratia-aktivistien mielenosoituksia.<\/p>\n<p class=\"article-body mb-nof-24 px-nof-16\">Ugandassa on 50 miljoonaa asukasta, vaikka maan pinta-ala on vain kaksi kolmasosaa Suomesta. V\u00e4kiluku on kaksinkertaistunut 25 vuodessa. Ugandalaisten keski-ik\u00e4 on vain 16 vuotta.<\/p>\n<p class=\"article-body mb-nof-24 px-nof-16\">Viime vaaleissa vuonna 2021 viralliset tulokset kertoivat Musevenin voittaneen Winen prosentein 58\u201335, mutta oppositio ja ulkovallat ep\u00e4iliv\u00e4t tulosta peukaloiduksi ja tuomitsivat opposition ehdokkaisiin kohdistuneet turvallisuusviranomaisten vainot.<\/p>\n<p class=\"article-body mb-nof-24 px-nof-16\">\u201dOlemme tuhoon tuomittuja, jos emme taistele alistavaa j\u00e4rjestelm\u00e4\u00e4 vastaan. Olemme tuhoon tuomittuja, jos istumme tekem\u00e4tt\u00e4 mit\u00e4\u00e4n\u201d, Wine sanoi <a class=\"underline underline-offset-[0.12em] [text-decoration-thickness:var(--generic-link-underline-thickness)] [text-decoration-color:var(--generic-link-underline-color)] [text-decoration-skip-ink:var(--generic-link-underline-skip-ink)] break-words\" href=\"https:\/\/www.hs.fi\/maailma\/art-2000008139616.html\" rel=\"nofollow noopener\" target=\"_blank\">HS:n haastattelussa<\/a> kotonaan vaalien j\u00e4lkeen.<\/p>\n<p class=\"article-body mb-nof-24 px-nof-16\">Kannattajat n\u00e4kev\u00e4t Musevenin johtajana, joka lopetti Ugandan itsen\u00e4istymist\u00e4 seuranneet kaaoksen vuodet nousemalla valtaan sis\u00e4llissodan p\u00e4\u00e4tteeksi vuonna 1986 ja ohjasi maan nopean talouskasvun tielle.<\/p>\n<p class=\"article-body mb-nof-24 px-nof-16\">\u201dMaassa on oikein rauhallista ja turvallista. Puolue on hyvin j\u00e4rjest\u00e4ytynyt\u201d, Musevenin kannattaja <a class=\"font-bold underline-offset-[0.12em] [text-decoration:var(--person-link-text-decoration)] ![text-decoration-color:var(--person-link-text-decoration-color)]\" href=\"https:\/\/www.hs.fi\/haku\/?query=Angee%20Abraham%20Lincoln\" rel=\"nofollow noopener\" target=\"_blank\">Angee Abraham Lincoln<\/a>, 42, sanoi AFP:lle \u00e4\u00e4nestyspaikalla Kampalassa.<\/p>\n<p class=\"article-body mb-nof-24 px-nof-16\">L\u00e4nsimaat ovat katsoneet Musevenin itsevaltaisuutta sormien l\u00e4pi, koska ne ovat n\u00e4hneet Ugandan strategisena kumppanina muun muassa kamppailussa It\u00e4-Afrikan terroristiliikkeit\u00e4 vastaan.<\/p>\n<p><img decoding=\"async\" src=\"https:\/\/images.sanoma-sndp.fi\/aadd563646792b3ba18740c138672f86.svg\" alt=\"\" class=\"_Img_1rerz_1\" style=\"aspect-ratio:0.7666666666666667\" loading=\"eager\"\/><\/p>\n","protected":false},"excerpt":{"rendered":"Lue tiivistelm\u00e4 Ugandan presidentinvaaleissa oppositio syytt\u00e4\u00e4 valtapuoluetta \u00e4\u00e4nestyksen tahallisesta vaikeuttamisesta. Oppositioehdokas Bobi Winen kannattajia on pid\u00e4tetty satoja, ja&hellip;\n","protected":false},"author":2,"featured_media":143762,"comment_status":"","ping_status":"","sticky":false,"template":"","format":"standard","meta":{"footnotes":""},"categories":[5],"tags":[22,23,26,27,33,31,30,17,46,24,25,28,29,15,18,21,32,19,20,16],"class_list":{"0":"post-143761","1":"post","2":"type-post","3":"status-publish","4":"format-standard","5":"has-post-thumbnail","7":"category-otsikot","8":"tag-breaking-news","9":"tag-breakingnews","10":"tag-featured-news","11":"tag-featurednews","12":"tag-fi","13":"tag-finland","14":"tag-finnish","15":"tag-headlines","16":"tag-helsingin-sanomat","17":"tag-latest-news","18":"tag-latestnews","19":"tag-main-news","20":"tag-mainnews","21":"tag-news","22":"tag-otsikot","23":"tag-paauutiset","24":"tag-suomi","25":"tag-top-stories","26":"tag-topstories","27":"tag-uutiset"},"share_on_mastodon":{"url":"https:\/\/pubeurope.com\/@fi\/115903550145230605","error":""},"_links":{"self":[{"href":"https:\/\/www.europesays.com\/fi\/wp-json\/wp\/v2\/posts\/143761","targetHints":{"allow":["GET"]}}],"collection":[{"href":"https:\/\/www.europesays.com\/fi\/wp-json\/wp\/v2\/posts"}],"about":[{"href":"https:\/\/www.europesays.com\/fi\/wp-json\/wp\/v2\/types\/post"}],"author":[{"embeddable":true,"href":"https:\/\/www.europesays.com\/fi\/wp-json\/wp\/v2\/users\/2"}],"replies":[{"embeddable":true,"href":"https:\/\/www.europesays.com\/fi\/wp-json\/wp\/v2\/comments?post=143761"}],"version-history":[{"count":0,"href":"https:\/\/www.europesays.com\/fi\/wp-json\/wp\/v2\/posts\/143761\/revisions"}],"wp:featuredmedia":[{"embeddable":true,"href":"https:\/\/www.europesays.com\/fi\/wp-json\/wp\/v2\/media\/143762"}],"wp:attachment":[{"href":"https:\/\/www.europesays.com\/fi\/wp-json\/wp\/v2\/media?parent=143761"}],"wp:term":[{"taxonomy":"category","embeddable":true,"href":"https:\/\/www.europesays.com\/fi\/wp-json\/wp\/v2\/categories?post=143761"},{"taxonomy":"post_tag","embeddable":true,"href":"https:\/\/www.europesays.com\/fi\/wp-json\/wp\/v2\/tags?post=143761"}],"curies":[{"name":"wp","href":"https:\/\/api.w.org\/{rel}","templated":true}]}}